{"id":100005,"date":"2023-09-08T18:06:28","date_gmt":"2023-09-08T15:06:28","guid":{"rendered":"https:\/\/www.giurgiuveanul.ro\/stiri\/?p=100005"},"modified":"2023-09-08T18:11:33","modified_gmt":"2023-09-08T15:11:33","slug":"acum-accident-rutier-pe-dn-5-in-zona-localitatii-fratesti","status":"publish","type":"post","link":"https:\/\/www.giurgiuveanul.ro\/stiri\/acum-accident-rutier-pe-dn-5-in-zona-localitatii-fratesti\/","title":{"rendered":"ACUM. ACCIDENT RUTIER pe DN 5, \u00een zona localit\u0103\u0163ii Fr\u0103te\u015fti"},"content":{"rendered":"<p><a href=\"https:\/\/www.giurgiuveanul.ro\/stiri\/wp-content\/uploads\/2023\/08\/nzgwjmg9ndqwjmhhc2g9nja3njy3yzrlogqwnmy5yjflyzzlmgfkzdgwmzdjzgi-thumb.jpg\"><img loading=\"lazy\" decoding=\"async\" class=\"aligncenter wp-image-99752\" src=\"https:\/\/www.giurgiuveanul.ro\/stiri\/wp-content\/uploads\/2023\/08\/nzgwjmg9ndqwjmhhc2g9nja3njy3yzrlogqwnmy5yjflyzzlmgfkzdgwmzdjzgi-thumb-560x316.jpg\" alt=\"\" width=\"574\" height=\"324\" srcset=\"https:\/\/www.giurgiuveanul.ro\/stiri\/wp-content\/uploads\/2023\/08\/nzgwjmg9ndqwjmhhc2g9nja3njy3yzrlogqwnmy5yjflyzzlmgfkzdgwmzdjzgi-thumb-560x316.jpg 560w, https:\/\/www.giurgiuveanul.ro\/stiri\/wp-content\/uploads\/2023\/08\/nzgwjmg9ndqwjmhhc2g9nja3njy3yzrlogqwnmy5yjflyzzlmgfkzdgwmzdjzgi-thumb-250x141.jpg 250w, https:\/\/www.giurgiuveanul.ro\/stiri\/wp-content\/uploads\/2023\/08\/nzgwjmg9ndqwjmhhc2g9nja3njy3yzrlogqwnmy5yjflyzzlmgfkzdgwmzdjzgi-thumb-768x433.jpg 768w, https:\/\/www.giurgiuveanul.ro\/stiri\/wp-content\/uploads\/2023\/08\/nzgwjmg9ndqwjmhhc2g9nja3njy3yzrlogqwnmy5yjflyzzlmgfkzdgwmzdjzgi-thumb-400x226.jpg 400w, https:\/\/www.giurgiuveanul.ro\/stiri\/wp-content\/uploads\/2023\/08\/nzgwjmg9ndqwjmhhc2g9nja3njy3yzrlogqwnmy5yjflyzzlmgfkzdgwmzdjzgi-thumb.jpg 1200w\" sizes=\"auto, (max-width: 574px) 100vw, 574px\" \/><\/a>\u00cen urm\u0103 cu pu\u0163in timp<!--more--> s-a produs un accident rutier pe DN 5, \u00een zona localit\u0103\u0163ii Fr\u0103te\u015fti.<\/p>\n<p>\u00cen evenimentul rutier sunt implicate un TIR si un autoturism.<\/p>\n<p>Vom reveni cu am\u0103nunte.<\/p>\n","protected":false},"excerpt":{"rendered":"<p>\u00cen urm\u0103 cu pu\u0163in timp<\/p>\n","protected":false},"author":1,"featured_media":0,"comment_status":"open","ping_status":"open","sticky":false,"template":"","format":"standard","meta":{"footnotes":""},"categories":[6],"tags":[],"class_list":["post-100005","post","type-post","status-publish","format-standard","hentry","category-breaking-news"],"_links":{"self":[{"href":"https:\/\/www.giurgiuveanul.ro\/stiri\/wp-json\/wp\/v2\/posts\/100005","targetHints":{"allow":["GET"]}}],"collection":[{"href":"https:\/\/www.giurgiuveanul.ro\/stiri\/wp-json\/wp\/v2\/posts"}],"about":[{"href":"https:\/\/www.giurgiuveanul.ro\/stiri\/wp-json\/wp\/v2\/types\/post"}],"author":[{"embeddable":true,"href":"https:\/\/www.giurgiuveanul.ro\/stiri\/wp-json\/wp\/v2\/users\/1"}],"replies":[{"embeddable":true,"href":"https:\/\/www.giurgiuveanul.ro\/stiri\/wp-json\/wp\/v2\/comments?post=100005"}],"version-history":[{"count":0,"href":"https:\/\/www.giurgiuveanul.ro\/stiri\/wp-json\/wp\/v2\/posts\/100005\/revisions"}],"wp:attachment":[{"href":"https:\/\/www.giurgiuveanul.ro\/stiri\/wp-json\/wp\/v2\/media?parent=100005"}],"wp:term":[{"taxonomy":"category","embeddable":true,"href":"https:\/\/www.giurgiuveanul.ro\/stiri\/wp-json\/wp\/v2\/categories?post=100005"},{"taxonomy":"post_tag","embeddable":true,"href":"https:\/\/www.giurgiuveanul.ro\/stiri\/wp-json\/wp\/v2\/tags?post=100005"}],"curies":[{"name":"wp","href":"https:\/\/api.w.org\/{rel}","templated":true}]}}