{"id":100009,"date":"2023-09-08T18:18:34","date_gmt":"2023-09-08T15:18:34","guid":{"rendered":"https:\/\/www.giurgiuveanul.ro\/stiri\/?p=100009"},"modified":"2023-09-08T18:29:50","modified_gmt":"2023-09-08T15:29:50","slug":"isu-giurgiu-informatii-despre-accidentul-rutier-de-pe-dn-5-foto","status":"publish","type":"post","link":"https:\/\/www.giurgiuveanul.ro\/stiri\/isu-giurgiu-informatii-despre-accidentul-rutier-de-pe-dn-5-foto\/","title":{"rendered":"ISU \u015fi IPJ Giurgiu &#8211; informa\u0163ii despre accidentul rutier de pe DN 5 (FOTO)"},"content":{"rendered":"<p style=\"text-align: justify;\"><strong><a href=\"https:\/\/www.giurgiuveanul.ro\/stiri\/wp-content\/uploads\/2023\/09\/Untitled.jpeg\"><img loading=\"lazy\" decoding=\"async\" class=\"aligncenter wp-image-100010\" src=\"https:\/\/www.giurgiuveanul.ro\/stiri\/wp-content\/uploads\/2023\/09\/Untitled-487x450.jpeg\" alt=\"\" width=\"577\" height=\"534\" srcset=\"https:\/\/www.giurgiuveanul.ro\/stiri\/wp-content\/uploads\/2023\/09\/Untitled-487x450.jpeg 487w, https:\/\/www.giurgiuveanul.ro\/stiri\/wp-content\/uploads\/2023\/09\/Untitled-250x231.jpeg 250w, https:\/\/www.giurgiuveanul.ro\/stiri\/wp-content\/uploads\/2023\/09\/Untitled-768x710.jpeg 768w, https:\/\/www.giurgiuveanul.ro\/stiri\/wp-content\/uploads\/2023\/09\/Untitled-400x370.jpeg 400w, https:\/\/www.giurgiuveanul.ro\/stiri\/wp-content\/uploads\/2023\/09\/Untitled.jpeg 1149w\" sizes=\"auto, (max-width: 577px) 100vw, 577px\" \/><\/a>O femeie, \u00een v\u00e2rst\u0103 de 31 de ani, a<!--more--> avut nevoie de \u00eengrijiri medicale \u00een urma unui accident rutier ce s-a produs, \u00een aceast\u0103 dup\u0103-amiaz\u0103, pe DN5, \u00eentre localita\u021bile Remu\u0219 \u0219i Daia (zona Bibi\u021ba), pe sensul de mers c\u0103tre Giurgiu, informeaz\u0103 ISU Giurgiu.<\/strong><\/p>\n<p><a href=\"https:\/\/www.giurgiuveanul.ro\/stiri\/wp-content\/uploads\/2023\/09\/11.jpeg\"><img loading=\"lazy\" decoding=\"async\" class=\"aligncenter  wp-image-100019\" src=\"https:\/\/www.giurgiuveanul.ro\/stiri\/wp-content\/uploads\/2023\/09\/11-296x450.jpeg\" alt=\"\" width=\"571\" height=\"868\" srcset=\"https:\/\/www.giurgiuveanul.ro\/stiri\/wp-content\/uploads\/2023\/09\/11-296x450.jpeg 296w, https:\/\/www.giurgiuveanul.ro\/stiri\/wp-content\/uploads\/2023\/09\/11-197x300.jpeg 197w, https:\/\/www.giurgiuveanul.ro\/stiri\/wp-content\/uploads\/2023\/09\/11-768x1169.jpeg 768w, https:\/\/www.giurgiuveanul.ro\/stiri\/wp-content\/uploads\/2023\/09\/11-1009x1536.jpeg 1009w, https:\/\/www.giurgiuveanul.ro\/stiri\/wp-content\/uploads\/2023\/09\/11-394x600.jpeg 394w, https:\/\/www.giurgiuveanul.ro\/stiri\/wp-content\/uploads\/2023\/09\/11.jpeg 1152w\" sizes=\"auto, (max-width: 571px) 100vw, 571px\" \/><\/a> <a href=\"https:\/\/www.giurgiuveanul.ro\/stiri\/wp-content\/uploads\/2023\/09\/111.jpeg\"><img loading=\"lazy\" decoding=\"async\" class=\"aligncenter  wp-image-100020\" src=\"https:\/\/www.giurgiuveanul.ro\/stiri\/wp-content\/uploads\/2023\/09\/111-560x315.jpeg\" alt=\"\" width=\"564\" height=\"317\" srcset=\"https:\/\/www.giurgiuveanul.ro\/stiri\/wp-content\/uploads\/2023\/09\/111-560x315.jpeg 560w, https:\/\/www.giurgiuveanul.ro\/stiri\/wp-content\/uploads\/2023\/09\/111-250x141.jpeg 250w, https:\/\/www.giurgiuveanul.ro\/stiri\/wp-content\/uploads\/2023\/09\/111-768x432.jpeg 768w, https:\/\/www.giurgiuveanul.ro\/stiri\/wp-content\/uploads\/2023\/09\/111-1536x864.jpeg 1536w, https:\/\/www.giurgiuveanul.ro\/stiri\/wp-content\/uploads\/2023\/09\/111-400x225.jpeg 400w, https:\/\/www.giurgiuveanul.ro\/stiri\/wp-content\/uploads\/2023\/09\/111.jpeg 2048w\" sizes=\"auto, (max-width: 564px) 100vw, 564px\" \/><\/a><\/p>\n<p>\u00cen eveniment au fost implicate un autoturism \u0219i un autotren.<\/p>\n<p>Femeia, pasager\u0103 \u00een autoturism, a fost preluat\u0103 de echipajul SMURD \u0219i transportat\u0103 la Unitatea de Primiri Urgen\u021be Giurgiu.<\/p>\n<p>La fa\u021ba locului s-au deplasat pompierii din cadrul Deta\u0219amentului Giurgiu, cu o autospecial\u0103 de stingere, dou\u0103 ambulan\u021be SMURD \u0219i SAJ.<\/p>\n<p>Pompierii au asigurat m\u0103surile de prevenire a incendiilor prin deconectarea bornelor de la bateria autoturismului.<\/p>\n<p>Cazul a r\u0103mas \u00een aten\u021bia Poli\u021biei pentru cercet\u0103ri.<\/p>\n<p>&nbsp;<\/p>\n<p><strong>UPDATE<\/strong><\/p>\n<p>&nbsp;<\/p>\n<p><span style=\"color: #ff0000;\"><strong>Ce spune IPJ Giurgiu<\/strong><\/span><\/p>\n<p style=\"text-align: justify;\">Ast\u0103zi, ora 17.35, pe D.N 5, \u00een afara localit\u0103\u021bii Fr\u0103te\u0219ti, jude\u021bul Giurgiu, a avut loc un eveniment rutier, \u00eentre un autotren \u0219i un autoturism.<\/p>\n<p style=\"text-align: justify;\">\u00cen urma producerii evenimentului rutier, a rezultat r\u0103nirea unei pasagere, o femeie de 31 de ani, cet\u0103\u021bean turc, care a fost transportat\u0103 la spital, pentru acordarea de \u00eengrijiri medicale.<\/p>\n<p style=\"text-align: justify;\">Ambii conduc\u0103tori auto, doi b\u0103rba\u021bi de 38, respectiv 52 de ani, cet\u0103\u021beni turci, au fost testa\u021bi cu aparatul etilotest, rezultatele fiind 0.<\/p>\n<p style=\"text-align: justify;\">Poli\u021bi\u0219tii continu\u0103 cercet\u0103rile sub aspectul s\u0103v\u00e2r\u0219irii infrac\u021biunii de v\u0103t\u0103mare corporal\u0103 din culp\u0103, se arat\u0103 \u00een comunicatul IPJ Giurgiu.<\/p>\n","protected":false},"excerpt":{"rendered":"<p>O femeie, \u00een v\u00e2rst\u0103 de 31 de ani, a<\/p>\n","protected":false},"author":1,"featured_media":0,"comment_status":"open","ping_status":"open","sticky":false,"template":"","format":"standard","meta":{"footnotes":""},"categories":[6],"tags":[],"class_list":["post-100009","post","type-post","status-publish","format-standard","hentry","category-breaking-news"],"_links":{"self":[{"href":"https:\/\/www.giurgiuveanul.ro\/stiri\/wp-json\/wp\/v2\/posts\/100009","targetHints":{"allow":["GET"]}}],"collection":[{"href":"https:\/\/www.giurgiuveanul.ro\/stiri\/wp-json\/wp\/v2\/posts"}],"about":[{"href":"https:\/\/www.giurgiuveanul.ro\/stiri\/wp-json\/wp\/v2\/types\/post"}],"author":[{"embeddable":true,"href":"https:\/\/www.giurgiuveanul.ro\/stiri\/wp-json\/wp\/v2\/users\/1"}],"replies":[{"embeddable":true,"href":"https:\/\/www.giurgiuveanul.ro\/stiri\/wp-json\/wp\/v2\/comments?post=100009"}],"version-history":[{"count":0,"href":"https:\/\/www.giurgiuveanul.ro\/stiri\/wp-json\/wp\/v2\/posts\/100009\/revisions"}],"wp:attachment":[{"href":"https:\/\/www.giurgiuveanul.ro\/stiri\/wp-json\/wp\/v2\/media?parent=100009"}],"wp:term":[{"taxonomy":"category","embeddable":true,"href":"https:\/\/www.giurgiuveanul.ro\/stiri\/wp-json\/wp\/v2\/categories?post=100009"},{"taxonomy":"post_tag","embeddable":true,"href":"https:\/\/www.giurgiuveanul.ro\/stiri\/wp-json\/wp\/v2\/tags?post=100009"}],"curies":[{"name":"wp","href":"https:\/\/api.w.org\/{rel}","templated":true}]}}