{"id":100025,"date":"2023-09-10T11:21:28","date_gmt":"2023-09-10T08:21:28","guid":{"rendered":"https:\/\/www.giurgiuveanul.ro\/stiri\/?p=100025"},"modified":"2023-09-11T11:26:37","modified_gmt":"2023-09-11T08:26:37","slug":"floraria-antonias-flower-paradise-va-ofera-buchete-si-aranjamente-florale-speciale-pentru-prima-zi-de-scoala","status":"publish","type":"post","link":"https:\/\/www.giurgiuveanul.ro\/stiri\/floraria-antonias-flower-paradise-va-ofera-buchete-si-aranjamente-florale-speciale-pentru-prima-zi-de-scoala\/","title":{"rendered":"Flor\u0103ria \u201eAntonia\u2019s Flower Paradise\u201d v\u0103 ofer\u0103 buchete \u015fi aranjamente florale speciale&#8230; pentru prima zi de \u015fcoal\u0103!"},"content":{"rendered":"<p style=\"text-align: justify;\"><strong><a href=\"https:\/\/www.giurgiuveanul.ro\/stiri\/wp-content\/uploads\/2023\/09\/1-2.jpg\"><img loading=\"lazy\" decoding=\"async\" class=\"aligncenter wp-image-100026\" src=\"https:\/\/www.giurgiuveanul.ro\/stiri\/wp-content\/uploads\/2023\/09\/1-2-560x383.jpg\" alt=\"\" width=\"580\" height=\"397\" srcset=\"https:\/\/www.giurgiuveanul.ro\/stiri\/wp-content\/uploads\/2023\/09\/1-2-560x383.jpg 560w, https:\/\/www.giurgiuveanul.ro\/stiri\/wp-content\/uploads\/2023\/09\/1-2-250x171.jpg 250w, https:\/\/www.giurgiuveanul.ro\/stiri\/wp-content\/uploads\/2023\/09\/1-2-768x525.jpg 768w, https:\/\/www.giurgiuveanul.ro\/stiri\/wp-content\/uploads\/2023\/09\/1-2-1536x1051.jpg 1536w, https:\/\/www.giurgiuveanul.ro\/stiri\/wp-content\/uploads\/2023\/09\/1-2-400x274.jpg 400w, https:\/\/www.giurgiuveanul.ro\/stiri\/wp-content\/uploads\/2023\/09\/1-2.jpg 2048w\" sizes=\"auto, (max-width: 580px) 100vw, 580px\" \/><\/a>Prima zi de \u0219coal\u0103 bate la u\u015f\u0103. \u00centotdeauna este \u00eent\u00e2mpinat\u0103 cu emo\u0163ii&#8230; \u015fi flori. Pe l\u00e2ng\u0103 faptul c\u0103 e magic, buchetul de flori este<!--more--> un simbol \u015fi o tradi\u0163ie.<\/strong><\/p>\n<p style=\"text-align: justify;\">Flor\u0103ria <strong>\u201eAntonia\u2019s Flower Paradise\u201d, situat\u0103 pe strada Mihail Sadoveanu, nr.21,<\/strong> v\u0103 a\u015fteapt\u0103 cu buchete, co\u015furi cu flori, cutii cu flori sau aranjamente florale speciale pentru \u00eenceputul \u015fcolii!<\/p>\n<p><a href=\"https:\/\/www.giurgiuveanul.ro\/stiri\/wp-content\/uploads\/2023\/09\/2-1.jpg\"><img loading=\"lazy\" decoding=\"async\" class=\"aligncenter wp-image-100028\" src=\"https:\/\/www.giurgiuveanul.ro\/stiri\/wp-content\/uploads\/2023\/09\/2-1-560x345.jpg\" alt=\"\" width=\"583\" height=\"359\" srcset=\"https:\/\/www.giurgiuveanul.ro\/stiri\/wp-content\/uploads\/2023\/09\/2-1-560x345.jpg 560w, https:\/\/www.giurgiuveanul.ro\/stiri\/wp-content\/uploads\/2023\/09\/2-1-250x154.jpg 250w, https:\/\/www.giurgiuveanul.ro\/stiri\/wp-content\/uploads\/2023\/09\/2-1-768x473.jpg 768w, https:\/\/www.giurgiuveanul.ro\/stiri\/wp-content\/uploads\/2023\/09\/2-1-1536x947.jpg 1536w, https:\/\/www.giurgiuveanul.ro\/stiri\/wp-content\/uploads\/2023\/09\/2-1-400x246.jpg 400w, https:\/\/www.giurgiuveanul.ro\/stiri\/wp-content\/uploads\/2023\/09\/2-1.jpg 2048w\" sizes=\"auto, (max-width: 583px) 100vw, 583px\" \/><\/a> <a href=\"https:\/\/www.giurgiuveanul.ro\/stiri\/wp-content\/uploads\/2023\/09\/3-1.jpg\"><img loading=\"lazy\" decoding=\"async\" class=\"aligncenter wp-image-100029\" src=\"https:\/\/www.giurgiuveanul.ro\/stiri\/wp-content\/uploads\/2023\/09\/3-1-560x366.jpg\" alt=\"\" width=\"583\" height=\"381\" srcset=\"https:\/\/www.giurgiuveanul.ro\/stiri\/wp-content\/uploads\/2023\/09\/3-1-560x366.jpg 560w, https:\/\/www.giurgiuveanul.ro\/stiri\/wp-content\/uploads\/2023\/09\/3-1-250x163.jpg 250w, https:\/\/www.giurgiuveanul.ro\/stiri\/wp-content\/uploads\/2023\/09\/3-1-768x502.jpg 768w, https:\/\/www.giurgiuveanul.ro\/stiri\/wp-content\/uploads\/2023\/09\/3-1-1536x1004.jpg 1536w, https:\/\/www.giurgiuveanul.ro\/stiri\/wp-content\/uploads\/2023\/09\/3-1-400x261.jpg 400w, https:\/\/www.giurgiuveanul.ro\/stiri\/wp-content\/uploads\/2023\/09\/3-1.jpg 1875w\" sizes=\"auto, (max-width: 583px) 100vw, 583px\" \/><\/a> <a href=\"https:\/\/www.giurgiuveanul.ro\/stiri\/wp-content\/uploads\/2023\/09\/4-1.jpg\"><img loading=\"lazy\" decoding=\"async\" class=\"aligncenter wp-image-100030\" src=\"https:\/\/www.giurgiuveanul.ro\/stiri\/wp-content\/uploads\/2023\/09\/4-1-560x273.jpg\" alt=\"\" width=\"585\" height=\"285\" srcset=\"https:\/\/www.giurgiuveanul.ro\/stiri\/wp-content\/uploads\/2023\/09\/4-1-560x273.jpg 560w, https:\/\/www.giurgiuveanul.ro\/stiri\/wp-content\/uploads\/2023\/09\/4-1-250x122.jpg 250w, https:\/\/www.giurgiuveanul.ro\/stiri\/wp-content\/uploads\/2023\/09\/4-1-768x374.jpg 768w, https:\/\/www.giurgiuveanul.ro\/stiri\/wp-content\/uploads\/2023\/09\/4-1-1536x748.jpg 1536w, https:\/\/www.giurgiuveanul.ro\/stiri\/wp-content\/uploads\/2023\/09\/4-1-2048x998.jpg 2048w, https:\/\/www.giurgiuveanul.ro\/stiri\/wp-content\/uploads\/2023\/09\/4-1-400x195.jpg 400w\" sizes=\"auto, (max-width: 585px) 100vw, 585px\" \/><\/a> <a href=\"https:\/\/www.giurgiuveanul.ro\/stiri\/wp-content\/uploads\/2023\/09\/5-1.jpg\"><img loading=\"lazy\" decoding=\"async\" class=\"aligncenter wp-image-100031\" src=\"https:\/\/www.giurgiuveanul.ro\/stiri\/wp-content\/uploads\/2023\/09\/5-1-560x343.jpg\" alt=\"\" width=\"580\" height=\"355\" srcset=\"https:\/\/www.giurgiuveanul.ro\/stiri\/wp-content\/uploads\/2023\/09\/5-1-560x343.jpg 560w, https:\/\/www.giurgiuveanul.ro\/stiri\/wp-content\/uploads\/2023\/09\/5-1-250x153.jpg 250w, https:\/\/www.giurgiuveanul.ro\/stiri\/wp-content\/uploads\/2023\/09\/5-1-768x470.jpg 768w, https:\/\/www.giurgiuveanul.ro\/stiri\/wp-content\/uploads\/2023\/09\/5-1-1536x941.jpg 1536w, https:\/\/www.giurgiuveanul.ro\/stiri\/wp-content\/uploads\/2023\/09\/5-1-400x245.jpg 400w, https:\/\/www.giurgiuveanul.ro\/stiri\/wp-content\/uploads\/2023\/09\/5-1.jpg 2048w\" sizes=\"auto, (max-width: 580px) 100vw, 580px\" \/><\/a><\/p>\n<p style=\"text-align: justify;\">La flor\u0103ria \u201eAntonia\u2019s Flower Paradise\u201d g\u0103si\u0163i un sortiment variat de flori, buchete \u015fi aranjamente florale astfel \u00eenc\u0103t s\u0103 poat\u0103 satisface cele mai exigente preferin\u0163e \u015fi s\u0103 acomodeze orice buget.<\/p>\n<p style=\"text-align: justify;\">Dup\u0103 cum v-am mai spus, o flor\u0103rie e ca o cas\u0103 \u2013 are locuitorii ei \u015fi o poveste proprie. \u201eAntonia\u2019s Flower Paradise\u201d v\u0103 recreeaz\u0103 cotidianul, color\u00e2ndu-v\u0103 via\u0163a cu cele mai frumoase ghivece cu flori, buchete sau aranjamente florale.<\/p>\n","protected":false},"excerpt":{"rendered":"<p>Prima zi de \u0219coal\u0103 bate la u\u015f\u0103. \u00centotdeauna este \u00eent\u00e2mpinat\u0103 cu emo\u0163ii&#8230; \u015fi flori. Pe l\u00e2ng\u0103 faptul c\u0103 e magic, buchetul de flori este<\/p>\n","protected":false},"author":1,"featured_media":0,"comment_status":"open","ping_status":"open","sticky":false,"template":"","format":"standard","meta":{"footnotes":""},"categories":[6],"tags":[],"class_list":["post-100025","post","type-post","status-publish","format-standard","hentry","category-breaking-news"],"_links":{"self":[{"href":"https:\/\/www.giurgiuveanul.ro\/stiri\/wp-json\/wp\/v2\/posts\/100025","targetHints":{"allow":["GET"]}}],"collection":[{"href":"https:\/\/www.giurgiuveanul.ro\/stiri\/wp-json\/wp\/v2\/posts"}],"about":[{"href":"https:\/\/www.giurgiuveanul.ro\/stiri\/wp-json\/wp\/v2\/types\/post"}],"author":[{"embeddable":true,"href":"https:\/\/www.giurgiuveanul.ro\/stiri\/wp-json\/wp\/v2\/users\/1"}],"replies":[{"embeddable":true,"href":"https:\/\/www.giurgiuveanul.ro\/stiri\/wp-json\/wp\/v2\/comments?post=100025"}],"version-history":[{"count":0,"href":"https:\/\/www.giurgiuveanul.ro\/stiri\/wp-json\/wp\/v2\/posts\/100025\/revisions"}],"wp:attachment":[{"href":"https:\/\/www.giurgiuveanul.ro\/stiri\/wp-json\/wp\/v2\/media?parent=100025"}],"wp:term":[{"taxonomy":"category","embeddable":true,"href":"https:\/\/www.giurgiuveanul.ro\/stiri\/wp-json\/wp\/v2\/categories?post=100025"},{"taxonomy":"post_tag","embeddable":true,"href":"https:\/\/www.giurgiuveanul.ro\/stiri\/wp-json\/wp\/v2\/tags?post=100025"}],"curies":[{"name":"wp","href":"https:\/\/api.w.org\/{rel}","templated":true}]}}