{"id":100036,"date":"2023-09-11T11:37:04","date_gmt":"2023-09-11T08:37:04","guid":{"rendered":"https:\/\/www.giurgiuveanul.ro\/stiri\/?p=100036"},"modified":"2023-09-11T11:48:50","modified_gmt":"2023-09-11T08:48:50","slug":"preasfintitul-parinte-ambrozie-episcopul-giurgiului-cuvant-la-deschiderea-noului-an-scolar","status":"publish","type":"post","link":"https:\/\/www.giurgiuveanul.ro\/stiri\/preasfintitul-parinte-ambrozie-episcopul-giurgiului-cuvant-la-deschiderea-noului-an-scolar\/","title":{"rendered":"Preasfin\u0163itul P\u0103rinte Ambrozie, Episcopul Giurgiului: Cuv\u00e2nt la deschiderea noului an \u0219colar"},"content":{"rendered":"<p style=\"text-align: justify;\"><strong><a href=\"https:\/\/www.giurgiuveanul.ro\/stiri\/wp-content\/uploads\/2023\/09\/preasfintitul-Ambrozie-foto.jpg\"><img loading=\"lazy\" decoding=\"async\" class=\"aligncenter wp-image-100037\" src=\"https:\/\/www.giurgiuveanul.ro\/stiri\/wp-content\/uploads\/2023\/09\/preasfintitul-Ambrozie-foto-381x450.jpg\" alt=\"\" width=\"571\" height=\"675\" srcset=\"https:\/\/www.giurgiuveanul.ro\/stiri\/wp-content\/uploads\/2023\/09\/preasfintitul-Ambrozie-foto-381x450.jpg 381w, https:\/\/www.giurgiuveanul.ro\/stiri\/wp-content\/uploads\/2023\/09\/preasfintitul-Ambrozie-foto-250x295.jpg 250w, https:\/\/www.giurgiuveanul.ro\/stiri\/wp-content\/uploads\/2023\/09\/preasfintitul-Ambrozie-foto-768x908.jpg 768w, https:\/\/www.giurgiuveanul.ro\/stiri\/wp-content\/uploads\/2023\/09\/preasfintitul-Ambrozie-foto-400x473.jpg 400w, https:\/\/www.giurgiuveanul.ro\/stiri\/wp-content\/uploads\/2023\/09\/preasfintitul-Ambrozie-foto.jpg 1100w\" sizes=\"auto, (max-width: 571px) 100vw, 571px\" \/><\/a>\u201cNimeni s\u0103 nu dispre\u0163uiasc\u0103 tinere\u0163ile tale, ci f\u0103-te pild\u0103 credincio\u015filor cu cuv\u00e2ntul, cu purtarea, cu dragostea, cu duhul, cu credin\u0163a, cu cur\u0103\u0163ia.\u201d (I Timotei 4, 12)<\/strong><\/p>\n<p style=\"text-align: justify;\"><em>Iubi\u021bi dasc\u0103li \u0219i educatori, dragi p\u0103rin\u021bi \u0219i dragi \u0219colari,<\/em><!--more-->Ne reg\u0103sim cu to\u021bii ast\u0103zi \u00eenc\u0103rca\u021bi de emo\u021bie \u00een prima zi a noului an \u0219colar pe care ni-l dorim pentru to\u021bi plin de realiz\u0103ri \u0219i rezultate c\u00e2t mai bune la \u00eenv\u0103\u021b\u0103tur\u0103, binecuv\u00e2ntat de Dumnezeu cu multe \u00eempliniri \u0219i succese la toate disciplinele \u0219i materiile de studiu.<\/p>\n<p style=\"text-align: justify;\">Societatea noastr\u0103 \u0219i lumea \u00een general trece \u00een aceast\u0103 perioad\u0103 prin profunde transform\u0103ri ce a\u0219tern \u00eenaintea noastr\u0103 provoc\u0103ri pe care suntem meni\u021bi s\u0103 le trecem p\u0103str\u00e2nd credin\u021ba ne\u0219tirbit\u0103, mintea nealterat\u0103 \u0219i capacitatea de a distinge binele de r\u0103u limpede \u0219i f\u0103r\u0103 t\u0103gad\u0103.<\/p>\n<p style=\"text-align: justify;\">Am fost recent cu to\u021bii martori a unor tulbur\u0103toare \u0219tiri despre comportamente deviante ale unor tineri care au \u00een\u021beles din p\u0103cate c\u0103 unica lor sc\u0103pare \u0219i relaxare se confund\u0103 cu abuzul \u0219i consumul de stupefiante ce \u00een unele cazuri a avut urm\u0103ri tragice. \u00cen acela\u0219i mod dezinteresul pentru \u0219coal\u0103, reguli elementare de bun-sim\u021b \u0219i mod de convie\u021buire armonioas\u0103 par s\u0103 fie sugerate tinerei genera\u021bi de pseudo-modele al c\u0103ror unic\u0103 realizare major\u0103 \u00een via\u021b\u0103 e aceea c\u0103 efemer sunt celebri. S\u0103 nu le urma\u021bi, s\u0103 nu prelua\u021bi nimic de la ei, s\u0103 nu crede\u021bi c\u0103 aceasta este re\u021beta unei vie\u021bi reu\u0219ite ci dimpotriv\u0103 are toate ingredientele unui e\u0219ec major despre care \u0218coala \u0219i Biserica sunt datoare s\u0103 v\u0103 fereasc\u0103 sau m\u0103car s\u0103 v\u0103 avertizeze.<\/p>\n<p style=\"text-align: justify;\">Rom\u00e2nia are totu\u0219i \u0219i exemple pozitive, exemple care sunt aproape inexistente \u00een media fie c\u0103 vorbim de media clasic\u0103 sau chiar de prezen\u021ba \u0219i promovarea pe re\u021belele sociale pe care le folosi\u021bi. Chiar dac\u0103 vorbim de sportivi remarcabili a c\u0103ror munc\u0103 \u0219i disciplin\u0103 riguroas\u0103 a dat roadele scontate sau c\u0103 vorbim de olimpiade interna\u021bionale c\u00e2\u0219tigate de elevi rom\u00e2ni \u00een diverse locuri din lume \u0219i la diverse discipline pe to\u021bi \u00eei une\u0219te un singur lucru \u2013 seriozitatea. Mai mult de at\u00e2t am spune responsabilitatea fa\u021b\u0103 de propria persoan\u0103 \u0219i grija de a construi un viitor. Aceste no\u021biuni ce trebuie s\u0103 devin\u0103 principii c\u0103l\u0103uzitoare \u00een via\u021b\u0103 se \u00eenva\u021b\u0103, se educ\u0103 \u0219i se cultiv\u0103 mai ales pe b\u0103ncile \u0219colii acolo unde este spa\u021biul cel mai potrivit de formare intelectual\u0103 \u0219i profesional\u0103 a noii genera\u021bii. De aceea v\u0103 \u00eendemn\u0103m p\u0103rinte\u0219te s\u0103 v\u0103 pre\u021bui\u021bi profesorii, s\u0103 v\u0103 pre\u021bui\u021bi pe voi \u00een\u0219iv\u0103 \u0219i s\u0103 pre\u021bui\u021bi acest timp ce v\u0103 este dat pentru a valoriza maxim cuno\u0219tin\u021bele ce v\u0103 sunt predate \u0219i experien\u021bele pe care le pute\u021bi dob\u00e2ndi.<\/p>\n<p style=\"text-align: justify;\"><strong>Dragi tineri,<\/strong><\/p>\n<p style=\"text-align: justify;\">\u0218coala este \u0219i un spa\u021biu \u00een care se leag\u0103 prietenii, un loc \u00een care \u00eenv\u0103\u021b\u0103m s\u0103 fim aten\u021bi la ceilal\u021bi \u0219i \u00een plus s\u0103 punem \u00een practic\u0103 porunca divin\u0103 a grijii pentru aproapele nostru. Fi\u021bi sprijin unii pentru al\u021bii, nu \u00eengreuna\u021bi pe nimeni cu vorbe nepotrivite, ajuta\u021bi pe cei afla\u021bi \u00een nevoie, nu \u00eei batjocori\u021bi pe cei care au probleme sau care poate prin \u00eemprejur\u0103ri de via\u021b\u0103 nu au at\u00e2t de multe c\u00e2te au unii din voi. \u00cen astfel de atitudini cre\u0219tine\u0219ti ve\u021bi ar\u0103ta tuturor frumuse\u021bea tinere\u021bii voastre \u0219i ve\u021bi demonstra c\u0103 \u00eenc\u0103 avem un viitor al c\u0103rui artizani ve\u021bi chiar voi.<\/p>\n<p style=\"text-align: justify;\"><strong>Dragi p\u0103rin\u021bi,<\/strong><\/p>\n<p style=\"text-align: justify;\">Misiunea dumneavoastr\u0103 nu e deloc una u\u0219oar\u0103 pentru c\u0103 responsabilitatea e una uria\u0219\u0103. Cea mai bun\u0103 investi\u021bie pe care o pute\u021bi face \u00een copiii no\u0219tri nu sunt banii, nu sunt resursele materiale \u0219i nici extravagan\u021bele de orice fel ci timpul pe care v\u0103 rug\u0103m s\u0103 \u00eel petrece\u021bi c\u00e2t mai mult cu ei. Aceast\u0103 genera\u021bie tr\u0103ie\u0219te un abandon dat de lipsa de timp pe care grijile cotidiene vi-l consum\u0103 f\u0103r\u0103 \u00eendoial\u0103 \u0219i chiar \u0219tiind toate acestea v\u0103 rug\u0103m s\u0103 c\u00e2nt\u0103ri\u021bi de zece ori totu\u0219i dac\u0103 merit\u0103 c\u00e2nd via\u021ba \u0219i viitorul unui copil sunt f\u0103r\u0103 pre\u021b.<\/p>\n<p style=\"text-align: justify;\"><strong>Dragi dasc\u0103li, profesori \u0219i educatori,<\/strong><\/p>\n<p style=\"text-align: justify;\">Suntem al\u0103turi de dumneavoastr\u0103 pe drumul \u00een care porni\u021bi ast\u0103zi \u0219tiind c\u0103 aceast\u0103 chemare pe care o \u00eemplini\u021bi e una ce e at\u00e2t de important\u0103 pentru noi ca popor. \u00cen m\u00e2inile \u0219i abilit\u0103\u021bile dumneavoastr\u0103 pedagogice st\u0103 modul \u00een care noi vom ar\u0103ta \u00een viitor. Fi\u021bi modelele de care au nevoie copiii, fi\u021bi inspira\u021bia de care noua genera\u021bie duce lips\u0103, da\u021bi-le acel suflu entuziast spre cunoa\u0219tere, spre descoperire \u0219i spre dep\u0103\u0219irea propriilor limite ca s\u0103 \u00ee\u0219i poat\u0103 g\u0103si mereu motiva\u021bie \u00een satisfac\u021bia lucrului \u00eemplinit.<\/p>\n<p style=\"text-align: justify;\">Acum la \u00eenceput de an nou \u0219colar \u00eel rug\u0103m pe Dumnezeu s\u0103 trimit\u0103 Duhul S\u0103u M\u00e2ng\u00e2ietor peste to\u021bi, s\u0103 lumineze min\u021bile, s\u0103 \u00eenc\u0103lzeasc\u0103 inimile \u0219i s\u0103 c\u0103l\u0103uzeasc\u0103 pa\u0219ii tuturor celor care pornesc \u00een aceast\u0103 binecuv\u00e2ntat\u0103 c\u0103l\u0103torie a cunoa\u0219terii. Rug\u0103m de asemenea pe Preasf\u00e2nta N\u0103sc\u0103toare de Dumnezeu \u0219i pe to\u021bi sfin\u021bii s\u0103 v\u0103 ocroteasc\u0103, s\u0103 v\u0103 apere de toate primejdiile \u0219i s\u0103 deschid\u0103 calea spre cunoa\u0219terea lui Dumnezeu, iubirea de aproapele \u0219i deprinderea \u00eenv\u0103\u021b\u0103turilor celor bune.<\/p>\n<p><em>V\u0103 binecuv\u00e2nt\u0103m \u0219i v\u0103 \u00eembr\u0103\u021bi\u0219\u0103m cu dragoste p\u0103rinteasc\u0103,<\/em><\/p>\n<p style=\"text-align: center;\"><em>Al vostru de tot binele doritor \u0219i pururea rug\u0103tor c\u0103tre Domnul,<\/em><\/p>\n<p style=\"text-align: center;\"><strong>+ Ambrozie, Episcopul Giurgiului<\/strong><\/p>\n<p style=\"text-align: center;\"><em>Dat\u0103 ast\u0103zi 11 septembrie 2023 \u00een Re\u0219edin\u021ba noastr\u0103 Episcopal\u0103 din Municipiul Giurgiu<\/em><\/p>\n","protected":false},"excerpt":{"rendered":"<p>\u201cNimeni s\u0103 nu dispre\u0163uiasc\u0103 tinere\u0163ile tale, ci f\u0103-te pild\u0103 credincio\u015filor cu cuv\u00e2ntul, cu purtarea, cu dragostea, cu duhul, cu credin\u0163a, cu cur\u0103\u0163ia.\u201d (I Timotei 4, 12) Iubi\u021bi dasc\u0103li \u0219i educatori, dragi p\u0103rin\u021bi \u0219i dragi \u0219colari,<\/p>\n","protected":false},"author":1,"featured_media":0,"comment_status":"open","ping_status":"open","sticky":false,"template":"","format":"standard","meta":{"footnotes":""},"categories":[6],"tags":[],"class_list":["post-100036","post","type-post","status-publish","format-standard","hentry","category-breaking-news"],"_links":{"self":[{"href":"https:\/\/www.giurgiuveanul.ro\/stiri\/wp-json\/wp\/v2\/posts\/100036","targetHints":{"allow":["GET"]}}],"collection":[{"href":"https:\/\/www.giurgiuveanul.ro\/stiri\/wp-json\/wp\/v2\/posts"}],"about":[{"href":"https:\/\/www.giurgiuveanul.ro\/stiri\/wp-json\/wp\/v2\/types\/post"}],"author":[{"embeddable":true,"href":"https:\/\/www.giurgiuveanul.ro\/stiri\/wp-json\/wp\/v2\/users\/1"}],"replies":[{"embeddable":true,"href":"https:\/\/www.giurgiuveanul.ro\/stiri\/wp-json\/wp\/v2\/comments?post=100036"}],"version-history":[{"count":0,"href":"https:\/\/www.giurgiuveanul.ro\/stiri\/wp-json\/wp\/v2\/posts\/100036\/revisions"}],"wp:attachment":[{"href":"https:\/\/www.giurgiuveanul.ro\/stiri\/wp-json\/wp\/v2\/media?parent=100036"}],"wp:term":[{"taxonomy":"category","embeddable":true,"href":"https:\/\/www.giurgiuveanul.ro\/stiri\/wp-json\/wp\/v2\/categories?post=100036"},{"taxonomy":"post_tag","embeddable":true,"href":"https:\/\/www.giurgiuveanul.ro\/stiri\/wp-json\/wp\/v2\/tags?post=100036"}],"curies":[{"name":"wp","href":"https:\/\/api.w.org\/{rel}","templated":true}]}}