{"id":100044,"date":"2023-09-11T12:03:07","date_gmt":"2023-09-11T09:03:07","guid":{"rendered":"https:\/\/www.giurgiuveanul.ro\/stiri\/?p=100044"},"modified":"2023-09-11T12:03:07","modified_gmt":"2023-09-11T09:03:07","slug":"dgaspc-giurgiu-71-de-ghiozdane-echipate-donate-de-asociatia-eco-durabil-inainte-de-inceperea-cursurilor-scolare-copiilor-beneficiari-de-masura-de-protectie-speciala","status":"publish","type":"post","link":"https:\/\/www.giurgiuveanul.ro\/stiri\/dgaspc-giurgiu-71-de-ghiozdane-echipate-donate-de-asociatia-eco-durabil-inainte-de-inceperea-cursurilor-scolare-copiilor-beneficiari-de-masura-de-protectie-speciala\/","title":{"rendered":"DGASPC Giurgiu, 71 de ghiozdane echipate, donate de Asocia\u021bia Eco-Durabil, \u00eenainte de \u00eenceperea cursurilor \u0219colare, copiilor beneficiari de m\u0103sur\u0103 de protec\u021bie special\u0103"},"content":{"rendered":"<p style=\"text-align: justify;\"><strong><a href=\"https:\/\/www.giurgiuveanul.ro\/stiri\/wp-content\/uploads\/2023\/09\/thumbnail-4.jpeg\"><img loading=\"lazy\" decoding=\"async\" class=\"aligncenter  wp-image-100045\" src=\"https:\/\/www.giurgiuveanul.ro\/stiri\/wp-content\/uploads\/2023\/09\/thumbnail-4-560x432.jpeg\" alt=\"\" width=\"582\" height=\"449\" srcset=\"https:\/\/www.giurgiuveanul.ro\/stiri\/wp-content\/uploads\/2023\/09\/thumbnail-4-560x432.jpeg 560w, https:\/\/www.giurgiuveanul.ro\/stiri\/wp-content\/uploads\/2023\/09\/thumbnail-4-250x193.jpeg 250w, https:\/\/www.giurgiuveanul.ro\/stiri\/wp-content\/uploads\/2023\/09\/thumbnail-4-768x593.jpeg 768w, https:\/\/www.giurgiuveanul.ro\/stiri\/wp-content\/uploads\/2023\/09\/thumbnail-4-400x309.jpeg 400w, https:\/\/www.giurgiuveanul.ro\/stiri\/wp-content\/uploads\/2023\/09\/thumbnail-4.jpeg 1080w\" sizes=\"auto, (max-width: 582px) 100vw, 582px\" \/><\/a>71 de ghiozdane echipate<!--more--> au fost donate de Asocia\u021bia Eco-Durabil<\/strong>, \u00eenainte de \u00eenceperea cursurilor \u0219colare, copiilor beneficiari de m\u0103sur\u0103 de protec\u021bie special\u0103 la Complexul de Servicii Sociale \u0219i casele de tip familial din Giurgiu, structuri reziden\u021biale din cadrul Direc\u021biei Generale de Asisten\u021b\u0103 Social\u0103 \u0219i Protec\u021bia Copilului Giurgiu; reprezentan\u021bii acestei asocia\u021bii au fost prezen\u021bi \u00een data de 8 septembrie 2023 \u00een mijlocul copiilor beneficiari de m\u0103sur\u0103 de protec\u021bie special\u0103 de la Complexul de Servicii Sociale pentru a le \u00eenm\u00e2na ghiozdanele \u0219i le-au urat succes \u00een noul an \u0219colar.<\/p>\n<p style=\"text-align: justify;\">Dup\u0103 cum au declarat reprezentan\u021bii asocia\u021biei, dona\u021bia a fost f\u0103cut\u0103 \u00een cadrul campaniei \u201cO m\u00e2n\u0103 de ajutor pentru educa\u021bie\u201d, cu sprijinul companiilor <strong>Ramboll, Ecoapa Design, Interstar (Igienol, Vileda, Rivex), Rostar, precum \u0219i oamenilor cu suflet mare care au dorit s\u0103 se implice<\/strong>.<\/p>\n<p style=\"text-align: justify;\">\u00cen cadrul aceleia\u0219i campanii au fost donate materiale de cur\u0103\u021benie \u0219i igienizare pentru structurile de tip reziden\u021bial pentru copii din cadrul D.G.A.S.P.C. Giurgiu.<\/p>\n<p style=\"text-align: justify;\">Conducerea Direc\u021biei Generale de Asisten\u021b\u0103 Social\u0103 \u0219i Protec\u021bia Copilului Giurgiu multume\u0219te tuturor celor implica\u021bi \u00een aceast\u0103 ac\u021biune caritabil\u0103.<\/p>\n","protected":false},"excerpt":{"rendered":"<p>71 de ghiozdane echipate<\/p>\n","protected":false},"author":1,"featured_media":0,"comment_status":"open","ping_status":"open","sticky":false,"template":"","format":"standard","meta":{"footnotes":""},"categories":[6],"tags":[],"class_list":["post-100044","post","type-post","status-publish","format-standard","hentry","category-breaking-news"],"_links":{"self":[{"href":"https:\/\/www.giurgiuveanul.ro\/stiri\/wp-json\/wp\/v2\/posts\/100044","targetHints":{"allow":["GET"]}}],"collection":[{"href":"https:\/\/www.giurgiuveanul.ro\/stiri\/wp-json\/wp\/v2\/posts"}],"about":[{"href":"https:\/\/www.giurgiuveanul.ro\/stiri\/wp-json\/wp\/v2\/types\/post"}],"author":[{"embeddable":true,"href":"https:\/\/www.giurgiuveanul.ro\/stiri\/wp-json\/wp\/v2\/users\/1"}],"replies":[{"embeddable":true,"href":"https:\/\/www.giurgiuveanul.ro\/stiri\/wp-json\/wp\/v2\/comments?post=100044"}],"version-history":[{"count":0,"href":"https:\/\/www.giurgiuveanul.ro\/stiri\/wp-json\/wp\/v2\/posts\/100044\/revisions"}],"wp:attachment":[{"href":"https:\/\/www.giurgiuveanul.ro\/stiri\/wp-json\/wp\/v2\/media?parent=100044"}],"wp:term":[{"taxonomy":"category","embeddable":true,"href":"https:\/\/www.giurgiuveanul.ro\/stiri\/wp-json\/wp\/v2\/categories?post=100044"},{"taxonomy":"post_tag","embeddable":true,"href":"https:\/\/www.giurgiuveanul.ro\/stiri\/wp-json\/wp\/v2\/tags?post=100044"}],"curies":[{"name":"wp","href":"https:\/\/api.w.org\/{rel}","templated":true}]}}