{"id":100047,"date":"2023-09-11T12:16:10","date_gmt":"2023-09-11T09:16:10","guid":{"rendered":"https:\/\/www.giurgiuveanul.ro\/stiri\/?p=100047"},"modified":"2023-09-11T12:16:10","modified_gmt":"2023-09-11T09:16:10","slug":"diicot-trei-traficanti-de-droguri-de-risc-si-mare-risc-trimisi-in-judecata-acestia-vindeau-droguri-consumatorilor-de-pe-raza-judetului-giurgiu","status":"publish","type":"post","link":"https:\/\/www.giurgiuveanul.ro\/stiri\/diicot-trei-traficanti-de-droguri-de-risc-si-mare-risc-trimisi-in-judecata-acestia-vindeau-droguri-consumatorilor-de-pe-raza-judetului-giurgiu\/","title":{"rendered":"DIICOT. Trei trafican\u0163i de droguri de risc \u0219i mare risc, trimi\u015fi \u00een judecat\u0103. Ace\u015ftia vindeau droguri consumatorilor de pe raza jude\u021bului Giurgiu"},"content":{"rendered":"<p style=\"text-align: justify;\"><strong><a href=\"https:\/\/www.giurgiuveanul.ro\/stiri\/wp-content\/uploads\/2023\/09\/diicot.c01t3947ad.jpg\"><img loading=\"lazy\" decoding=\"async\" class=\"aligncenter  wp-image-100048\" src=\"https:\/\/www.giurgiuveanul.ro\/stiri\/wp-content\/uploads\/2023\/09\/diicot.c01t3947ad-560x373.jpg\" alt=\"\" width=\"572\" height=\"381\" srcset=\"https:\/\/www.giurgiuveanul.ro\/stiri\/wp-content\/uploads\/2023\/09\/diicot.c01t3947ad-560x373.jpg 560w, https:\/\/www.giurgiuveanul.ro\/stiri\/wp-content\/uploads\/2023\/09\/diicot.c01t3947ad-250x166.jpg 250w, https:\/\/www.giurgiuveanul.ro\/stiri\/wp-content\/uploads\/2023\/09\/diicot.c01t3947ad-768x511.jpg 768w, https:\/\/www.giurgiuveanul.ro\/stiri\/wp-content\/uploads\/2023\/09\/diicot.c01t3947ad-400x266.jpg 400w, https:\/\/www.giurgiuveanul.ro\/stiri\/wp-content\/uploads\/2023\/09\/diicot.c01t3947ad.jpg 1200w\" sizes=\"auto, (max-width: 572px) 100vw, 572px\" \/><\/a>Prin rechizitoriul din data de<!--more--> 29.08.2023, procurorii Direc\u021biei de Investigare a Infrac\u021biunilor de Criminalitate Organizat\u0103 \u0219i Terorism \u2013 Structura Central\u0103 au dispus trimiterea \u00een judecat\u0103 a trei inculpa\u021bi, \u00een stare de arest preventiv, pentru s\u0103v\u00e2r\u0219irea infrac\u021biunilor trafic international de droguri de risc \u0219i mare risc, trafic intern de droguri de risc \u0219i mare risc, complicitate la trafic international de droguri de risc \u0219i mare risc \u0219i complicitate la \u00a0trafic intern de droguri de risc \u0219i mare risc.<\/strong><\/p>\n<p style=\"text-align: justify;\">S-a re\u021binut faptul c\u0103, \u00een perioada martie-mai 2023,unul dintre inculpa\u021bi a comercializat droguri de risc (canabis \u0219i ha\u0219i\u0219) \u00a0 \u00een mod repetat (11 acte materiale), c\u0103tre consumatori din jude\u021bul Giurgiu, inclusiv minori.<\/p>\n<p style=\"text-align: justify;\">\nAstfel, la data de 17.03.2023, a v\u00e2ndut unui minor de 13 ani, cantitatea de un gram de ha\u0219i\u0219, din care acesta a confec\u021bionat o \u021bigar\u0103 pe care a consumat-o \u00eempreun\u0103 cu alte trei minore, \u00een parcul Elevilor din municipiul Giurgiu. Ulterior una dintre minore (elev\u0103) a acuzat st\u0103ri de r\u0103u, fiind transportat\u0103 la spital unde i s-au acordat \u00eengrijiri medicale.<\/p>\n<p style=\"text-align: justify;\">\nLa data de 08.05.2023, inculpatul, cu sprijinul celui de al doilea inculpat cercetat \u00a0\u00een cauz\u0103, a introdus pe teritoriul Rom\u00e2niei droguri de risc \u0219i mare risc (989,78 grame rezin\u0103 de canabis \u0219i 19,82 grame cocain\u0103), fiind prin\u0219i \u00een flagrant imediat dup\u0103 s\u0103v\u00e2r\u0219irea faptei.<\/p>\n<p style=\"text-align: justify;\">\nAnterior, la \u00eenceputul lunii aprilie 2023, dar cu sprijinul celui de al treilea inculpat, a introdus pe teritoriul Rom\u00e2niei cantitatea de 500 grame rezin\u0103 de canabis.<\/p>\n<p style=\"text-align: justify;\">\n\u00cen ambele situa\u021bii, drogurile au fost disimulate \u00een interiorul unor colete, care au fost expediate din Spania \u0219i introduse pe teritoriul \u021b\u0103rii prin intermediul unor societ\u0103\u021bi de transport.<\/p>\n<p style=\"text-align: justify;\">\nDe asemenea, cel de al doilea inculpat, a comercializat, \u00een mod repetat (6 acte materiale), droguri de risc, c\u0103tre consumatori de pe raza jude\u021bului Giurgiu.<\/p>\n<p style=\"text-align: justify;\">\nPrin rechizitoriu s-a solicitat men\u021binerea m\u0103surii arestului preventiv fa\u021b\u0103 de cei trei inculpa\u021bi, \u00a0confiscarea special\u0103 a cantit\u0103\u021bilor de droguri ridicate pe parcursul perchezi\u021biilor domiciliare, a mai multor terminale mobile, a sumelor de bani \u00a0identificate ca provenind din comercializarea drogurilor, precum \u0219i \u00a0obligarea inculpa\u021bilor la plata unor cheltuielile judiciare avansate de stat.<\/p>\n<p style=\"text-align: justify;\">\nTotodat\u0103, s-a dispus disjugerea cauzei cu privire la trei suspec\u021bi, cerceta\u021bi sub aspectul s\u0103v\u00e2r\u0219irii infrac\u021biunilor de de\u021binere de droguri de risc, f\u0103r\u0103 drept, \u00een scopul consumului propriu.<br \/>\nDosarul a fost \u00eenaintat spre competent\u0103 solu\u021bionare Tribunalului Giurgiu.<\/p>\n<p style=\"text-align: justify;\">\nPreciz\u0103m c\u0103 aceast\u0103 etap\u0103 a procesului penal reprezint\u0103, conform Codului de procedur\u0103 penal\u0103, finalizarea anchetei penale \u0219i trimiterea rechizitoriului la instan\u021b\u0103, spre judecare, situa\u021bie care nu poate \u00een niciun fel s\u0103 \u00eenfr\u00e2ng\u0103 principiul prezum\u021biei de nevinov\u0103\u021bie.<\/p>\n","protected":false},"excerpt":{"rendered":"<p>Prin rechizitoriul din data de<\/p>\n","protected":false},"author":1,"featured_media":0,"comment_status":"open","ping_status":"open","sticky":false,"template":"","format":"standard","meta":{"footnotes":""},"categories":[6],"tags":[],"class_list":["post-100047","post","type-post","status-publish","format-standard","hentry","category-breaking-news"],"_links":{"self":[{"href":"https:\/\/www.giurgiuveanul.ro\/stiri\/wp-json\/wp\/v2\/posts\/100047","targetHints":{"allow":["GET"]}}],"collection":[{"href":"https:\/\/www.giurgiuveanul.ro\/stiri\/wp-json\/wp\/v2\/posts"}],"about":[{"href":"https:\/\/www.giurgiuveanul.ro\/stiri\/wp-json\/wp\/v2\/types\/post"}],"author":[{"embeddable":true,"href":"https:\/\/www.giurgiuveanul.ro\/stiri\/wp-json\/wp\/v2\/users\/1"}],"replies":[{"embeddable":true,"href":"https:\/\/www.giurgiuveanul.ro\/stiri\/wp-json\/wp\/v2\/comments?post=100047"}],"version-history":[{"count":0,"href":"https:\/\/www.giurgiuveanul.ro\/stiri\/wp-json\/wp\/v2\/posts\/100047\/revisions"}],"wp:attachment":[{"href":"https:\/\/www.giurgiuveanul.ro\/stiri\/wp-json\/wp\/v2\/media?parent=100047"}],"wp:term":[{"taxonomy":"category","embeddable":true,"href":"https:\/\/www.giurgiuveanul.ro\/stiri\/wp-json\/wp\/v2\/categories?post=100047"},{"taxonomy":"post_tag","embeddable":true,"href":"https:\/\/www.giurgiuveanul.ro\/stiri\/wp-json\/wp\/v2\/tags?post=100047"}],"curies":[{"name":"wp","href":"https:\/\/api.w.org\/{rel}","templated":true}]}}