{"id":100058,"date":"2023-09-11T18:43:55","date_gmt":"2023-09-11T15:43:55","guid":{"rendered":"https:\/\/www.giurgiuveanul.ro\/stiri\/?p=100058"},"modified":"2023-09-11T18:46:43","modified_gmt":"2023-09-11T15:46:43","slug":"emotii-si-bucurie-in-prima-zi-de-scoala-la-scoala-gimnaziala-nr-2-mircea-cel-batran-giurgiu-foto","status":"publish","type":"post","link":"https:\/\/www.giurgiuveanul.ro\/stiri\/emotii-si-bucurie-in-prima-zi-de-scoala-la-scoala-gimnaziala-nr-2-mircea-cel-batran-giurgiu-foto\/","title":{"rendered":"Emo\u021bii \u0219i bucurie \u00een prima zi de \u0219coal\u0103, la \u015ecoala Gimnazial\u0103 Nr. 2 \u201eMircea cel B\u0103tr\u00e2n\u201d Giurgiu (FOTO)"},"content":{"rendered":"<p style=\"text-align: justify;\"><strong><a href=\"https:\/\/www.giurgiuveanul.ro\/stiri\/wp-content\/uploads\/2023\/09\/1-3.jpg\"><img loading=\"lazy\" decoding=\"async\" class=\"aligncenter wp-image-100059\" src=\"https:\/\/www.giurgiuveanul.ro\/stiri\/wp-content\/uploads\/2023\/09\/1-3-560x299.jpg\" alt=\"\" width=\"577\" height=\"308\" srcset=\"https:\/\/www.giurgiuveanul.ro\/stiri\/wp-content\/uploads\/2023\/09\/1-3-560x299.jpg 560w, https:\/\/www.giurgiuveanul.ro\/stiri\/wp-content\/uploads\/2023\/09\/1-3-250x134.jpg 250w, https:\/\/www.giurgiuveanul.ro\/stiri\/wp-content\/uploads\/2023\/09\/1-3-768x410.jpg 768w, https:\/\/www.giurgiuveanul.ro\/stiri\/wp-content\/uploads\/2023\/09\/1-3-1536x821.jpg 1536w, https:\/\/www.giurgiuveanul.ro\/stiri\/wp-content\/uploads\/2023\/09\/1-3-400x214.jpg 400w, https:\/\/www.giurgiuveanul.ro\/stiri\/wp-content\/uploads\/2023\/09\/1-3.jpg 2048w\" sizes=\"auto, (max-width: 577px) 100vw, 577px\" \/><\/a>Prima zi din noul an \u015fcolar la \u015ecoala Gimnazial\u0103 Nr. 2 \u201eMircea cel B\u0103tr\u00e2n\u201d, din Giurgiu, a fost<!--more--> s\u0103rb\u0103torit\u0103 \u00een curtea \u015fcolii de numero\u015fi elevi, \u00eenso\u0163i\u0163i de p\u0103rin\u0163i, \u00eenv\u0103\u0163\u0103tori \u015fi profesori.<\/strong><\/p>\n<p style=\"text-align: justify;\">Emo\u021bii, flori, bucurie, p\u0103rin\u021bi, bunici&#8230;<\/p>\n<p style=\"text-align: justify;\">Bobocii din clasele preg\u0103titoare au fost cei mai ner\u0103bd\u0103tori s\u0103-\u0219i \u00eent\u00e2lneasc\u0103 dasc\u0103lii, care i-au \u00eent\u00e2mpinat cu z\u00e2mbete.<\/p>\n<p><a href=\"https:\/\/www.giurgiuveanul.ro\/stiri\/wp-content\/uploads\/2023\/09\/3-2.jpg\"><img loading=\"lazy\" decoding=\"async\" class=\"aligncenter wp-image-100061\" src=\"https:\/\/www.giurgiuveanul.ro\/stiri\/wp-content\/uploads\/2023\/09\/3-2-560x313.jpg\" alt=\"\" width=\"565\" height=\"316\" srcset=\"https:\/\/www.giurgiuveanul.ro\/stiri\/wp-content\/uploads\/2023\/09\/3-2-560x313.jpg 560w, https:\/\/www.giurgiuveanul.ro\/stiri\/wp-content\/uploads\/2023\/09\/3-2-250x140.jpg 250w, https:\/\/www.giurgiuveanul.ro\/stiri\/wp-content\/uploads\/2023\/09\/3-2-768x429.jpg 768w, https:\/\/www.giurgiuveanul.ro\/stiri\/wp-content\/uploads\/2023\/09\/3-2-1536x857.jpg 1536w, https:\/\/www.giurgiuveanul.ro\/stiri\/wp-content\/uploads\/2023\/09\/3-2-400x223.jpg 400w, https:\/\/www.giurgiuveanul.ro\/stiri\/wp-content\/uploads\/2023\/09\/3-2.jpg 2048w\" sizes=\"auto, (max-width: 565px) 100vw, 565px\" \/><\/a> <a href=\"https:\/\/www.giurgiuveanul.ro\/stiri\/wp-content\/uploads\/2023\/09\/4-2.jpg\"><img loading=\"lazy\" decoding=\"async\" class=\"aligncenter wp-image-100062\" src=\"https:\/\/www.giurgiuveanul.ro\/stiri\/wp-content\/uploads\/2023\/09\/4-2-560x317.jpg\" alt=\"\" width=\"567\" height=\"321\" srcset=\"https:\/\/www.giurgiuveanul.ro\/stiri\/wp-content\/uploads\/2023\/09\/4-2-560x317.jpg 560w, https:\/\/www.giurgiuveanul.ro\/stiri\/wp-content\/uploads\/2023\/09\/4-2-250x142.jpg 250w, https:\/\/www.giurgiuveanul.ro\/stiri\/wp-content\/uploads\/2023\/09\/4-2-768x435.jpg 768w, https:\/\/www.giurgiuveanul.ro\/stiri\/wp-content\/uploads\/2023\/09\/4-2-1536x870.jpg 1536w, https:\/\/www.giurgiuveanul.ro\/stiri\/wp-content\/uploads\/2023\/09\/4-2-400x227.jpg 400w, https:\/\/www.giurgiuveanul.ro\/stiri\/wp-content\/uploads\/2023\/09\/4-2.jpg 2048w\" sizes=\"auto, (max-width: 567px) 100vw, 567px\" \/><\/a> <a href=\"https:\/\/www.giurgiuveanul.ro\/stiri\/wp-content\/uploads\/2023\/09\/5-2.jpg\"><img loading=\"lazy\" decoding=\"async\" class=\"aligncenter wp-image-100063\" src=\"https:\/\/www.giurgiuveanul.ro\/stiri\/wp-content\/uploads\/2023\/09\/5-2-560x434.jpg\" alt=\"\" width=\"564\" height=\"437\" srcset=\"https:\/\/www.giurgiuveanul.ro\/stiri\/wp-content\/uploads\/2023\/09\/5-2-560x434.jpg 560w, https:\/\/www.giurgiuveanul.ro\/stiri\/wp-content\/uploads\/2023\/09\/5-2-250x194.jpg 250w, https:\/\/www.giurgiuveanul.ro\/stiri\/wp-content\/uploads\/2023\/09\/5-2-768x596.jpg 768w, https:\/\/www.giurgiuveanul.ro\/stiri\/wp-content\/uploads\/2023\/09\/5-2-1536x1192.jpg 1536w, https:\/\/www.giurgiuveanul.ro\/stiri\/wp-content\/uploads\/2023\/09\/5-2-400x310.jpg 400w, https:\/\/www.giurgiuveanul.ro\/stiri\/wp-content\/uploads\/2023\/09\/5-2.jpg 2048w\" sizes=\"auto, (max-width: 564px) 100vw, 564px\" \/><\/a> <a href=\"https:\/\/www.giurgiuveanul.ro\/stiri\/wp-content\/uploads\/2023\/09\/6-1.jpg\"><img loading=\"lazy\" decoding=\"async\" class=\"aligncenter wp-image-100064\" src=\"https:\/\/www.giurgiuveanul.ro\/stiri\/wp-content\/uploads\/2023\/09\/6-1-475x450.jpg\" alt=\"\" width=\"561\" height=\"532\" srcset=\"https:\/\/www.giurgiuveanul.ro\/stiri\/wp-content\/uploads\/2023\/09\/6-1-475x450.jpg 475w, https:\/\/www.giurgiuveanul.ro\/stiri\/wp-content\/uploads\/2023\/09\/6-1-250x237.jpg 250w, https:\/\/www.giurgiuveanul.ro\/stiri\/wp-content\/uploads\/2023\/09\/6-1-768x727.jpg 768w, https:\/\/www.giurgiuveanul.ro\/stiri\/wp-content\/uploads\/2023\/09\/6-1-1536x1454.jpg 1536w, https:\/\/www.giurgiuveanul.ro\/stiri\/wp-content\/uploads\/2023\/09\/6-1-400x379.jpg 400w, https:\/\/www.giurgiuveanul.ro\/stiri\/wp-content\/uploads\/2023\/09\/6-1.jpg 2048w\" sizes=\"auto, (max-width: 561px) 100vw, 561px\" \/><\/a> <a href=\"https:\/\/www.giurgiuveanul.ro\/stiri\/wp-content\/uploads\/2023\/09\/7-1.jpg\"><img loading=\"lazy\" decoding=\"async\" class=\"aligncenter wp-image-100065\" src=\"https:\/\/www.giurgiuveanul.ro\/stiri\/wp-content\/uploads\/2023\/09\/7-1-363x450.jpg\" alt=\"\" width=\"556\" height=\"689\" srcset=\"https:\/\/www.giurgiuveanul.ro\/stiri\/wp-content\/uploads\/2023\/09\/7-1-363x450.jpg 363w, https:\/\/www.giurgiuveanul.ro\/stiri\/wp-content\/uploads\/2023\/09\/7-1-242x300.jpg 242w, https:\/\/www.giurgiuveanul.ro\/stiri\/wp-content\/uploads\/2023\/09\/7-1-768x953.jpg 768w, https:\/\/www.giurgiuveanul.ro\/stiri\/wp-content\/uploads\/2023\/09\/7-1-1238x1536.jpg 1238w, https:\/\/www.giurgiuveanul.ro\/stiri\/wp-content\/uploads\/2023\/09\/7-1-400x496.jpg 400w, https:\/\/www.giurgiuveanul.ro\/stiri\/wp-content\/uploads\/2023\/09\/7-1.jpg 1650w\" sizes=\"auto, (max-width: 556px) 100vw, 556px\" \/><\/a><\/p>\n<p style=\"text-align: justify;\">Festivitatea de deschidere a anului \u015fcolar 2023-2024 a debutat cu <strong>o slujb\u0103 oficiat\u0103 de p\u0103rintele Nicu\u015for Puflea<\/strong>.<\/p>\n<p><a href=\"https:\/\/www.giurgiuveanul.ro\/stiri\/wp-content\/uploads\/2023\/09\/9-1.jpg\"><img loading=\"lazy\" decoding=\"async\" class=\"aligncenter wp-image-100068\" src=\"https:\/\/www.giurgiuveanul.ro\/stiri\/wp-content\/uploads\/2023\/09\/9-1-560x337.jpg\" alt=\"\" width=\"565\" height=\"340\" srcset=\"https:\/\/www.giurgiuveanul.ro\/stiri\/wp-content\/uploads\/2023\/09\/9-1-560x337.jpg 560w, https:\/\/www.giurgiuveanul.ro\/stiri\/wp-content\/uploads\/2023\/09\/9-1-250x150.jpg 250w, https:\/\/www.giurgiuveanul.ro\/stiri\/wp-content\/uploads\/2023\/09\/9-1-768x462.jpg 768w, https:\/\/www.giurgiuveanul.ro\/stiri\/wp-content\/uploads\/2023\/09\/9-1-1536x924.jpg 1536w, https:\/\/www.giurgiuveanul.ro\/stiri\/wp-content\/uploads\/2023\/09\/9-1-400x241.jpg 400w, https:\/\/www.giurgiuveanul.ro\/stiri\/wp-content\/uploads\/2023\/09\/9-1.jpg 2048w\" sizes=\"auto, (max-width: 565px) 100vw, 565px\" \/><\/a><\/p>\n<p style=\"text-align: justify;\">Apoi, cu prilejul acestui eveniment a\u0219teptat, a luat cuv\u00e2ntul <strong>directorul \u015fcolii, profesor Corina Ioni\u0163\u0103<\/strong>, emo\u021bion\u00e2nd momentul festiv prin vorbele sale de \u00eencurajare adresate celor mici \u0219i p\u0103rin\u021bilor.<\/p>\n<p><a href=\"https:\/\/www.giurgiuveanul.ro\/stiri\/wp-content\/uploads\/2023\/09\/2-2.jpg\"><img loading=\"lazy\" decoding=\"async\" class=\"aligncenter wp-image-100067\" src=\"https:\/\/www.giurgiuveanul.ro\/stiri\/wp-content\/uploads\/2023\/09\/2-2-560x395.jpg\" alt=\"\" width=\"564\" height=\"398\" srcset=\"https:\/\/www.giurgiuveanul.ro\/stiri\/wp-content\/uploads\/2023\/09\/2-2-560x395.jpg 560w, https:\/\/www.giurgiuveanul.ro\/stiri\/wp-content\/uploads\/2023\/09\/2-2-250x177.jpg 250w, https:\/\/www.giurgiuveanul.ro\/stiri\/wp-content\/uploads\/2023\/09\/2-2-768x542.jpg 768w, https:\/\/www.giurgiuveanul.ro\/stiri\/wp-content\/uploads\/2023\/09\/2-2-1536x1085.jpg 1536w, https:\/\/www.giurgiuveanul.ro\/stiri\/wp-content\/uploads\/2023\/09\/2-2-400x282.jpg 400w, https:\/\/www.giurgiuveanul.ro\/stiri\/wp-content\/uploads\/2023\/09\/2-2.jpg 2048w\" sizes=\"auto, (max-width: 564px) 100vw, 564px\" \/><\/a><\/p>\n<p style=\"text-align: justify;\">La festivitate a participat \u015fi <strong>un reprezentant al Inspectoratului de Poli\u0163ie Jude\u0163ean Giurgiu<\/strong>, care a adresat un cuv\u00e2nt elevilor prezen\u0163i.<\/p>\n<p style=\"text-align: justify;\">\u015ecoala Gimnazial\u0103 Nr. 2 \u201eMircea cel B\u0103tr\u00e2n\u201d este reprezentat\u0103 anul acesta de nou\u0103 clase ale \u00eenv\u0103\u021b\u0103m\u00e2ntului primar \u0219i de \u015fapte clase ale \u00eenv\u0103\u021b\u0103m\u00e2ntului gimnazial, iar la \u015ecoala nr. 3 &#8211; arondat\u0103 aceleia\u015fi institu\u0163ii de \u00eenv\u0103\u0163\u0103m\u00e2nt \u2013 sunt \u015fapte clase de \u00eenv\u0103\u021b\u0103m\u00e2nt primar \u0219i patru clase de \u00eenv\u0103\u021b\u0103m\u00e2nt gimnazial.<\/p>\n","protected":false},"excerpt":{"rendered":"<p>Prima zi din noul an \u015fcolar la \u015ecoala Gimnazial\u0103 Nr. 2 \u201eMircea cel B\u0103tr\u00e2n\u201d, din Giurgiu, a fost<\/p>\n","protected":false},"author":1,"featured_media":0,"comment_status":"open","ping_status":"open","sticky":false,"template":"","format":"standard","meta":{"footnotes":""},"categories":[6],"tags":[],"class_list":["post-100058","post","type-post","status-publish","format-standard","hentry","category-breaking-news"],"_links":{"self":[{"href":"https:\/\/www.giurgiuveanul.ro\/stiri\/wp-json\/wp\/v2\/posts\/100058","targetHints":{"allow":["GET"]}}],"collection":[{"href":"https:\/\/www.giurgiuveanul.ro\/stiri\/wp-json\/wp\/v2\/posts"}],"about":[{"href":"https:\/\/www.giurgiuveanul.ro\/stiri\/wp-json\/wp\/v2\/types\/post"}],"author":[{"embeddable":true,"href":"https:\/\/www.giurgiuveanul.ro\/stiri\/wp-json\/wp\/v2\/users\/1"}],"replies":[{"embeddable":true,"href":"https:\/\/www.giurgiuveanul.ro\/stiri\/wp-json\/wp\/v2\/comments?post=100058"}],"version-history":[{"count":0,"href":"https:\/\/www.giurgiuveanul.ro\/stiri\/wp-json\/wp\/v2\/posts\/100058\/revisions"}],"wp:attachment":[{"href":"https:\/\/www.giurgiuveanul.ro\/stiri\/wp-json\/wp\/v2\/media?parent=100058"}],"wp:term":[{"taxonomy":"category","embeddable":true,"href":"https:\/\/www.giurgiuveanul.ro\/stiri\/wp-json\/wp\/v2\/categories?post=100058"},{"taxonomy":"post_tag","embeddable":true,"href":"https:\/\/www.giurgiuveanul.ro\/stiri\/wp-json\/wp\/v2\/tags?post=100058"}],"curies":[{"name":"wp","href":"https:\/\/api.w.org\/{rel}","templated":true}]}}