{"id":100071,"date":"2023-09-12T10:02:20","date_gmt":"2023-09-12T07:02:20","guid":{"rendered":"https:\/\/www.giurgiuveanul.ro\/stiri\/?p=100071"},"modified":"2023-09-12T10:03:03","modified_gmt":"2023-09-12T07:03:03","slug":"giurgiuvean-depistat-in-trafic-cu-o-alcoolemie-de-106-mg-l-alcool-pur-in-aerul-expirat","status":"publish","type":"post","link":"https:\/\/www.giurgiuveanul.ro\/stiri\/giurgiuvean-depistat-in-trafic-cu-o-alcoolemie-de-106-mg-l-alcool-pur-in-aerul-expirat\/","title":{"rendered":"Giurgiuvean depistat \u00een trafic cu o alcoolemie de 1,06 mg\/l alcool pur \u00een aerul expirat"},"content":{"rendered":"<p style=\"text-align: justify;\"><a href=\"https:\/\/www.giurgiuveanul.ro\/stiri\/wp-content\/uploads\/2023\/07\/etilotest.jpeg\"><img loading=\"lazy\" decoding=\"async\" class=\"aligncenter wp-image-99060\" src=\"https:\/\/www.giurgiuveanul.ro\/stiri\/wp-content\/uploads\/2023\/07\/etilotest-464x450.jpeg\" alt=\"\" width=\"581\" height=\"563\" srcset=\"https:\/\/www.giurgiuveanul.ro\/stiri\/wp-content\/uploads\/2023\/07\/etilotest-464x450.jpeg 464w, https:\/\/www.giurgiuveanul.ro\/stiri\/wp-content\/uploads\/2023\/07\/etilotest-250x243.jpeg 250w, https:\/\/www.giurgiuveanul.ro\/stiri\/wp-content\/uploads\/2023\/07\/etilotest-768x745.jpeg 768w, https:\/\/www.giurgiuveanul.ro\/stiri\/wp-content\/uploads\/2023\/07\/etilotest-400x388.jpeg 400w, https:\/\/www.giurgiuveanul.ro\/stiri\/wp-content\/uploads\/2023\/07\/etilotest.jpeg 1076w\" sizes=\"auto, (max-width: 581px) 100vw, 581px\" \/><\/a>Poli\u021bi\u0219tii Biroului Rutier au<!--more--> depistat, la data de 11 septembrie a.c., ora 18.25, pe D.C.111, \u00een localitatea Sat Nou, comuna R\u0103suceni, jude\u021bul Giurgiu, \u00a0un b\u0103rbat, de 64 de ani, din aceea\u0219i localitate, \u00een timp ce conducea un autoturism, sub influen\u021ba b\u0103uturilor alcoolice.<\/p>\n<p style=\"text-align: justify;\">Acesta a fost testat cu aparatul drager, care a indicat valoarea de <strong>1,06 mg\/l alcool pur \u00een aerul expirat, refuz\u00e2nd transportul la spital, pentru recoltarea probelor biologice<\/strong>.<\/p>\n<p style=\"text-align: justify;\">\u00cen cauz\u0103, a fost \u00eentocmit <strong>dosar penal sub aspectul s\u0103v\u00e2r\u0219irii infrac\u021biunii de refuzul sau sustragerea de la prelevarea de mostre biologice<\/strong>.<\/p>\n","protected":false},"excerpt":{"rendered":"<p>Poli\u021bi\u0219tii Biroului Rutier au<\/p>\n","protected":false},"author":1,"featured_media":0,"comment_status":"open","ping_status":"open","sticky":false,"template":"","format":"standard","meta":{"footnotes":""},"categories":[6],"tags":[],"class_list":["post-100071","post","type-post","status-publish","format-standard","hentry","category-breaking-news"],"_links":{"self":[{"href":"https:\/\/www.giurgiuveanul.ro\/stiri\/wp-json\/wp\/v2\/posts\/100071","targetHints":{"allow":["GET"]}}],"collection":[{"href":"https:\/\/www.giurgiuveanul.ro\/stiri\/wp-json\/wp\/v2\/posts"}],"about":[{"href":"https:\/\/www.giurgiuveanul.ro\/stiri\/wp-json\/wp\/v2\/types\/post"}],"author":[{"embeddable":true,"href":"https:\/\/www.giurgiuveanul.ro\/stiri\/wp-json\/wp\/v2\/users\/1"}],"replies":[{"embeddable":true,"href":"https:\/\/www.giurgiuveanul.ro\/stiri\/wp-json\/wp\/v2\/comments?post=100071"}],"version-history":[{"count":0,"href":"https:\/\/www.giurgiuveanul.ro\/stiri\/wp-json\/wp\/v2\/posts\/100071\/revisions"}],"wp:attachment":[{"href":"https:\/\/www.giurgiuveanul.ro\/stiri\/wp-json\/wp\/v2\/media?parent=100071"}],"wp:term":[{"taxonomy":"category","embeddable":true,"href":"https:\/\/www.giurgiuveanul.ro\/stiri\/wp-json\/wp\/v2\/categories?post=100071"},{"taxonomy":"post_tag","embeddable":true,"href":"https:\/\/www.giurgiuveanul.ro\/stiri\/wp-json\/wp\/v2\/tags?post=100071"}],"curies":[{"name":"wp","href":"https:\/\/api.w.org\/{rel}","templated":true}]}}