{"id":100076,"date":"2023-09-12T10:24:45","date_gmt":"2023-09-12T07:24:45","guid":{"rendered":"https:\/\/www.giurgiuveanul.ro\/stiri\/?p=100076"},"modified":"2023-09-12T10:25:02","modified_gmt":"2023-09-12T07:25:02","slug":"teatrul-tudor-vianu-anunta-premiera-spectacolului-ziua-in-care-am-inteles","status":"publish","type":"post","link":"https:\/\/www.giurgiuveanul.ro\/stiri\/teatrul-tudor-vianu-anunta-premiera-spectacolului-ziua-in-care-am-inteles\/","title":{"rendered":"Teatrul \u201eTudor Vianu\u201d anun\u021b\u0103 premiera spectacolului \u201eZiua \u00een care am \u00een\u021beles\u201d"},"content":{"rendered":"<p style=\"text-align: justify;\"><strong><a href=\"https:\/\/www.giurgiuveanul.ro\/stiri\/wp-content\/uploads\/2023\/09\/000-premiera-teatrul-Tudor-Vianu.jpg\"><img loading=\"lazy\" decoding=\"async\" class=\"aligncenter wp-image-100077\" src=\"https:\/\/www.giurgiuveanul.ro\/stiri\/wp-content\/uploads\/2023\/09\/000-premiera-teatrul-Tudor-Vianu-318x450.jpg\" alt=\"\" width=\"565\" height=\"800\" srcset=\"https:\/\/www.giurgiuveanul.ro\/stiri\/wp-content\/uploads\/2023\/09\/000-premiera-teatrul-Tudor-Vianu-318x450.jpg 318w, https:\/\/www.giurgiuveanul.ro\/stiri\/wp-content\/uploads\/2023\/09\/000-premiera-teatrul-Tudor-Vianu-212x300.jpg 212w, https:\/\/www.giurgiuveanul.ro\/stiri\/wp-content\/uploads\/2023\/09\/000-premiera-teatrul-Tudor-Vianu-768x1086.jpg 768w, https:\/\/www.giurgiuveanul.ro\/stiri\/wp-content\/uploads\/2023\/09\/000-premiera-teatrul-Tudor-Vianu-1086x1536.jpg 1086w, https:\/\/www.giurgiuveanul.ro\/stiri\/wp-content\/uploads\/2023\/09\/000-premiera-teatrul-Tudor-Vianu-400x566.jpg 400w, https:\/\/www.giurgiuveanul.ro\/stiri\/wp-content\/uploads\/2023\/09\/000-premiera-teatrul-Tudor-Vianu.jpg 1448w\" sizes=\"auto, (max-width: 565px) 100vw, 565px\" \/><\/a>Teatrul \u201eTudor Vianu\u201d anun\u021b\u0103 premiera spectacolului \u201eZiua \u00een care am \u00een\u021beles\u201d, o produc\u021bie realizat\u0103 de<!--more--> Ioan Cre\u021bescu. Premiera va avea loc luni, 18 septembrie, la ora 19:00, la Sala Mare a teatrului.<\/strong><\/p>\n<p style=\"text-align: justify;\">Spectacolul, pus \u00een scen\u0103 sub \u00eendrumarea regizorului Ioan Cre\u021bescu, exploreaz\u0103 pove\u0219tile unui grup de adolescen\u021bi cu personalit\u0103\u021bi complet diferite.<\/p>\n<p style=\"text-align: justify;\">Prin \u00eemp\u0103rt\u0103\u0219irea experien\u021belor personale, cei cinci tineri ajung s\u0103 \u00een\u021beleag\u0103 mai profund at\u00e2t propria lor identitate, c\u00e2t \u0219i pe ceilal\u021bi, descoperind c\u0103, \u00een ciuda aparen\u021belor, se simt la fel de izola\u021bi \u0219i ne\u00een\u021bele\u0219i.<\/p>\n<p style=\"text-align: justify;\">\u201eCred ca e un spectacol care surprinde aspecte din rela\u021bia elevi-p\u0103rin\u021bi &#8211; profesori, un spectacol \u00een care se vor reg\u0103si. Dar el(spectacolul) nu-\u0219i propune s\u0103 g\u0103seasc\u0103 rezolv\u0103ri, e un spectacol care pune \u00eentreb\u0103ri.\u201d (Ioan Cre\u021bescu, Regizor)<\/p>\n<p style=\"text-align: justify;\"><em>\u201eAud foarte des \u00een jurul meu &#8222;COPIII DIN ZIUA DE AZI NU MAI \u00ceN\u021aELEG DIFEREN\u021aA DINTRE BINE \u0218I R\u0102U, NU MAI RESPECT\u0102 PE NIMENI \u0218I NIMIC&#8221;. Dar, oare, a\u0219a s\u0103 fie? Ei sunt \u00een\u021bele\u0219i? Sunt respecta\u021bi? Se vorbe\u0219te suficient cu ei \u00eenc\u00e2t s\u0103 poat\u0103 trece frumos \u0219i elegant acum, \u00een secolul vitezei \u0219i al informa\u021biei, prin cea mai grea perioad\u0103 &#8211; aceea a adolescen\u021bei? Cred c\u0103 acest spectacol vine ca un semnal de alarm\u0103 pentru cei care doresc s\u0103 \u00een\u021beleag\u0103, pune pe tapet subiecte tabu care ating deopotriv\u0103 copiii \u0219i p\u0103rin\u021bii, profesorii \u0219i elevii\u201d<\/em> &#8211; <strong>Ana Sivu-Daponte<\/strong>, manager.<\/p>\n<p style=\"text-align: justify;\">Scenografia realizat\u0103 de Ana-Maria Udeanu ofer\u0103 publicului o experien\u021b\u0103 vizual\u0103 surprinz\u0103toare, aduc\u00e2nd o perspectiv\u0103 proasp\u0103t\u0103 \u0219i inovatoare asupra designului de scen\u0103.<\/p>\n<p style=\"text-align: justify;\"><em>\u201ePrima interactiune in Giurgiu si o prim\u0103 interactiune cu Teatrul Tudor Vianu. Cum s-ar spune \u201c Omul sfinteste locul!\u201d, de la actori talentati pana la personalul teatrului, dornic sa ajute in orice conditii, spre reusita oricarui proiect. O piesa de teatru cu adolescenti, pentru adolescenti, si nu numai. Un decor minimal, dar totusi puternic emotional, ce pune in evidenta trairile, sentimentele, si intrebarile existentiale prin care trece fiecare licean, decorul avand o patina mai mult decat speciala, care pe parcurs dezvaluie mici surprize ce intaresc mesajul spectacolului. Cu alte cuvinte\u2026va invitam la teatru!\u201d<\/em> \u00a0&#8211; <strong>Ana-Maria Udeanu<\/strong>, scenograf.<\/p>\n<p style=\"text-align: justify;\">\u00cen ceea ce prive\u0219te coregrafia, aceasta poart\u0103 semn\u0103tura talentatei Victoria Bucun, aflat\u0103 deja la a treia colaborare cu teatrul giurgiuvean, dup\u0103 spectacolele \u201eDans\u00e2nd la Lughnasa&#8221; \u0219i &#8222;H\u0103ul Sfin\u021bilor &#8211; Despre oameni \u0219i elfi.\u201d<\/p>\n<p style=\"text-align: justify;\">\u0218i de aceast\u0103 dat\u0103, Victoria Bucun reu\u0219e\u0219te sa impresioneze prin expresivitate \u0219i prin abilitatea sa de a transmite emo\u021bii prin mi\u0219care.<\/p>\n<p style=\"text-align: justify;\"><strong>\u201eZiua \u00een care am \u00een\u021beles\u201d<\/strong><\/p>\n<p style=\"text-align: justify;\">Regia: Ioan Cre\u021bescu<\/p>\n<p style=\"text-align: justify;\">Scenografie: Ana-Maria Udeanu<\/p>\n<p style=\"text-align: justify;\">Coregrafie: Victoria Bucun<\/p>\n<p style=\"text-align: justify;\">Compozi\u021bie muzical\u0103: \u0218erban Chi\u021bu<\/p>\n<p style=\"text-align: justify;\">Distribu\u021bia: Sorin Dinculescu, Anca Pascu, Evelyn Marcu, \u0218tefan Li\u021b\u0103, Vlad B\u00eenzoiu, Vlad Ciubotaru, Georgiana Vra\u021biu, Robert Poiana, Delia Hriscu-Badea<\/p>\n","protected":false},"excerpt":{"rendered":"<p>Teatrul \u201eTudor Vianu\u201d anun\u021b\u0103 premiera spectacolului \u201eZiua \u00een care am \u00een\u021beles\u201d, o produc\u021bie realizat\u0103 de<\/p>\n","protected":false},"author":1,"featured_media":0,"comment_status":"open","ping_status":"open","sticky":false,"template":"","format":"standard","meta":{"footnotes":""},"categories":[6],"tags":[],"class_list":["post-100076","post","type-post","status-publish","format-standard","hentry","category-breaking-news"],"_links":{"self":[{"href":"https:\/\/www.giurgiuveanul.ro\/stiri\/wp-json\/wp\/v2\/posts\/100076","targetHints":{"allow":["GET"]}}],"collection":[{"href":"https:\/\/www.giurgiuveanul.ro\/stiri\/wp-json\/wp\/v2\/posts"}],"about":[{"href":"https:\/\/www.giurgiuveanul.ro\/stiri\/wp-json\/wp\/v2\/types\/post"}],"author":[{"embeddable":true,"href":"https:\/\/www.giurgiuveanul.ro\/stiri\/wp-json\/wp\/v2\/users\/1"}],"replies":[{"embeddable":true,"href":"https:\/\/www.giurgiuveanul.ro\/stiri\/wp-json\/wp\/v2\/comments?post=100076"}],"version-history":[{"count":0,"href":"https:\/\/www.giurgiuveanul.ro\/stiri\/wp-json\/wp\/v2\/posts\/100076\/revisions"}],"wp:attachment":[{"href":"https:\/\/www.giurgiuveanul.ro\/stiri\/wp-json\/wp\/v2\/media?parent=100076"}],"wp:term":[{"taxonomy":"category","embeddable":true,"href":"https:\/\/www.giurgiuveanul.ro\/stiri\/wp-json\/wp\/v2\/categories?post=100076"},{"taxonomy":"post_tag","embeddable":true,"href":"https:\/\/www.giurgiuveanul.ro\/stiri\/wp-json\/wp\/v2\/tags?post=100076"}],"curies":[{"name":"wp","href":"https:\/\/api.w.org\/{rel}","templated":true}]}}