{"id":100088,"date":"2023-09-12T18:37:51","date_gmt":"2023-09-12T15:37:51","guid":{"rendered":"https:\/\/www.giurgiuveanul.ro\/stiri\/?p=100088"},"modified":"2023-09-12T18:37:51","modified_gmt":"2023-09-12T15:37:51","slug":"arestat-preventiv-pentru-violenta-in-familie","status":"publish","type":"post","link":"https:\/\/www.giurgiuveanul.ro\/stiri\/arestat-preventiv-pentru-violenta-in-familie\/","title":{"rendered":"Arestat preventiv pentru violen\u021b\u0103 \u00een familie"},"content":{"rendered":"<p style=\"text-align: justify;\"><strong><a href=\"https:\/\/www.giurgiuveanul.ro\/stiri\/wp-content\/uploads\/2023\/08\/000-catuse_ciocan.jpg\"><img loading=\"lazy\" decoding=\"async\" class=\"aligncenter  wp-image-99762\" src=\"https:\/\/www.giurgiuveanul.ro\/stiri\/wp-content\/uploads\/2023\/08\/000-catuse_ciocan-560x391.jpg\" alt=\"\" width=\"573\" height=\"400\" srcset=\"https:\/\/www.giurgiuveanul.ro\/stiri\/wp-content\/uploads\/2023\/08\/000-catuse_ciocan-560x391.jpg 560w, https:\/\/www.giurgiuveanul.ro\/stiri\/wp-content\/uploads\/2023\/08\/000-catuse_ciocan-250x175.jpg 250w, https:\/\/www.giurgiuveanul.ro\/stiri\/wp-content\/uploads\/2023\/08\/000-catuse_ciocan-400x279.jpg 400w, https:\/\/www.giurgiuveanul.ro\/stiri\/wp-content\/uploads\/2023\/08\/000-catuse_ciocan.jpg 700w\" sizes=\"auto, (max-width: 573px) 100vw, 573px\" \/><\/a>La data de<!--more--> 9 septembrie a.c., ora 05.27, poli\u021bi\u0219tii Sec\u021biei nr.3 Poli\u021bie Rural\u0103 Bolintin Vale au fost sesiza\u021bi prin S.N.U.A.U. 112, de c\u0103tre o femeie, de 74 de ani, din comuna G\u0103iseni, cu privire la faptul c\u0103 fiul s\u0103u provoac\u0103 scandal.<\/strong><\/p>\n<p style=\"text-align: justify;\">\u00cen temeiul sesiz\u0103rii, la fa\u021ba locului s-a deplasat echipa operativ\u0103, care a constatat faptul c\u0103 aspectele sesizate se confirm\u0103, din primele cercet\u0103ri reie\u0219ind faptul c\u0103, \u00een noaptea de 8 spre 9 septembrie a.c., ora 03.30, apelanta, \u00een timp ce se afla la domiciliu, \u00eempreun\u0103 cu o alt\u0103 femeie, de 26 de ani (concubina fiului s\u0103u), pe fondul unui conflict spontan, ar fi fost agresate fizic, prin aplicarea unor lovituri, cu o sc\u00e2ndur\u0103 din lemn, de c\u0103tre fiul acesteia, un b\u0103rbat, de 36 de ani.<\/p>\n<p style=\"text-align: justify;\">Ulterior, b\u0103rbatul ar fi distrus geamurile \u0219i mobilierul unei camere a locuin\u021bei, concubina acestuia fiind transportat\u0103 la spital, pentru acordarea de \u00eengrijiri medicale.<\/p>\n<p style=\"text-align: justify;\">Poli\u021bi\u0219tii au \u00eentocmit un dosar penal sub aspectul s\u0103v\u00e2r\u0219irii infrac\u021biunii de violen\u021b\u0103 \u00een familie, fiind \u00eentocmit \u0219i formularul de evaluare a riscului conform prevederilor legale, constat\u00e2ndu-se faptul c\u0103 exist\u0103 risc iminent, fapt pentru care pe numele b\u0103rbatului de 36 de ani, din comuna G\u0103iseni, a fost emis ordin de protec\u021bie provizoriu.<\/p>\n<p style=\"text-align: justify;\">La data de 11 septembrie a.c., pe baza probatoriului administrat, sub coordonarea procurorului din cadrul Parchetului de pe l\u00e2ng\u0103 Judec\u0103toria Bolintin Vale, b\u0103rbatul b\u0103nuit de s\u0103v\u00e2r\u0219irea infrac\u021biunii de violen\u021b\u0103 \u00een familie, a fost re\u021binut, pentru 24 de ore.<\/p>\n<p style=\"text-align: justify;\">Ast\u0103zi, Parchetul de pe l\u00e2ng\u0103 Judec\u0103toria Bolintin-Vale a exercitat din oficiu ac\u021biunea penal\u0103, sub aspectul s\u0103v\u00e2r\u0219irii infrac\u021biunii de violen\u021b\u0103 \u00een familie, \u00een lipsa formul\u0103rii pl\u00e2ngerii de c\u0103tre persoana v\u0103t\u0103mat\u0103, iar instan\u021ba de judecat\u0103 a dispus, fa\u021b\u0103 de acesta m\u0103sura arest\u0103rii preventive, pentru 30 de zile.<\/p>\n","protected":false},"excerpt":{"rendered":"<p>La data de<\/p>\n","protected":false},"author":1,"featured_media":0,"comment_status":"open","ping_status":"open","sticky":false,"template":"","format":"standard","meta":{"footnotes":""},"categories":[6],"tags":[],"class_list":["post-100088","post","type-post","status-publish","format-standard","hentry","category-breaking-news"],"_links":{"self":[{"href":"https:\/\/www.giurgiuveanul.ro\/stiri\/wp-json\/wp\/v2\/posts\/100088","targetHints":{"allow":["GET"]}}],"collection":[{"href":"https:\/\/www.giurgiuveanul.ro\/stiri\/wp-json\/wp\/v2\/posts"}],"about":[{"href":"https:\/\/www.giurgiuveanul.ro\/stiri\/wp-json\/wp\/v2\/types\/post"}],"author":[{"embeddable":true,"href":"https:\/\/www.giurgiuveanul.ro\/stiri\/wp-json\/wp\/v2\/users\/1"}],"replies":[{"embeddable":true,"href":"https:\/\/www.giurgiuveanul.ro\/stiri\/wp-json\/wp\/v2\/comments?post=100088"}],"version-history":[{"count":0,"href":"https:\/\/www.giurgiuveanul.ro\/stiri\/wp-json\/wp\/v2\/posts\/100088\/revisions"}],"wp:attachment":[{"href":"https:\/\/www.giurgiuveanul.ro\/stiri\/wp-json\/wp\/v2\/media?parent=100088"}],"wp:term":[{"taxonomy":"category","embeddable":true,"href":"https:\/\/www.giurgiuveanul.ro\/stiri\/wp-json\/wp\/v2\/categories?post=100088"},{"taxonomy":"post_tag","embeddable":true,"href":"https:\/\/www.giurgiuveanul.ro\/stiri\/wp-json\/wp\/v2\/tags?post=100088"}],"curies":[{"name":"wp","href":"https:\/\/api.w.org\/{rel}","templated":true}]}}