{"id":100090,"date":"2023-09-13T09:04:33","date_gmt":"2023-09-13T06:04:33","guid":{"rendered":"https:\/\/www.giurgiuveanul.ro\/stiri\/?p=100090"},"modified":"2023-09-13T09:04:33","modified_gmt":"2023-09-13T06:04:33","slug":"isu-giurgiu-13-septembrie-ziua-pompierilor-din-romania","status":"publish","type":"post","link":"https:\/\/www.giurgiuveanul.ro\/stiri\/isu-giurgiu-13-septembrie-ziua-pompierilor-din-romania\/","title":{"rendered":"ISU Giurgiu. 13 septembrie &#8211; Ziua Pompierilor din Rom\u00e2nia"},"content":{"rendered":"<p style=\"text-align: justify;\"><a href=\"https:\/\/www.giurgiuveanul.ro\/stiri\/wp-content\/uploads\/2023\/09\/0000-1.jpg\"><img loading=\"lazy\" decoding=\"async\" class=\"aligncenter  wp-image-100092\" src=\"https:\/\/www.giurgiuveanul.ro\/stiri\/wp-content\/uploads\/2023\/09\/0000-1-560x396.jpg\" alt=\"\" width=\"574\" height=\"406\" srcset=\"https:\/\/www.giurgiuveanul.ro\/stiri\/wp-content\/uploads\/2023\/09\/0000-1-560x396.jpg 560w, https:\/\/www.giurgiuveanul.ro\/stiri\/wp-content\/uploads\/2023\/09\/0000-1-250x177.jpg 250w, https:\/\/www.giurgiuveanul.ro\/stiri\/wp-content\/uploads\/2023\/09\/0000-1-768x544.jpg 768w, https:\/\/www.giurgiuveanul.ro\/stiri\/wp-content\/uploads\/2023\/09\/0000-1-400x283.jpg 400w, https:\/\/www.giurgiuveanul.ro\/stiri\/wp-content\/uploads\/2023\/09\/0000-1.jpg 1105w\" sizes=\"auto, (max-width: 574px) 100vw, 574px\" \/><\/a>Aniversat\u0103 \u00een fiecare an pe 13 septembrie, Ziua Pompierilor din Rom\u00e2nia<!--more--> ne ofer\u0103 ocazia de a rememora un episod glorios din istoria na\u0163ional\u0103 &#8211; lupta purtat\u0103 cu 175 de ani \u00een urm\u0103, pe Dealul Spirii, de compania de pompieri din Bucure\u015fti condus\u0103 de c\u0103pitanul Pavel Z\u0103g\u0103nescu \u00eempotriva numeroasei o\u015ftiri otomane, venit\u0103 s\u0103 \u00eenfr\u00e2ng\u0103 mi\u015fcarea revolu\u0163ionar\u0103 de la 1848.<\/p>\n<p style=\"text-align: justify;\">Institu\u0163ia pompierilor rom\u00e2ni s-a dezvoltat continuu, de la primele interven\u0163ii pentru stingerea incendiilor, la actuala gestionare a tuturor situa\u0163iilor de urgen\u0163\u0103: inunda\u0163ii, alunec\u0103ri de teren, mi\u015fc\u0103ri seismice, epidemii, \u00eenz\u0103peziri, secet\u0103, accidente tehnologice, radiologice, nucleare, biologice sau alte calamit\u0103\u0163i naturale, descarcerare \u015fi prim ajutor acordat persoanelor aflate \u00een situa\u0163ii deosebite.<\/p>\n<p style=\"text-align: justify;\">La ceas aniversar, \u0219ase pompieri, care s-au eviden\u0163iat prin modul exemplar de \u00eendeplinire a atribu\u0163iilor de serviciu, au fost \u00eenainta\u021bi \u00een gradul militar urm\u0103tor, \u00eenaintea expir\u0103rii stagiului minim. Ofi\u021berii \u0219i subofi\u021berii au fost avansa\u021bi \u00een gradele de:<\/p>\n<ul style=\"text-align: justify;\">\n<li>maior: un ofi\u021ber;<\/li>\n<li>c\u0103pitan: un ofi\u021ber;<\/li>\n<li>plutonier adjutant \u0219ef: doi subofi\u021beri;<\/li>\n<li>plutonier major: doi subofi\u021beri.<\/li>\n<\/ul>\n<p style=\"text-align: justify;\"><strong><em>Mesaje de felicitare<\/em><\/strong><\/p>\n<p style=\"text-align: justify;\"><em>\u201ePompierii Rom\u00e2ni aniverseaz\u0103, ast\u0103zi, 175 de ani de c\u00e2nd au scris cu litere de foc ISTORIA \u0162\u0102RII, pe frontispiciul c\u0103reia se reg\u0103sesc n\u0103zuin\u0163ele de libertate social\u0103, independen\u0163\u0103 \u015fi unitate na\u0163ional\u0103 ale poporului rom\u00e2n. <\/em><\/p>\n<p style=\"text-align: justify;\"><em>\u00cen prezent, institu\u021bia noastr\u0103 se bucur\u0103 de un context institu\u0163ional bine definit \u0219i beneficiaz\u0103 de existen\u021ba cadrului legislativ \u0219i a procedurilor menite s\u0103 asigure coordonarea eficient\u0103 \u015fi conducerea integrat\u0103 a for\u0163elor de interven\u0163ie, la nivel na\u021bional. Odat\u0103 cu \u00eendeplinirea \u0219i punerea \u00een practic\u0103 a angajamentelor institu\u021bionale, a\u021bi dovedit profesionalism, iar rezultatele misiunilor desf\u0103\u0219urate ne-au pozi\u021bionat \u00een topul \u00eencrederii popula\u021biei.<\/em><\/p>\n<p style=\"text-align: justify;\"><em>Un serviciu de calitate oferit cet\u0103\u021benilor se raporteaz\u0103 at\u00e2t la preg\u0103tirea salvatorilor, c\u00e2t \u0219i la existen\u021ba tehnicii \u0219i a echipamentelor performante, care s\u0103 defineasc\u0103 succesul misiunilor. Tocmai de aceea, au fost \u0219i r\u0103m\u00e2n prioritare implementarea proiectelor destinate cre\u0219terii performan\u021bei, preg\u0103tirii dumneavoastr\u0103 \u0219i, nu \u00een ultimul r\u00e2nd, eficientiz\u0103rii interven\u021biilor la care sunte\u021bi solicita\u021bi. <\/em><\/p>\n<p style=\"text-align: justify;\"><em>Profilul salvatorului arat\u0103 dragoste \u0219i empatie fa\u021b\u0103 de semeni, iar curajul \u0219i ambi\u021bia reu\u0219itei transpar din succesul misiunilor \u00eencredin\u021bate, at\u00e2t \u00een \u021bar\u0103, c\u00e2t \u0219i peste hotare. Angajamentul Rom\u00e2niei de a spori sprijinul acordat statelor Uniunii Europene prin participarea cu for\u021be \u0219i mijloace, sub egida Mecanismului European de Protec\u021bie Civil\u0103, trebuie s\u0103 continue.<\/em><\/p>\n<p style=\"text-align: justify;\"><em>Cu sprijinul Departamentului pentru Situa\u021bii de Urgen\u021b\u0103 \u0219i a structurilor aflate \u00een coordonare, prin r\u0103spunsul rapid \u0219i eficient manifestat la solicit\u0103rile \u021b\u0103rilor puternic afectate de diverse situa\u021bii de urgen\u021b\u0103, am reu\u0219it ca prin intermediul echipelor plecate \u00een misiuni s\u0103 demonstr\u0103m tuturor c\u0103 suntem solidari \u0219i empatici, atunci c\u00e2nd o situa\u021bie critic\u0103 amenin\u021b\u0103 comunit\u0103\u021bile, chiar \u0219i \u00een afara grani\u021belor \u021b\u0103rii. Rom\u00e2nia se m\u00e2ndre\u0219te cu astfel de oameni \u0219i am deplina convingere c\u0103 spiritul de echip\u0103, coeziunea \u0219i sus\u021binerea reciproc\u0103 r\u0103m\u00e2n reperele esen\u021biale \u0219i definitorii ale climatului de \u00eencredere, motivant, deschiz\u0103tor de drumuri c\u0103tre reu\u0219ite.<\/em><\/p>\n<p style=\"text-align: justify;\"><em>La ceas aniversar, adresez mul\u0163umiri tuturor Pompierilor Rom\u00e2ni pentru activitatea depus\u0103 \u015fi rezultatele profesionale ob\u0163inute, al\u0103turi de sincere ur\u0103ri de s\u0103n\u0103tate, fericire \u015fi \u00eempliniri!<\/em><em>\u201d <\/em><\/p>\n<p style=\"text-align: justify;\"><strong><em>Inspectorul General al IGSU, General Iamandi Dan-Paul<\/em><\/strong><\/p>\n<p style=\"text-align: justify;\"><em>\u00a0<\/em><\/p>\n<p style=\"text-align: justify;\"><em>\u201cGestionarea problematicii din ce \u00een ce mai complexe din sfera situa\u0163iilor de urgen\u0163\u0103 presupune existen\u021ba unor oameni profesioni\u0219ti, curajo\u0219i, devota\u021bi, pe care te po\u021bi baza \u00een orice moment \u0219i care sunt dispu\u015fi la sacrificii. \u00a0Pompierii militari din cadrul ISU Giurgiu au dovedit, de nenum\u0103rate ori, c\u0103 au aceste calit\u0103\u0163i, fiind permanent \u00een slujba cet\u0103\u0163enilor \u015fi a comunit\u0103\u0163ii.<\/em><\/p>\n<p style=\"text-align: justify;\"><em>\u0218i tocmai aceast\u0103 seriozitate i-a determinat pe cet\u0103\u021beni s\u0103 aib\u0103 din ce \u00een ce mai mult\u0103 \u00eencredere \u00een pompieri \u0219i s\u0103-i numeasc\u0103 \u201csalvatori\u201d, iar aceast\u0103 \u00eencredere este consolidat\u0103, zi de zi, prin fiecare interven\u021bie \u0219i prin fiecare via\u021b\u0103 pe care o salv\u0103m.<\/em><\/p>\n<p style=\"text-align: justify;\"><em>La ceas aniversar le mul\u021bumesc tuturor pompierilor pentru activitatea pe care o desf\u0103\u0219oar\u0103 \u00een fiecare zi, pentru spiritul de sacrificiu \u0219i efortul pe care \u00eel depun \u00een acele misiuni greu de gestionat, dar pe care reu\u0219esc, de fiecare dat<\/em><em>\u0103<\/em><em>, s\u0103 le \u00eendeplineasc\u0103, f\u0103r\u0103 probleme, oferind astfel siguran\u021b\u0103 giurgiuvenilor. Le transmit cele mai calde felicit\u0103ri, s\u0103n\u0103tate, putere de munc\u0103 \u0219i \u00eempliniri \u00een plan personal \u0219i profesional!<\/em><\/p>\n<p style=\"text-align: justify;\"><em>La mul\u021bi ani tuturor pompierilor!\u201d<\/em><\/p>\n<p style=\"text-align: justify;\"><em>\u00a0<strong>Inspectorul \u0219ef al ISU Giurgiu, colonel Covaci Radu<\/strong><\/em><\/p>\n<p style=\"text-align: justify;\"><em>\u00a0<\/em><\/p>\n<p style=\"text-align: justify;\">\n<p style=\"text-align: justify;\">Compartimentul Informare \u0219i Rela\u021bii Publice<\/p>\n","protected":false},"excerpt":{"rendered":"<p>Aniversat\u0103 \u00een fiecare an pe 13 septembrie, Ziua Pompierilor din Rom\u00e2nia<\/p>\n","protected":false},"author":1,"featured_media":0,"comment_status":"open","ping_status":"open","sticky":false,"template":"","format":"standard","meta":{"footnotes":""},"categories":[6],"tags":[],"class_list":["post-100090","post","type-post","status-publish","format-standard","hentry","category-breaking-news"],"_links":{"self":[{"href":"https:\/\/www.giurgiuveanul.ro\/stiri\/wp-json\/wp\/v2\/posts\/100090","targetHints":{"allow":["GET"]}}],"collection":[{"href":"https:\/\/www.giurgiuveanul.ro\/stiri\/wp-json\/wp\/v2\/posts"}],"about":[{"href":"https:\/\/www.giurgiuveanul.ro\/stiri\/wp-json\/wp\/v2\/types\/post"}],"author":[{"embeddable":true,"href":"https:\/\/www.giurgiuveanul.ro\/stiri\/wp-json\/wp\/v2\/users\/1"}],"replies":[{"embeddable":true,"href":"https:\/\/www.giurgiuveanul.ro\/stiri\/wp-json\/wp\/v2\/comments?post=100090"}],"version-history":[{"count":0,"href":"https:\/\/www.giurgiuveanul.ro\/stiri\/wp-json\/wp\/v2\/posts\/100090\/revisions"}],"wp:attachment":[{"href":"https:\/\/www.giurgiuveanul.ro\/stiri\/wp-json\/wp\/v2\/media?parent=100090"}],"wp:term":[{"taxonomy":"category","embeddable":true,"href":"https:\/\/www.giurgiuveanul.ro\/stiri\/wp-json\/wp\/v2\/categories?post=100090"},{"taxonomy":"post_tag","embeddable":true,"href":"https:\/\/www.giurgiuveanul.ro\/stiri\/wp-json\/wp\/v2\/tags?post=100090"}],"curies":[{"name":"wp","href":"https:\/\/api.w.org\/{rel}","templated":true}]}}