{"id":100105,"date":"2023-09-14T09:31:13","date_gmt":"2023-09-14T06:31:13","guid":{"rendered":"https:\/\/www.giurgiuveanul.ro\/stiri\/?p=100105"},"modified":"2023-09-14T09:37:34","modified_gmt":"2023-09-14T06:37:34","slug":"bine-pentru-maine-urca-pe-scena-ateneului-roman-festivitatea-de-premiere-a-galei-societatii-civile-2023-editia-xxi","status":"publish","type":"post","link":"https:\/\/www.giurgiuveanul.ro\/stiri\/bine-pentru-maine-urca-pe-scena-ateneului-roman-festivitatea-de-premiere-a-galei-societatii-civile-2023-editia-xxi\/","title":{"rendered":"\u201eBine pentru m\u00e2ine\u201d urc\u0103 pe scena Ateneului Rom\u00e2n. Festivitatea de premiere a Galei Societ\u0103\u021bii Civile 2023, edi\u021bia XXI"},"content":{"rendered":"<p style=\"text-align: justify;\"><strong><a href=\"https:\/\/www.giurgiuveanul.ro\/stiri\/wp-content\/uploads\/2023\/09\/bine-pentru-maine-urca-pe-scena-ateneului-roman-festivitatea-de-premiere-a-galei-societa-ii-civile-2023-edi-ia-xxi-21972.jpg\"><img loading=\"lazy\" decoding=\"async\" class=\"aligncenter wp-image-100106\" src=\"https:\/\/www.giurgiuveanul.ro\/stiri\/wp-content\/uploads\/2023\/09\/bine-pentru-maine-urca-pe-scena-ateneului-roman-festivitatea-de-premiere-a-galei-societa-ii-civile-2023-edi-ia-xxi-21972-560x311.jpg\" alt=\"\" width=\"578\" height=\"321\" srcset=\"https:\/\/www.giurgiuveanul.ro\/stiri\/wp-content\/uploads\/2023\/09\/bine-pentru-maine-urca-pe-scena-ateneului-roman-festivitatea-de-premiere-a-galei-societa-ii-civile-2023-edi-ia-xxi-21972-560x311.jpg 560w, https:\/\/www.giurgiuveanul.ro\/stiri\/wp-content\/uploads\/2023\/09\/bine-pentru-maine-urca-pe-scena-ateneului-roman-festivitatea-de-premiere-a-galei-societa-ii-civile-2023-edi-ia-xxi-21972-250x139.jpg 250w, https:\/\/www.giurgiuveanul.ro\/stiri\/wp-content\/uploads\/2023\/09\/bine-pentru-maine-urca-pe-scena-ateneului-roman-festivitatea-de-premiere-a-galei-societa-ii-civile-2023-edi-ia-xxi-21972-768x427.jpg 768w, https:\/\/www.giurgiuveanul.ro\/stiri\/wp-content\/uploads\/2023\/09\/bine-pentru-maine-urca-pe-scena-ateneului-roman-festivitatea-de-premiere-a-galei-societa-ii-civile-2023-edi-ia-xxi-21972-400x222.jpg 400w, https:\/\/www.giurgiuveanul.ro\/stiri\/wp-content\/uploads\/2023\/09\/bine-pentru-maine-urca-pe-scena-ateneului-roman-festivitatea-de-premiere-a-galei-societa-ii-civile-2023-edi-ia-xxi-21972.jpg 900w\" sizes=\"auto, (max-width: 578px) 100vw, 578px\" \/><\/a>Gala Societ\u0103\u0163ii Civile, un proiect The Institute,\u00a0premiaz\u0103<!--more--> mar\u021bi, 26 septembrie, de la 19:30, la Ateneul Rom\u00e2n\u00a0din Bucure\u0219ti cele mai bune proiecte ale sectorului asociativ din Rom\u00e2nia \u00eenscrise \u00een competi\u0163ie<\/strong>.<\/p>\n<p style=\"text-align: justify;\">Anul acesta,\u00a0<a href=\"https:\/\/www.galasocietatiicivile.ro\/participants.php\" target=\"_blank\" rel=\"noopener noreferrer\"><strong>238<\/strong><\/a>\u00a0<a href=\"https:\/\/www.galasocietatiicivile.ro\/participants.php\" target=\"_blank\" rel=\"noopener noreferrer\"><strong>de ini\u0163iative<\/strong><\/a>, respectiv 182 proiecte, 23 programe \u0219i 33 de campanii de comunicare s-au \u00eenscris la cea de-a XXI-a edi\u0163ie a Galei Societ\u0103\u0163ii Civile, cel mai amplu proiect care promoveaz\u0103 \u0219i premiaz\u0103 activitatea sectorului asociativ din Rom\u00e2nia. Proiectele au fost jurizate de peste\u00a0<a href=\"https:\/\/www.galasocietatiicivile.ro\/jury.php\" target=\"_blank\" rel=\"noopener noreferrer\"><strong>80<\/strong>\u00a0<strong>de speciali\u015fti<\/strong><\/a>\u00a0\u00een implementarea \u0219i evaluarea proiectelor, cercet\u0103tori, sociologi, jurnali\u0219ti, lideri \u0219i formatori de opinie ai societ\u0103\u021bii civile \u0219i ai sectorului non-profit, la care se adaug\u0103 reprezentan\u021bi ai sectorului privat.<\/p>\n<p style=\"text-align: justify;\">Gala Societ\u0103\u021bii Civile se desf\u0103\u0219oar\u0103 anul acesta sub sloganul \u201e<em>Bine pentru M\u00e2ine<\/em>&#8222;, eviden\u021biind noile genera\u021bii \u0219i responsabilitatea lor de a continua \u0219i amplifica schimb\u0103rile pozitive \u00een societate. Prin eforturile lor comune, tinerii \u0219i to\u021bi cei implica\u021bi \u00een societatea civil\u0103 pot contribui la construirea unui viitor mai luminos \u0219i mai incluziv pentru to\u021bi.<\/p>\n<p style=\"text-align: justify;\">Pentru c\u0103 edi\u021bia de anul acesta este dedicat\u0103 tinerilor din societatea civil\u0103, prezentatorul evenimentului este \u0219i el un t\u00e2n\u0103r actor de teatru \u0219i film \u00een ascensiune: Bogdan Iancu, absolvent UNATC, cunoscut pentru spectacolele \u201e<em>Romeo + Julieta<\/em>\u201d, \u201e<em>Individual Compus<\/em>\u201d \u0219i din filme ca \u201e<em>The Perfect Escape<\/em>\u201d sau seriale ca \u201e<em>The Witcher<\/em>\u201d. \u00cen prezent lucreaz\u0103 la produc\u021biile \u201e<em>Party<\/em>\u201d la unteatru \u0219i \u201e<em>familie normal\u0103.jpg<\/em>\u201d la teatrul\u00a0Apollo111.<\/p>\n<p style=\"text-align: justify;\">\u201e<em>Prin mesajul de anul acesta, \u201eBine pentru M\u00e2ine\u201d, Gala Socet\u0103\u021bii Civile prezint\u0103 o serie de tineri p\u00e2n\u0103 \u00een 25 de ani, care au creat de la zero ni\u0219te proiecte at\u00e2t de eficiente \u0219i care au poten\u021bialul s\u0103 ajute oameni, iar ac\u021biunile lor ar trebui s\u0103 ne fac\u0103 pe to\u021bi m\u00e2ndri. M\u0103 simt onorat s\u0103 \u00eei pot prezenta \u0219i cunoa\u0219te pe ace\u0219ti oameni minuna\u021bi, al\u0103turi de to\u021bi ceilal\u021bi reprezentan\u021bi ai societ\u0103\u021bii civile, care lucreaz\u0103 zi de zi pentru un viitor mai bun pentru noile genera\u021bii<\/em>\u201d spune <strong>Bogdan Iancu<\/strong>, <em>moderatorul Galei Societ\u0103\u021bii Civile 2023<\/em>.<\/p>\n<p style=\"text-align: justify;\"><img loading=\"lazy\" decoding=\"async\" class=\"aligncenter\" src=\"https:\/\/www.galasocietatiicivile.ro\/media\/file\/PressRelease_ModeratorGSC2023.png\" alt=\"\" width=\"579\" height=\"322\" \/><\/p>\n<p style=\"text-align: justify;\">Pe l\u00e2ng\u0103 c\u00e2\u0219tig\u0103torii din sec\u021biunile tradi\u021bionale ale competi\u021biei, pe 26 septembrie vom afla \u0219i c\u00e2\u0219tig\u0103torii Premiilor pentru Impact Social. Acestea sunt dezvoltate al\u0103turi de\u00a0<a href=\"https:\/\/www.ashoka.org\/en-ro\/country\/romania\" target=\"_blank\" rel=\"noopener noreferrer\"><strong>Ashoka Rom\u00e2nia<\/strong><\/a>, partener strategic, \u0219i acordate de un\u00a0<a href=\"https:\/\/www.galasocietatiicivile.ro\/presa\/comunicate\/juriul-pentru-impact-social-edi-ia-21-24306.html\" target=\"_blank\" rel=\"noopener noreferrer\">juriu special<\/a>, format din 5 membri ai comunit\u0103\u021bii Ashoka. Juriul a evaluat top 5 proiecte cel mai bine notate \u00een urma primei etape de jurizare GSC, \u00eenscrise \u00een categoria A, pe baza urm\u0103toarelor criterii:\u00a0<strong>relevan\u021b\u0103, rezultate, durabilitate<\/strong>\u00a0\u0219i\u00a0<strong>nivelul de impact \u0219i poten\u021bialul de impac<\/strong><strong>t<\/strong>.<\/p>\n<p style=\"text-align: center;\"><strong>***<\/strong><\/p>\n<p>&nbsp;<\/p>\n<p style=\"text-align: justify;\"><a href=\"https:\/\/institute.ro\/\"><strong>The Institute<\/strong>\u00a0<\/a>este o organiza\u0163ie neguvernamental\u0103, cu caracter autonom, care sus\u0163ine interesele comunit\u0103\u0163ii creative din Rom\u00e2nia \u00een dialogul cu institu\u0163iile statului \u015fi cu organiza\u021bii interna\u0163ionale. Anual, The Institute reune\u0219te \u00een jurul ini\u021biativelor, proiectelor \u0219i evenimentelor desf\u0103\u0219urate peste 80.000 de persoane.\u00a0Este fondator al proiectelor<a href=\"https:\/\/romaniandesignweek.ro\/\"><strong>\u00a0Romanian Design Week<\/strong><\/a>,<a href=\"https:\/\/www.diplomafestival.ro\/\"><strong>\u00a0DIPLOMA Show<\/strong><\/a>,\u00a0<a href=\"https:\/\/internetics.ro\/\"><strong>Internetics<\/strong><\/a>\u00a0 \u0219i ini\u021biator al programelor<a href=\"https:\/\/asap-romania.ro\/\"><strong>\u00a0ASAP Rom\u00e2nia<\/strong><\/a>,<a href=\"https:\/\/cartierulcreativ.ro\/\">\u00a0<strong>Cartierul Creativ<\/strong><\/a>\u00a0\u0219i<a href=\"https:\/\/combinat.ro\/\">\u00a0<strong>Combinat<\/strong><\/a>.<\/p>\n<p style=\"text-align: justify;\"><strong>Gala Societ\u0103\u021bii Civile este un proiect\u00a0<\/strong><a href=\"https:\/\/institute.ro\/\"><strong>The Institute<\/strong><\/a><strong>.<\/strong><\/p>\n<p style=\"text-align: justify;\"><strong>Partener Principal:<\/strong>\u00a0Rompetrol<\/p>\n<p style=\"text-align: justify;\"><strong>Partener pentru Sustenabilitate:<\/strong>\u00a0Lidl Rom\u00e2nia<br \/>\n<strong>Partener Sec\u021biune Educa\u021bie \u0219i \u00cenv\u0103\u021b\u0103m\u00e2nt \u0219i Sec\u021biune Programe:<\/strong>\u00a0BCR<\/p>\n<p style=\"text-align: justify;\"><strong>Partener Sec\u021biune S\u0103n\u0103tate:<\/strong>\u00a0Secom Healthcare \u0219i Good Routine by Secom<br \/>\n<strong>Partener Sec\u021biune Proiecte realizate cu implicarea Voluntarilor:\u00a0<\/strong>Helinick<\/p>\n<p style=\"text-align: justify;\"><strong>Partener Sec\u021biune Dezvoltare Economic\u0103 \u0219i Social\u0103:<\/strong>\u00a0Mastercard<\/p>\n<p style=\"text-align: justify;\"><strong>Parteneri Strategici:\u00a0<\/strong>Ashoka Rom\u00e2nia, ASAP Rom\u00e2nia<\/p>\n<p style=\"text-align: justify;\"><strong>Parteneri Culturali:<\/strong>\u00a0Prim\u0103ria Municipiului Bucure\u0219ti prin ARCUB<\/p>\n<p style=\"text-align: justify;\"><strong>Parteneri Media Strategici:\u00a0<\/strong>Pro TV, Rock FM, HotNews.ro, Euromedia, YOOH<\/p>\n<p style=\"text-align: justify;\"><strong>Parteneri Media:<\/strong>\u00a0IQads.ro, RADOR, AGERPRES, spotmedia.ro, Zile \u0219i Nop\u021bi, Revista Biz, Rom\u00e2nia Pozitiv\u0103, \u0218tiri.ONG<\/p>\n<p style=\"text-align: justify;\"><strong>Parteneri Tradi\u0163ionali:<\/strong>\u00a0Netvibes Rom\u00e2nia, MediaTrust Rom\u00e2nia<\/p>\n<p style=\"text-align: justify;\"><strong>O campanie:<\/strong>\u00a0Gavril\u0103&amp;Asocia\u0163ii<\/p>\n<p style=\"text-align: justify;\">Pentru mai multe informa\u0163ii despre Gala Societ\u0103\u0163ii Civile 2023, vizita\u0163i\u00a0<a href=\"http:\/\/www.galasocietatiicivile.ro\/\">www.galasocietatiicivile.ro<\/a>.<\/p>\n","protected":false},"excerpt":{"rendered":"<p>Gala Societ\u0103\u0163ii Civile, un proiect The Institute,\u00a0premiaz\u0103<\/p>\n","protected":false},"author":1,"featured_media":0,"comment_status":"open","ping_status":"open","sticky":false,"template":"","format":"standard","meta":{"footnotes":""},"categories":[6],"tags":[],"class_list":["post-100105","post","type-post","status-publish","format-standard","hentry","category-breaking-news"],"_links":{"self":[{"href":"https:\/\/www.giurgiuveanul.ro\/stiri\/wp-json\/wp\/v2\/posts\/100105","targetHints":{"allow":["GET"]}}],"collection":[{"href":"https:\/\/www.giurgiuveanul.ro\/stiri\/wp-json\/wp\/v2\/posts"}],"about":[{"href":"https:\/\/www.giurgiuveanul.ro\/stiri\/wp-json\/wp\/v2\/types\/post"}],"author":[{"embeddable":true,"href":"https:\/\/www.giurgiuveanul.ro\/stiri\/wp-json\/wp\/v2\/users\/1"}],"replies":[{"embeddable":true,"href":"https:\/\/www.giurgiuveanul.ro\/stiri\/wp-json\/wp\/v2\/comments?post=100105"}],"version-history":[{"count":0,"href":"https:\/\/www.giurgiuveanul.ro\/stiri\/wp-json\/wp\/v2\/posts\/100105\/revisions"}],"wp:attachment":[{"href":"https:\/\/www.giurgiuveanul.ro\/stiri\/wp-json\/wp\/v2\/media?parent=100105"}],"wp:term":[{"taxonomy":"category","embeddable":true,"href":"https:\/\/www.giurgiuveanul.ro\/stiri\/wp-json\/wp\/v2\/categories?post=100105"},{"taxonomy":"post_tag","embeddable":true,"href":"https:\/\/www.giurgiuveanul.ro\/stiri\/wp-json\/wp\/v2\/tags?post=100105"}],"curies":[{"name":"wp","href":"https:\/\/api.w.org\/{rel}","templated":true}]}}