{"id":100112,"date":"2023-09-14T10:41:04","date_gmt":"2023-09-14T07:41:04","guid":{"rendered":"https:\/\/www.giurgiuveanul.ro\/stiri\/?p=100112"},"modified":"2023-09-14T10:41:04","modified_gmt":"2023-09-14T07:41:04","slug":"giurgiuvenii-sunt-invitati-la-festivalul-prajiturii-garash-in-ruse","status":"publish","type":"post","link":"https:\/\/www.giurgiuveanul.ro\/stiri\/giurgiuvenii-sunt-invitati-la-festivalul-prajiturii-garash-in-ruse\/","title":{"rendered":"Giurgiuvenii sunt invita\u0163i la Festivalul pr\u0103jiturii \u201dGarash\u201d, \u00een Ruse"},"content":{"rendered":"<p style=\"text-align: justify;\"><strong><a href=\"https:\/\/www.giurgiuveanul.ro\/stiri\/wp-content\/uploads\/2023\/09\/376714130_804768111655877_8879183277454433541_n.jpg\"><img loading=\"lazy\" decoding=\"async\" class=\"aligncenter  wp-image-100113\" src=\"https:\/\/www.giurgiuveanul.ro\/stiri\/wp-content\/uploads\/2023\/09\/376714130_804768111655877_8879183277454433541_n-319x450.jpg\" alt=\"\" width=\"561\" height=\"791\" srcset=\"https:\/\/www.giurgiuveanul.ro\/stiri\/wp-content\/uploads\/2023\/09\/376714130_804768111655877_8879183277454433541_n-319x450.jpg 319w, https:\/\/www.giurgiuveanul.ro\/stiri\/wp-content\/uploads\/2023\/09\/376714130_804768111655877_8879183277454433541_n-212x300.jpg 212w, https:\/\/www.giurgiuveanul.ro\/stiri\/wp-content\/uploads\/2023\/09\/376714130_804768111655877_8879183277454433541_n-768x1084.jpg 768w, https:\/\/www.giurgiuveanul.ro\/stiri\/wp-content\/uploads\/2023\/09\/376714130_804768111655877_8879183277454433541_n-1088x1536.jpg 1088w, https:\/\/www.giurgiuveanul.ro\/stiri\/wp-content\/uploads\/2023\/09\/376714130_804768111655877_8879183277454433541_n-400x565.jpg 400w, https:\/\/www.giurgiuveanul.ro\/stiri\/wp-content\/uploads\/2023\/09\/376714130_804768111655877_8879183277454433541_n.jpg 1134w\" sizes=\"auto, (max-width: 561px) 100vw, 561px\" \/><\/a>Vecinii bulgari din Ruse invit\u0103 giurgiuvenii la<!--more--> Festivalul pr\u0103jiturii \u201dGarash\u201d<\/strong><\/p>\n<p style=\"text-align: justify;\">\n<p style=\"text-align: justify;\">S\u00e2mb\u0103t\u0103, 16 septembrie 2023, \u00eencep\u00e2nd cu ora la 10:00, la Ruse va avea loc cea de-a doua edi\u021bie a Festivalului pr\u0103jiturii \u201dGarash\u201d, invita\u021bia fiind lansat\u0103 de c\u0103tre vecinii bulgari \u0219i pentru giurgiuveni.<\/p>\n<p style=\"text-align: justify;\">\n<p style=\"text-align: justify;\">Prajitura Garash a fost creat\u0103 de cofetarul Kosta Garash, \u00een Ruse la sf\u00e2r\u0219itul secolului al XIX &#8211; lea. \u00cen cadrul evenimentului de s\u00e2mb\u0103t\u0103, 16 septembrie, 11 patiserii vor prezenta diferite versiuni ale pr\u0103jiturii, cu acela\u0219i prilej fiind organizate mai multe activit\u0103\u021bi \u0219i jocuri.<\/p>\n<p style=\"text-align: justify;\">\n<p style=\"text-align: justify;\">\u00cencep\u00e2nd cu ora 20:00, s\u0103rb\u0103toarea va fi \u00eencheiat\u0103 cu un concert, care va avea loc \u00een fa\u021ba Prim\u0103riei Ruse. Invitatul special al concertului este celebrul interpret de renume mondial &#8211; Nana.<\/p>\n<p style=\"text-align: justify;\">\n<p style=\"text-align: justify;\">Programul Festivalului pr\u0103jiturii Garash:<\/p>\n<p style=\"text-align: justify;\">\n<p style=\"text-align: justify;\">10:00-11:00 &#8211; concurs pentru neprofesioni\u0219ti pentru cea mai bun\u0103 pr\u0103jitur\u0103 Garash;<\/p>\n<p style=\"text-align: justify;\">\n<p style=\"text-align: justify;\">10:30 &#8211; Tur pietonal ghidat &#8211; plecare de la Monumentul Libert\u0103\u021bii, grup de maxim 30 de persoane;<\/p>\n<p style=\"text-align: justify;\">\n<p style=\"text-align: justify;\">11:00-12:00 &#8211; joc competitiv adresat copiilor \u00eentre 5 si 9 ani, organizat de Academia de Sport pentru Copii \u201dPeter Pan\u201d , fa\u021ba Palatului de Justi\u021bie;<\/p>\n<p style=\"text-align: justify;\">\n<p style=\"text-align: justify;\">12:00-13:30 &#8211; \u201dRuse dirijeaz\u0103 opera\u201d &#8211; concert sus\u021binut de Opera de Stat Ruse, dirijor Dimitar Kosev, \u00een fa\u021ba Dohodno zdanie;<\/p>\n<p style=\"text-align: justify;\">\n<p style=\"text-align: justify;\">13:30 &#8211; Procesiune a Legiunii Rom\u00e2ne \u00een Pia\u021ba Libert\u0103\u021bii;<\/p>\n<p style=\"text-align: justify;\">\n<p style=\"text-align: justify;\">14:00 &#8211; Spectacol muzical al ansamblului de camer\u0103 al Operei de Stat Ruse, \u00een fa\u021ba Monumentului Libert\u0103\u021bii;<\/p>\n<p style=\"text-align: justify;\">\n<p style=\"text-align: justify;\">14:30 &#8211; Tur pietonal ghidat cu plecare de la Monumentul Libert\u0103\u021bii, grup de maxim 30 de persoane;<\/p>\n<p style=\"text-align: justify;\">\n<p style=\"text-align: justify;\">15:00-19:00 &#8211; Photo box, \u00een fa\u021ba cl\u0103dirii Dohodno zdanie;<\/p>\n<p style=\"text-align: justify;\">\n<p style=\"text-align: justify;\">17:00 &#8211; Tur pietonal ghidat cu plecare de la Monumentul Libert\u0103\u021bii, grup de maxim 30 de persoane;<\/p>\n<p style=\"text-align: justify;\">\n<p style=\"text-align: justify;\">17:00-18:30 &#8211; Atelier culinar pentru copii \u201dGustos \u0219i util\u201d, pentru copii cu v\u00e2rste cuprinse \u00eentre 5 \u0219i 12 ani. Concursul \u201dMama si eu, tata \u0219i eu\u201d, \u00een fa\u021ba cl\u0103dirii Dohodno zdanie;<\/p>\n<p style=\"text-align: justify;\">\n<p style=\"text-align: justify;\">17:30-18:00 &#8211; Anima\u021bie pentru copii &#8211; \u0218coala de Turism \u201dIvan P.Pavlov\u201d Ruse, \u00een fa\u021ba Palatului de Justi\u021bie;<\/p>\n<p style=\"text-align: justify;\">\n<p style=\"text-align: justify;\">18:00 &#8211; Participarea \u0218colii de Art\u0103 \u0219i Cultur\u0103 \u201dARTiKUL\u201d \u0219i a altor interpre\u021bi din Ruse, \u00een fa\u021ba Palatului de Justi\u021bie;<\/p>\n<p style=\"text-align: justify;\">\n<p style=\"text-align: justify;\">20:00 &#8211; Concert cu participarea Studioului de Dans \u201dFreedum\u201d, Billy the Kid \u0219i D3MO \u0219i a interpretului de renume mondial din anii `90 &#8211; NANA a.k.a. Darkman, \u00een fa\u021ba Prim\u0103riei Ruse;<\/p>\n<p style=\"text-align: justify;\">\n<p style=\"text-align: justify;\">22:30 &#8211; Focuri de artificii<\/p>\n","protected":false},"excerpt":{"rendered":"<p>Vecinii bulgari din Ruse invit\u0103 giurgiuvenii la<\/p>\n","protected":false},"author":1,"featured_media":0,"comment_status":"open","ping_status":"open","sticky":false,"template":"","format":"standard","meta":{"footnotes":""},"categories":[6],"tags":[],"class_list":["post-100112","post","type-post","status-publish","format-standard","hentry","category-breaking-news"],"_links":{"self":[{"href":"https:\/\/www.giurgiuveanul.ro\/stiri\/wp-json\/wp\/v2\/posts\/100112","targetHints":{"allow":["GET"]}}],"collection":[{"href":"https:\/\/www.giurgiuveanul.ro\/stiri\/wp-json\/wp\/v2\/posts"}],"about":[{"href":"https:\/\/www.giurgiuveanul.ro\/stiri\/wp-json\/wp\/v2\/types\/post"}],"author":[{"embeddable":true,"href":"https:\/\/www.giurgiuveanul.ro\/stiri\/wp-json\/wp\/v2\/users\/1"}],"replies":[{"embeddable":true,"href":"https:\/\/www.giurgiuveanul.ro\/stiri\/wp-json\/wp\/v2\/comments?post=100112"}],"version-history":[{"count":0,"href":"https:\/\/www.giurgiuveanul.ro\/stiri\/wp-json\/wp\/v2\/posts\/100112\/revisions"}],"wp:attachment":[{"href":"https:\/\/www.giurgiuveanul.ro\/stiri\/wp-json\/wp\/v2\/media?parent=100112"}],"wp:term":[{"taxonomy":"category","embeddable":true,"href":"https:\/\/www.giurgiuveanul.ro\/stiri\/wp-json\/wp\/v2\/categories?post=100112"},{"taxonomy":"post_tag","embeddable":true,"href":"https:\/\/www.giurgiuveanul.ro\/stiri\/wp-json\/wp\/v2\/tags?post=100112"}],"curies":[{"name":"wp","href":"https:\/\/api.w.org\/{rel}","templated":true}]}}