{"id":100115,"date":"2023-09-14T16:30:35","date_gmt":"2023-09-14T13:30:35","guid":{"rendered":"https:\/\/www.giurgiuveanul.ro\/stiri\/?p=100115"},"modified":"2023-09-14T16:38:22","modified_gmt":"2023-09-14T13:38:22","slug":"la-gloire-inca-un-proiect-imobiliar-in-giurgiu-51-de-apartamente-chiar-langa-primaria-municipiului","status":"publish","type":"post","link":"https:\/\/www.giurgiuveanul.ro\/stiri\/la-gloire-inca-un-proiect-imobiliar-in-giurgiu-51-de-apartamente-chiar-langa-primaria-municipiului\/","title":{"rendered":"La GLOIRE &#8211; \u00eenc\u0103 un proiect imobiliar \u00een Giurgiu! 51 de apartamente chiar l\u00e2ng\u0103 prim\u0103ria municipiului!"},"content":{"rendered":"<p style=\"text-align: justify;\"><strong><a href=\"https:\/\/www.giurgiuveanul.ro\/stiri\/wp-content\/uploads\/2023\/09\/00000000.jpg\"><img loading=\"lazy\" decoding=\"async\" class=\"aligncenter wp-image-100116\" src=\"https:\/\/www.giurgiuveanul.ro\/stiri\/wp-content\/uploads\/2023\/09\/00000000-560x358.jpg\" alt=\"\" width=\"576\" height=\"368\" srcset=\"https:\/\/www.giurgiuveanul.ro\/stiri\/wp-content\/uploads\/2023\/09\/00000000-560x358.jpg 560w, https:\/\/www.giurgiuveanul.ro\/stiri\/wp-content\/uploads\/2023\/09\/00000000-250x160.jpg 250w, https:\/\/www.giurgiuveanul.ro\/stiri\/wp-content\/uploads\/2023\/09\/00000000-768x491.jpg 768w, https:\/\/www.giurgiuveanul.ro\/stiri\/wp-content\/uploads\/2023\/09\/00000000-1536x982.jpg 1536w, https:\/\/www.giurgiuveanul.ro\/stiri\/wp-content\/uploads\/2023\/09\/00000000-2048x1309.jpg 2048w, https:\/\/www.giurgiuveanul.ro\/stiri\/wp-content\/uploads\/2023\/09\/00000000-400x256.jpg 400w\" sizes=\"auto, (max-width: 576px) 100vw, 576px\" \/><\/a>La GLOIRE Giurgiu reprezint\u0103 un pas \u00eenainte \u00een arhitectura modern\u0103, combin\u00e2nd<!--more--> elegan\u021ba cu func\u021bionalitatea \u00eentr-o loca\u021bie de prestigiu, l\u00e2ng\u0103 prim\u0103rie, pe Bulevardul CFR nr. 55.<\/strong><\/p>\n<p><a href=\"https:\/\/www.giurgiuveanul.ro\/stiri\/wp-content\/uploads\/2023\/09\/000-scaled.jpg\"><img loading=\"lazy\" decoding=\"async\" class=\"aligncenter  wp-image-100122\" src=\"https:\/\/www.giurgiuveanul.ro\/stiri\/wp-content\/uploads\/2023\/09\/000-560x311.jpg\" alt=\"\" width=\"571\" height=\"317\" srcset=\"https:\/\/www.giurgiuveanul.ro\/stiri\/wp-content\/uploads\/2023\/09\/000-560x311.jpg 560w, https:\/\/www.giurgiuveanul.ro\/stiri\/wp-content\/uploads\/2023\/09\/000-250x139.jpg 250w, https:\/\/www.giurgiuveanul.ro\/stiri\/wp-content\/uploads\/2023\/09\/000-768x426.jpg 768w, https:\/\/www.giurgiuveanul.ro\/stiri\/wp-content\/uploads\/2023\/09\/000-1536x852.jpg 1536w, https:\/\/www.giurgiuveanul.ro\/stiri\/wp-content\/uploads\/2023\/09\/000-2048x1136.jpg 2048w, https:\/\/www.giurgiuveanul.ro\/stiri\/wp-content\/uploads\/2023\/09\/000-400x222.jpg 400w\" sizes=\"auto, (max-width: 571px) 100vw, 571px\" \/><\/a><\/p>\n<p style=\"text-align: justify;\"><strong>Cl\u0103direa S + P + 5 este format\u0103 din 51 de apartamente cu suprafe\u021be cuprinse \u00eentre 75 &#8211; 270 mp \u0219i un spa\u021biu comercial la parter.<\/strong><\/p>\n<p><a href=\"https:\/\/www.giurgiuveanul.ro\/stiri\/wp-content\/uploads\/2023\/09\/000000-scaled.jpg\"><img loading=\"lazy\" decoding=\"async\" class=\"aligncenter wp-image-100119\" src=\"https:\/\/www.giurgiuveanul.ro\/stiri\/wp-content\/uploads\/2023\/09\/000000-560x339.jpg\" alt=\"\" width=\"574\" height=\"347\" srcset=\"https:\/\/www.giurgiuveanul.ro\/stiri\/wp-content\/uploads\/2023\/09\/000000-560x339.jpg 560w, https:\/\/www.giurgiuveanul.ro\/stiri\/wp-content\/uploads\/2023\/09\/000000-250x151.jpg 250w, https:\/\/www.giurgiuveanul.ro\/stiri\/wp-content\/uploads\/2023\/09\/000000-768x464.jpg 768w, https:\/\/www.giurgiuveanul.ro\/stiri\/wp-content\/uploads\/2023\/09\/000000-1536x929.jpg 1536w, https:\/\/www.giurgiuveanul.ro\/stiri\/wp-content\/uploads\/2023\/09\/000000-2048x1238.jpg 2048w, https:\/\/www.giurgiuveanul.ro\/stiri\/wp-content\/uploads\/2023\/09\/000000-400x242.jpg 400w\" sizes=\"auto, (max-width: 574px) 100vw, 574px\" \/><\/a><\/p>\n<p style=\"text-align: justify;\">Designul contemporan, calitatea materialelor \u0219i a finisajelor, detaliile aparte se \u00eempletesc cu solu\u021bii func\u021bionale adaptate cerin\u021belor de ast\u0103zi \u00eentr-un raport calitate pre\u021b imbatabil.<\/p>\n<p style=\"text-align: justify;\">Extinderea La GLOIRE dincolo de grani\u021bele capitalei eviden\u021biaz\u0103 angajamentul nostru fa\u021b\u0103 de dezvoltarea imobiliar\u0103 de calitate, cu obiectivul de a redefini comunit\u0103\u021bile locale \u0219i de a \u00eembun\u0103t\u0103\u021bi nivelul de trai al reziden\u021bilor.<\/p>\n<p style=\"text-align: justify;\">Detalii privind pre\u0163ul apartamentelor le g\u0103si\u0163i AICI <a href=\"https:\/\/www.lagloire.ro\/ro\/project-details\/la-gloire-giurgiu\">https:\/\/www.lagloire.ro\/ro\/project-details\/la-gloire-giurgiu<\/a>.<\/p>\n","protected":false},"excerpt":{"rendered":"<p>La GLOIRE Giurgiu reprezint\u0103 un pas \u00eenainte \u00een arhitectura modern\u0103, combin\u00e2nd<\/p>\n","protected":false},"author":1,"featured_media":0,"comment_status":"open","ping_status":"open","sticky":false,"template":"","format":"standard","meta":{"footnotes":""},"categories":[6],"tags":[],"class_list":["post-100115","post","type-post","status-publish","format-standard","hentry","category-breaking-news"],"_links":{"self":[{"href":"https:\/\/www.giurgiuveanul.ro\/stiri\/wp-json\/wp\/v2\/posts\/100115","targetHints":{"allow":["GET"]}}],"collection":[{"href":"https:\/\/www.giurgiuveanul.ro\/stiri\/wp-json\/wp\/v2\/posts"}],"about":[{"href":"https:\/\/www.giurgiuveanul.ro\/stiri\/wp-json\/wp\/v2\/types\/post"}],"author":[{"embeddable":true,"href":"https:\/\/www.giurgiuveanul.ro\/stiri\/wp-json\/wp\/v2\/users\/1"}],"replies":[{"embeddable":true,"href":"https:\/\/www.giurgiuveanul.ro\/stiri\/wp-json\/wp\/v2\/comments?post=100115"}],"version-history":[{"count":0,"href":"https:\/\/www.giurgiuveanul.ro\/stiri\/wp-json\/wp\/v2\/posts\/100115\/revisions"}],"wp:attachment":[{"href":"https:\/\/www.giurgiuveanul.ro\/stiri\/wp-json\/wp\/v2\/media?parent=100115"}],"wp:term":[{"taxonomy":"category","embeddable":true,"href":"https:\/\/www.giurgiuveanul.ro\/stiri\/wp-json\/wp\/v2\/categories?post=100115"},{"taxonomy":"post_tag","embeddable":true,"href":"https:\/\/www.giurgiuveanul.ro\/stiri\/wp-json\/wp\/v2\/tags?post=100115"}],"curies":[{"name":"wp","href":"https:\/\/api.w.org\/{rel}","templated":true}]}}