{"id":100125,"date":"2023-09-15T11:00:19","date_gmt":"2023-09-15T08:00:19","guid":{"rendered":"https:\/\/www.giurgiuveanul.ro\/stiri\/?p=100125"},"modified":"2023-09-15T11:00:34","modified_gmt":"2023-09-15T08:00:34","slug":"giurgiuvean-depistat-la-volan-in-trafic-cu-o-alcoolemie-de-142-mg-l-alcool-pur-in-aerul-expirat","status":"publish","type":"post","link":"https:\/\/www.giurgiuveanul.ro\/stiri\/giurgiuvean-depistat-la-volan-in-trafic-cu-o-alcoolemie-de-142-mg-l-alcool-pur-in-aerul-expirat\/","title":{"rendered":"Giurgiuvean depistat la volan, \u00een trafic, cu o alcoolemie de 1,42 mg\/l alcool pur \u00een aerul expirat"},"content":{"rendered":"<p style=\"text-align: justify;\"><strong><a href=\"https:\/\/www.giurgiuveanul.ro\/stiri\/wp-content\/uploads\/2023\/09\/23reclamatie-alcoolemie.jpg\"><img loading=\"lazy\" decoding=\"async\" class=\"aligncenter wp-image-100126\" src=\"https:\/\/www.giurgiuveanul.ro\/stiri\/wp-content\/uploads\/2023\/09\/23reclamatie-alcoolemie-560x374.jpg\" alt=\"\" width=\"570\" height=\"381\" srcset=\"https:\/\/www.giurgiuveanul.ro\/stiri\/wp-content\/uploads\/2023\/09\/23reclamatie-alcoolemie-560x374.jpg 560w, https:\/\/www.giurgiuveanul.ro\/stiri\/wp-content\/uploads\/2023\/09\/23reclamatie-alcoolemie-250x167.jpg 250w, https:\/\/www.giurgiuveanul.ro\/stiri\/wp-content\/uploads\/2023\/09\/23reclamatie-alcoolemie-768x513.jpg 768w, https:\/\/www.giurgiuveanul.ro\/stiri\/wp-content\/uploads\/2023\/09\/23reclamatie-alcoolemie-400x267.jpg 400w, https:\/\/www.giurgiuveanul.ro\/stiri\/wp-content\/uploads\/2023\/09\/23reclamatie-alcoolemie.jpg 800w\" sizes=\"auto, (max-width: 570px) 100vw, 570px\" \/><\/a>Poli\u021bi\u0219tii Biroului Rutier au depistat, la data de 14 septembrie a.c., ora 17.10,<!--more--> pe D.C.117, \u00een localitatea St\u0103ne\u0219ti, jude\u021bul Giurgiu, \u00a0un b\u0103rbat, de 64 de ani, din municipiul Giurgiu, \u00een timp ce conducea un autoturism, sub influen\u021ba b\u0103uturilor alcoolice, informeaz\u0103 IPJ Giurgiu.<\/strong><\/p>\n<p style=\"text-align: justify;\">Acesta a fost testat cu aparatul etilotest, care a indicat valoarea de 1,42 mg\/l alcool pur \u00een aerul expirat, ulterior fiind condus la spital, \u00een vederea recolt\u0103rii probelor biologice de s\u00e2nge, pentru stabilirea alcoolemiei.<\/p>\n<p style=\"text-align: justify;\">\u00cen cauz\u0103, a fost \u00eentocmit un dosar penal \u00een care se efectueaz\u0103 cercet\u0103ri sub aspectul sav\u00e2r\u0219irii infrac\u021biunii de conducerea unui vehicul sub influen\u021ba b\u0103uturilor alcoolice.<\/p>\n","protected":false},"excerpt":{"rendered":"<p>Poli\u021bi\u0219tii Biroului Rutier au depistat, la data de 14 septembrie a.c., ora 17.10,<\/p>\n","protected":false},"author":1,"featured_media":0,"comment_status":"open","ping_status":"open","sticky":false,"template":"","format":"standard","meta":{"footnotes":""},"categories":[6],"tags":[],"class_list":["post-100125","post","type-post","status-publish","format-standard","hentry","category-breaking-news"],"_links":{"self":[{"href":"https:\/\/www.giurgiuveanul.ro\/stiri\/wp-json\/wp\/v2\/posts\/100125","targetHints":{"allow":["GET"]}}],"collection":[{"href":"https:\/\/www.giurgiuveanul.ro\/stiri\/wp-json\/wp\/v2\/posts"}],"about":[{"href":"https:\/\/www.giurgiuveanul.ro\/stiri\/wp-json\/wp\/v2\/types\/post"}],"author":[{"embeddable":true,"href":"https:\/\/www.giurgiuveanul.ro\/stiri\/wp-json\/wp\/v2\/users\/1"}],"replies":[{"embeddable":true,"href":"https:\/\/www.giurgiuveanul.ro\/stiri\/wp-json\/wp\/v2\/comments?post=100125"}],"version-history":[{"count":0,"href":"https:\/\/www.giurgiuveanul.ro\/stiri\/wp-json\/wp\/v2\/posts\/100125\/revisions"}],"wp:attachment":[{"href":"https:\/\/www.giurgiuveanul.ro\/stiri\/wp-json\/wp\/v2\/media?parent=100125"}],"wp:term":[{"taxonomy":"category","embeddable":true,"href":"https:\/\/www.giurgiuveanul.ro\/stiri\/wp-json\/wp\/v2\/categories?post=100125"},{"taxonomy":"post_tag","embeddable":true,"href":"https:\/\/www.giurgiuveanul.ro\/stiri\/wp-json\/wp\/v2\/tags?post=100125"}],"curies":[{"name":"wp","href":"https:\/\/api.w.org\/{rel}","templated":true}]}}