{"id":100129,"date":"2023-09-15T11:21:56","date_gmt":"2023-09-15T08:21:56","guid":{"rendered":"https:\/\/www.giurgiuveanul.ro\/stiri\/?p=100129"},"modified":"2023-09-15T11:23:38","modified_gmt":"2023-09-15T08:23:38","slug":"programul-din-acest-weekend-la-bizet","status":"publish","type":"post","link":"https:\/\/www.giurgiuveanul.ro\/stiri\/programul-din-acest-weekend-la-bizet\/","title":{"rendered":"Programul din acest weekend&#8230; \u201eLa Bizet\u201d"},"content":{"rendered":"<p style=\"text-align: justify;\"><a href=\"https:\/\/www.giurgiuveanul.ro\/stiri\/wp-content\/uploads\/2023\/08\/Bizet-3.jpg\"><img loading=\"lazy\" decoding=\"async\" class=\"aligncenter wp-image-99884\" src=\"https:\/\/www.giurgiuveanul.ro\/stiri\/wp-content\/uploads\/2023\/08\/Bizet-3-560x366.jpg\" alt=\"\" width=\"575\" height=\"376\" srcset=\"https:\/\/www.giurgiuveanul.ro\/stiri\/wp-content\/uploads\/2023\/08\/Bizet-3-560x366.jpg 560w, https:\/\/www.giurgiuveanul.ro\/stiri\/wp-content\/uploads\/2023\/08\/Bizet-3-250x163.jpg 250w, https:\/\/www.giurgiuveanul.ro\/stiri\/wp-content\/uploads\/2023\/08\/Bizet-3-768x502.jpg 768w, https:\/\/www.giurgiuveanul.ro\/stiri\/wp-content\/uploads\/2023\/08\/Bizet-3-400x261.jpg 400w, https:\/\/www.giurgiuveanul.ro\/stiri\/wp-content\/uploads\/2023\/08\/Bizet-3.jpg 1200w\" sizes=\"auto, (max-width: 575px) 100vw, 575px\" \/><\/a>\u015ei \u00een acest weekend, restaurantul \u201eLa Bizet\u201d,<!--more--> aflat pe strada Voestalpine, nr. 2, la debarcaderul din zona podului Bizets, a preg\u0103tit giurgiuvenilor trei seri de voie bun\u0103 \u015fi dans.<\/p>\n<p><a href=\"https:\/\/www.giurgiuveanul.ro\/stiri\/wp-content\/uploads\/2023\/09\/la-bizet.jpeg\"><img loading=\"lazy\" decoding=\"async\" class=\"aligncenter wp-image-100131\" src=\"https:\/\/www.giurgiuveanul.ro\/stiri\/wp-content\/uploads\/2023\/09\/la-bizet-529x450.jpeg\" alt=\"\" width=\"573\" height=\"487\" srcset=\"https:\/\/www.giurgiuveanul.ro\/stiri\/wp-content\/uploads\/2023\/09\/la-bizet-529x450.jpeg 529w, https:\/\/www.giurgiuveanul.ro\/stiri\/wp-content\/uploads\/2023\/09\/la-bizet-250x213.jpeg 250w, https:\/\/www.giurgiuveanul.ro\/stiri\/wp-content\/uploads\/2023\/09\/la-bizet-768x653.jpeg 768w, https:\/\/www.giurgiuveanul.ro\/stiri\/wp-content\/uploads\/2023\/09\/la-bizet-400x340.jpeg 400w, https:\/\/www.giurgiuveanul.ro\/stiri\/wp-content\/uploads\/2023\/09\/la-bizet.jpeg 1439w\" sizes=\"auto, (max-width: 573px) 100vw, 573px\" \/><\/a><\/p>\n<p style=\"text-align: justify;\">Astfel, \u00een aceast\u0103 sear\u0103, \u00eencep\u00e2nd cu ora 19:00,\u00a0 va concerta <strong>Florin Chi\u0163u<\/strong>, programul cuprinz\u00e2nd muzic\u0103 de petrecere.<\/p>\n<p style=\"text-align: justify;\">S\u00e2mb\u0103t\u0103 seara \u015flag\u0103re interna\u0163ionale, iar duminic\u0103 seara va fi dedicat\u0103 folk-ului.<\/p>\n<p style=\"text-align: justify;\">Rezerv\u0103ri la telefon <strong>0730.612.692<\/strong>.<\/p>\n","protected":false},"excerpt":{"rendered":"<p>\u015ei \u00een acest weekend, restaurantul \u201eLa Bizet\u201d,<\/p>\n","protected":false},"author":1,"featured_media":0,"comment_status":"open","ping_status":"open","sticky":false,"template":"","format":"standard","meta":{"footnotes":""},"categories":[6],"tags":[],"class_list":["post-100129","post","type-post","status-publish","format-standard","hentry","category-breaking-news"],"_links":{"self":[{"href":"https:\/\/www.giurgiuveanul.ro\/stiri\/wp-json\/wp\/v2\/posts\/100129","targetHints":{"allow":["GET"]}}],"collection":[{"href":"https:\/\/www.giurgiuveanul.ro\/stiri\/wp-json\/wp\/v2\/posts"}],"about":[{"href":"https:\/\/www.giurgiuveanul.ro\/stiri\/wp-json\/wp\/v2\/types\/post"}],"author":[{"embeddable":true,"href":"https:\/\/www.giurgiuveanul.ro\/stiri\/wp-json\/wp\/v2\/users\/1"}],"replies":[{"embeddable":true,"href":"https:\/\/www.giurgiuveanul.ro\/stiri\/wp-json\/wp\/v2\/comments?post=100129"}],"version-history":[{"count":0,"href":"https:\/\/www.giurgiuveanul.ro\/stiri\/wp-json\/wp\/v2\/posts\/100129\/revisions"}],"wp:attachment":[{"href":"https:\/\/www.giurgiuveanul.ro\/stiri\/wp-json\/wp\/v2\/media?parent=100129"}],"wp:term":[{"taxonomy":"category","embeddable":true,"href":"https:\/\/www.giurgiuveanul.ro\/stiri\/wp-json\/wp\/v2\/categories?post=100129"},{"taxonomy":"post_tag","embeddable":true,"href":"https:\/\/www.giurgiuveanul.ro\/stiri\/wp-json\/wp\/v2\/tags?post=100129"}],"curies":[{"name":"wp","href":"https:\/\/api.w.org\/{rel}","templated":true}]}}