{"id":100145,"date":"2023-09-15T12:10:08","date_gmt":"2023-09-15T09:10:08","guid":{"rendered":"https:\/\/www.giurgiuveanul.ro\/stiri\/?p=100145"},"modified":"2023-09-15T12:11:09","modified_gmt":"2023-09-15T09:11:09","slug":"copiii-de-la-catalin-paraschivs-tennis-team-dau-startul-competitiilor-de-toamna-cu-un-turneu-de-tenis-organizat-la-giurgiu-duminica-17-septembrie-2023","status":"publish","type":"post","link":"https:\/\/www.giurgiuveanul.ro\/stiri\/copiii-de-la-catalin-paraschivs-tennis-team-dau-startul-competitiilor-de-toamna-cu-un-turneu-de-tenis-organizat-la-giurgiu-duminica-17-septembrie-2023\/","title":{"rendered":"Copiii de la \u201eC\u0103t\u0103lin Paraschiv&#8217;s Tennis Team\u201d dau startul competi\u021biilor de toamn\u0103 cu un turneu de tenis organizat la Giurgiu, duminic\u0103, 17 septembrie 2023"},"content":{"rendered":"<p style=\"text-align: justify;\"><strong><a href=\"https:\/\/www.giurgiuveanul.ro\/stiri\/wp-content\/uploads\/2023\/09\/0000-tenis-giurgiu.jpeg\"><img loading=\"lazy\" decoding=\"async\" class=\"aligncenter wp-image-100146\" src=\"https:\/\/www.giurgiuveanul.ro\/stiri\/wp-content\/uploads\/2023\/09\/0000-tenis-giurgiu-360x450.jpeg\" alt=\"\" width=\"577\" height=\"721\" srcset=\"https:\/\/www.giurgiuveanul.ro\/stiri\/wp-content\/uploads\/2023\/09\/0000-tenis-giurgiu-360x450.jpeg 360w, https:\/\/www.giurgiuveanul.ro\/stiri\/wp-content\/uploads\/2023\/09\/0000-tenis-giurgiu-240x300.jpeg 240w, https:\/\/www.giurgiuveanul.ro\/stiri\/wp-content\/uploads\/2023\/09\/0000-tenis-giurgiu-768x960.jpeg 768w, https:\/\/www.giurgiuveanul.ro\/stiri\/wp-content\/uploads\/2023\/09\/0000-tenis-giurgiu-1229x1536.jpeg 1229w, https:\/\/www.giurgiuveanul.ro\/stiri\/wp-content\/uploads\/2023\/09\/0000-tenis-giurgiu-400x500.jpeg 400w, https:\/\/www.giurgiuveanul.ro\/stiri\/wp-content\/uploads\/2023\/09\/0000-tenis-giurgiu.jpeg 1638w\" sizes=\"auto, (max-width: 577px) 100vw, 577px\" \/><\/a>Micu\u0163ii tenismeni giurgiuveni<!--more--> sunt \u00eentr-o continu\u0103 ascensiune, fapt confirmat de rezultatele \u00eenregistrate la ultimul turneu la care ace\u0219tia au participat \u0219i care a fost g\u0103zduit de LPS Constan\u021ba, o baza sportiva cu renume \u0219i tradi\u021bie \u00een practicarea sportului alb \u0219i la care au activat unii dintre cei mai buni tenismeni rom\u00e2ni, precum Simona Halep, Horia Tec\u0103u, Andrei Pavel.<\/strong><\/p>\n<p style=\"text-align: justify;\">Astfel, dup\u0103 un intens stagiu de preg\u0103tire la malul m\u0103rii,\u00a0 micu\u021bii preg\u0103ti\u021bi de profesorul C\u0103t\u0103lin Paraschiv au reu\u0219it performan\u021ba de a c\u00e2\u0219tiga patru medalii de aur, o medalie de argint, o medalie de bronz \u0219i un loc de semifinalist la acest important turneu, care s-a desf\u0103\u0219urat pe \u0219ase categorii de joc.<\/p>\n<p style=\"text-align: justify;\">Medaliile de aur au fost adjudecate de Daryela, Iustin Co\u021bofan\u0103, Erika St\u0103ncule\u021b \u0219i Darius Vintil\u0103, medalia de argint i-a revenit lui Darius B\u00eerlan,\u00a0 cea de bronz lui Denis B\u00eerlan, iar pe locul 4 s-a clasat Natalia Olteanu.<\/p>\n<p style=\"text-align: justify;\">Premiile \u0219i medaliile ob\u021binute la Constan\u021ba \u00eencununeaz\u0103 munca de peste var\u0103 a micu\u021bilor tenismeni giurgiuveni,\u00a0 mai cu seam\u0103 c\u0103 acestea au fost adjudecate \u00eentr-un ora\u0219 cu tradi\u021bie \u00een tenisul de c\u00e2mp \u0219i pe o baz\u0103 sportiva de renume, care ofer\u0103 competitorilor cele mai bune condi\u021bii de joc \u0219i antrenament.<\/p>\n<p style=\"text-align: justify;\">\u00cen paralel cu turneul de la Constan\u021ba, s-au desf\u0103\u0219urat alte dou\u0103 competi\u021bii importante &#8211; Tenis 10 FRT Bra\u0219ov \u0219i Cupa Academiei Victor H\u0103nescu Bucure\u0219ti. La primul, Paraschiv&#8217;s Tennis Team a fost reprezentat de Alex Culcea, la o categorie de joc superioara v\u00e2rstei lui &#8211; portocaliu &#8211;\u00a0 Alex\u00a0 reu\u0219ind s\u0103 ob\u021bin\u0103 trofeul \u0219i medalia de aur. La Bucure\u0219ti, Amalia B\u0103\u021bic\u0103 s-a clasat pe locul al doilea, ob\u021bin\u00e2nd medalie de argint.<\/p>\n<p style=\"text-align: justify;\">Revenit din cantonamentul de \u0219ase zile de la mare, prof. C\u0103t\u0103lin Paraschiv,\u00a0 satisf\u0103cut de performan\u021bele elevilor s\u0103i,\u00a0 preg\u0103te\u0219te &#8211; \u00een deschiderea sezonului competi\u021bional de toamn\u0103 &#8211; un nou concurs dedicat categoriilor de joc RO\u0218U \u0219i PORTOCALIU, ce se va desf\u0103\u0219ura pe terenurile Complexului Sportiv SIGMA SPORTS, \u0219i care urm\u0103re\u0219te dezvoltarea tenisului de c\u00e2mp giurgiuvean, atragerea \u0219i motivarea c\u00e2t mai multor copii spre practicarea acestui sport.<\/p>\n<p style=\"text-align: justify;\">Lista \u00eenscrierilor la concurs este deschis\u0103 tuturor copiilor iubitori ai sportului alb, care se \u00eencadreaz\u0103 la categoriile de joc ro\u0219u \u0219i portocaliu, p\u00e2n\u0103 \u00een seara zilei de 15 septembrie,\u00a0 confirmarea particip\u0103rii f\u0103c\u00e2ndu-se la num\u0103rul de <strong>telefon 0766.552.560<\/strong>.<\/p>\n<p style=\"text-align: justify;\">Ziua de desf\u0103\u0219urare a concursului este duminic\u0103, 17 septembrie 2023, \u00eencep\u00e2nd cu ora 8.30.<\/p>\n<p style=\"text-align: justify;\">Cu acest prilej, micu\u021bii tenismeni invit\u0103 autorit\u0103\u021bile publice locale \u015fi jude\u0163ene s\u0103 le fie al\u0103turi.<\/p>\n","protected":false},"excerpt":{"rendered":"<p>Micu\u0163ii tenismeni giurgiuveni<\/p>\n","protected":false},"author":1,"featured_media":0,"comment_status":"open","ping_status":"open","sticky":false,"template":"","format":"standard","meta":{"footnotes":""},"categories":[6],"tags":[],"class_list":["post-100145","post","type-post","status-publish","format-standard","hentry","category-breaking-news"],"_links":{"self":[{"href":"https:\/\/www.giurgiuveanul.ro\/stiri\/wp-json\/wp\/v2\/posts\/100145","targetHints":{"allow":["GET"]}}],"collection":[{"href":"https:\/\/www.giurgiuveanul.ro\/stiri\/wp-json\/wp\/v2\/posts"}],"about":[{"href":"https:\/\/www.giurgiuveanul.ro\/stiri\/wp-json\/wp\/v2\/types\/post"}],"author":[{"embeddable":true,"href":"https:\/\/www.giurgiuveanul.ro\/stiri\/wp-json\/wp\/v2\/users\/1"}],"replies":[{"embeddable":true,"href":"https:\/\/www.giurgiuveanul.ro\/stiri\/wp-json\/wp\/v2\/comments?post=100145"}],"version-history":[{"count":0,"href":"https:\/\/www.giurgiuveanul.ro\/stiri\/wp-json\/wp\/v2\/posts\/100145\/revisions"}],"wp:attachment":[{"href":"https:\/\/www.giurgiuveanul.ro\/stiri\/wp-json\/wp\/v2\/media?parent=100145"}],"wp:term":[{"taxonomy":"category","embeddable":true,"href":"https:\/\/www.giurgiuveanul.ro\/stiri\/wp-json\/wp\/v2\/categories?post=100145"},{"taxonomy":"post_tag","embeddable":true,"href":"https:\/\/www.giurgiuveanul.ro\/stiri\/wp-json\/wp\/v2\/tags?post=100145"}],"curies":[{"name":"wp","href":"https:\/\/api.w.org\/{rel}","templated":true}]}}