{"id":100150,"date":"2023-09-15T16:36:01","date_gmt":"2023-09-15T13:36:01","guid":{"rendered":"https:\/\/www.giurgiuveanul.ro\/stiri\/?p=100150"},"modified":"2023-09-15T16:39:28","modified_gmt":"2023-09-15T13:39:28","slug":"zona-de-picnic-relaxare-si-desfasurare-de-activitati-de-agrement-in-municipiul-giurgiu","status":"publish","type":"post","link":"https:\/\/www.giurgiuveanul.ro\/stiri\/zona-de-picnic-relaxare-si-desfasurare-de-activitati-de-agrement-in-municipiul-giurgiu\/","title":{"rendered":"Zon\u0103 de picnic, relaxare \u0219i desf\u0103\u0219urare de activit\u0103\u021bi de agrement, \u00een municipiul Giurgiu!"},"content":{"rendered":"<p style=\"text-align: justify;\"><strong><a href=\"https:\/\/www.giurgiuveanul.ro\/stiri\/wp-content\/uploads\/2023\/09\/1-6.jpg\"><img loading=\"lazy\" decoding=\"async\" class=\"aligncenter wp-image-100151\" src=\"https:\/\/www.giurgiuveanul.ro\/stiri\/wp-content\/uploads\/2023\/09\/1-6-560x337.jpg\" alt=\"\" width=\"582\" height=\"350\" srcset=\"https:\/\/www.giurgiuveanul.ro\/stiri\/wp-content\/uploads\/2023\/09\/1-6-560x337.jpg 560w, https:\/\/www.giurgiuveanul.ro\/stiri\/wp-content\/uploads\/2023\/09\/1-6-250x151.jpg 250w, https:\/\/www.giurgiuveanul.ro\/stiri\/wp-content\/uploads\/2023\/09\/1-6-768x462.jpg 768w, https:\/\/www.giurgiuveanul.ro\/stiri\/wp-content\/uploads\/2023\/09\/1-6-1536x925.jpg 1536w, https:\/\/www.giurgiuveanul.ro\/stiri\/wp-content\/uploads\/2023\/09\/1-6-400x241.jpg 400w, https:\/\/www.giurgiuveanul.ro\/stiri\/wp-content\/uploads\/2023\/09\/1-6.jpg 2048w\" sizes=\"auto, (max-width: 582px) 100vw, 582px\" \/><\/a>Chiar dac\u0103 nu ave\u0163i timp liber s\u0103 pleca\u0163i la munte sau la mare, acum g\u0103si\u0163i \u0219i \u00een Giurgiu un loc<!--more--> bine \u00eentre\u021binut unde po\u021bi organiza cu familia \u0219i cu prietenii un picnic reu\u0219it.<\/strong><\/p>\n<p><a href=\"https:\/\/www.giurgiuveanul.ro\/stiri\/wp-content\/uploads\/2023\/09\/6-3.jpg\"><img loading=\"lazy\" decoding=\"async\" class=\"aligncenter wp-image-100157\" src=\"https:\/\/www.giurgiuveanul.ro\/stiri\/wp-content\/uploads\/2023\/09\/6-3-560x346.jpg\" alt=\"\" width=\"576\" height=\"356\" srcset=\"https:\/\/www.giurgiuveanul.ro\/stiri\/wp-content\/uploads\/2023\/09\/6-3-560x346.jpg 560w, https:\/\/www.giurgiuveanul.ro\/stiri\/wp-content\/uploads\/2023\/09\/6-3-250x154.jpg 250w, https:\/\/www.giurgiuveanul.ro\/stiri\/wp-content\/uploads\/2023\/09\/6-3-768x474.jpg 768w, https:\/\/www.giurgiuveanul.ro\/stiri\/wp-content\/uploads\/2023\/09\/6-3-1536x949.jpg 1536w, https:\/\/www.giurgiuveanul.ro\/stiri\/wp-content\/uploads\/2023\/09\/6-3-400x247.jpg 400w, https:\/\/www.giurgiuveanul.ro\/stiri\/wp-content\/uploads\/2023\/09\/6-3.jpg 2048w\" sizes=\"auto, (max-width: 576px) 100vw, 576px\" \/><\/a><\/p>\n<p style=\"text-align: justify;\">Acesta se afl\u0103 <strong>\u00een zona adiacent\u0103 Parcului \u0219i Lacului Tineretului<\/strong>.<\/p>\n<p><a href=\"https:\/\/www.giurgiuveanul.ro\/stiri\/wp-content\/uploads\/2023\/09\/3-4.jpg\"><img loading=\"lazy\" decoding=\"async\" class=\"aligncenter wp-image-100154\" src=\"https:\/\/www.giurgiuveanul.ro\/stiri\/wp-content\/uploads\/2023\/09\/3-4-560x360.jpg\" alt=\"\" width=\"568\" height=\"365\" srcset=\"https:\/\/www.giurgiuveanul.ro\/stiri\/wp-content\/uploads\/2023\/09\/3-4-560x360.jpg 560w, https:\/\/www.giurgiuveanul.ro\/stiri\/wp-content\/uploads\/2023\/09\/3-4-250x161.jpg 250w, https:\/\/www.giurgiuveanul.ro\/stiri\/wp-content\/uploads\/2023\/09\/3-4-768x494.jpg 768w, https:\/\/www.giurgiuveanul.ro\/stiri\/wp-content\/uploads\/2023\/09\/3-4-1536x987.jpg 1536w, https:\/\/www.giurgiuveanul.ro\/stiri\/wp-content\/uploads\/2023\/09\/3-4-400x257.jpg 400w, https:\/\/www.giurgiuveanul.ro\/stiri\/wp-content\/uploads\/2023\/09\/3-4.jpg 2048w\" sizes=\"auto, (max-width: 568px) 100vw, 568px\" \/><\/a> <a href=\"https:\/\/www.giurgiuveanul.ro\/stiri\/wp-content\/uploads\/2023\/09\/4-4.jpg\"><img loading=\"lazy\" decoding=\"async\" class=\"aligncenter wp-image-100155\" src=\"https:\/\/www.giurgiuveanul.ro\/stiri\/wp-content\/uploads\/2023\/09\/4-4-560x327.jpg\" alt=\"\" width=\"567\" height=\"331\" srcset=\"https:\/\/www.giurgiuveanul.ro\/stiri\/wp-content\/uploads\/2023\/09\/4-4-560x327.jpg 560w, https:\/\/www.giurgiuveanul.ro\/stiri\/wp-content\/uploads\/2023\/09\/4-4-250x146.jpg 250w, https:\/\/www.giurgiuveanul.ro\/stiri\/wp-content\/uploads\/2023\/09\/4-4-768x448.jpg 768w, https:\/\/www.giurgiuveanul.ro\/stiri\/wp-content\/uploads\/2023\/09\/4-4-1536x896.jpg 1536w, https:\/\/www.giurgiuveanul.ro\/stiri\/wp-content\/uploads\/2023\/09\/4-4-400x233.jpg 400w, https:\/\/www.giurgiuveanul.ro\/stiri\/wp-content\/uploads\/2023\/09\/4-4.jpg 2048w\" sizes=\"auto, (max-width: 567px) 100vw, 567px\" \/><\/a> <a href=\"https:\/\/www.giurgiuveanul.ro\/stiri\/wp-content\/uploads\/2023\/09\/5-4.jpg\"><img loading=\"lazy\" decoding=\"async\" class=\"aligncenter wp-image-100156\" src=\"https:\/\/www.giurgiuveanul.ro\/stiri\/wp-content\/uploads\/2023\/09\/5-4-560x348.jpg\" alt=\"\" width=\"565\" height=\"351\" srcset=\"https:\/\/www.giurgiuveanul.ro\/stiri\/wp-content\/uploads\/2023\/09\/5-4-560x348.jpg 560w, https:\/\/www.giurgiuveanul.ro\/stiri\/wp-content\/uploads\/2023\/09\/5-4-250x156.jpg 250w, https:\/\/www.giurgiuveanul.ro\/stiri\/wp-content\/uploads\/2023\/09\/5-4-768x478.jpg 768w, https:\/\/www.giurgiuveanul.ro\/stiri\/wp-content\/uploads\/2023\/09\/5-4-1536x956.jpg 1536w, https:\/\/www.giurgiuveanul.ro\/stiri\/wp-content\/uploads\/2023\/09\/5-4-400x249.jpg 400w, https:\/\/www.giurgiuveanul.ro\/stiri\/wp-content\/uploads\/2023\/09\/5-4.jpg 2048w\" sizes=\"auto, (max-width: 565px) 100vw, 565px\" \/><\/a><a href=\"https:\/\/www.giurgiuveanul.ro\/stiri\/wp-content\/uploads\/2023\/09\/7-3.jpg\"><img loading=\"lazy\" decoding=\"async\" class=\"aligncenter size-large wp-image-100159\" src=\"https:\/\/www.giurgiuveanul.ro\/stiri\/wp-content\/uploads\/2023\/09\/7-3-560x374.jpg\" alt=\"\" width=\"560\" height=\"374\" srcset=\"https:\/\/www.giurgiuveanul.ro\/stiri\/wp-content\/uploads\/2023\/09\/7-3-560x374.jpg 560w, https:\/\/www.giurgiuveanul.ro\/stiri\/wp-content\/uploads\/2023\/09\/7-3-250x167.jpg 250w, https:\/\/www.giurgiuveanul.ro\/stiri\/wp-content\/uploads\/2023\/09\/7-3-768x512.jpg 768w, https:\/\/www.giurgiuveanul.ro\/stiri\/wp-content\/uploads\/2023\/09\/7-3-1536x1025.jpg 1536w, https:\/\/www.giurgiuveanul.ro\/stiri\/wp-content\/uploads\/2023\/09\/7-3-400x267.jpg 400w, https:\/\/www.giurgiuveanul.ro\/stiri\/wp-content\/uploads\/2023\/09\/7-3.jpg 2048w\" sizes=\"auto, (max-width: 560px) 100vw, 560px\" \/><\/a><\/p>\n<p style=\"text-align: justify;\">Zona de agrement, \u00een loca\u021bia men\u021bionat\u0103, s-a realizat \u00een urma unui acord de colaborare \u00eentre administra\u0163ia public\u0103 local\u0103 \u0219i Societatea Hightlight Agency S.R.L.<\/p>\n<p style=\"text-align: justify;\">\u00cen acest sens, societ\u0103\u021bile subordonate Consiliului Local, respectiv Giurgiu Servicii Locale, Giurgiu Servicii Publice \u0219i Giurgiu Construc\u021bii Edilitare au f\u0103cut front comun, desf\u0103\u0219ur\u00e2nd activit\u0103\u021bi de igienizare, toaletare, remedierea defec\u021biunilor din zona respectiv\u0103 \u0219i \u00eenlocuirea co\u0219urilor de gunoi deteriorate.<\/p>\n<p><a href=\"https:\/\/www.giurgiuveanul.ro\/stiri\/wp-content\/uploads\/2023\/09\/2-4.jpg\"><img loading=\"lazy\" decoding=\"async\" class=\"aligncenter wp-image-100153\" src=\"https:\/\/www.giurgiuveanul.ro\/stiri\/wp-content\/uploads\/2023\/09\/2-4-560x323.jpg\" alt=\"\" width=\"574\" height=\"331\" srcset=\"https:\/\/www.giurgiuveanul.ro\/stiri\/wp-content\/uploads\/2023\/09\/2-4-560x323.jpg 560w, https:\/\/www.giurgiuveanul.ro\/stiri\/wp-content\/uploads\/2023\/09\/2-4-250x144.jpg 250w, https:\/\/www.giurgiuveanul.ro\/stiri\/wp-content\/uploads\/2023\/09\/2-4-768x443.jpg 768w, https:\/\/www.giurgiuveanul.ro\/stiri\/wp-content\/uploads\/2023\/09\/2-4-1536x886.jpg 1536w, https:\/\/www.giurgiuveanul.ro\/stiri\/wp-content\/uploads\/2023\/09\/2-4-400x231.jpg 400w, https:\/\/www.giurgiuveanul.ro\/stiri\/wp-content\/uploads\/2023\/09\/2-4.jpg 2048w\" sizes=\"auto, (max-width: 574px) 100vw, 574px\" \/><\/a><\/p>\n<p style=\"text-align: justify;\"><em>&#8222;Dup\u0103 cum se poate observa, aici au fost amplasate gr\u0103tare, foi\u0219oare, mobilier (mese \u0219i b\u0103nci), unde v\u0103 pute\u0163i bucura de o dup\u0103 amiaz\u0103 excelent\u0103 \u00een natur\u0103, departe de forfota urban\u0103. Recomand\u0103m giurgiuvenilor s\u0103 nu lase focul nesupravegheat \u0219i s\u0103 se asigure c\u0103 este complet stins \u00eenainte de a pleca. De asemenea, nu arunca\u021bi gunoiul sau resturile alimentare \u00een natur\u0103 \u0219i \u00eencerca\u021bi s\u0103 p\u0103stra\u021bi zona curat\u0103\u201d,<\/em> ne-a declarat <strong>Emil Epure <\/strong><em>(foto)<\/em>, <strong><em>director adjunct \u00een cadrul societ\u0103\u0163ii Giurgiu Servicii Publice<\/em><\/strong>.<\/p>\n<p><a href=\"https:\/\/www.giurgiuveanul.ro\/stiri\/wp-content\/uploads\/2023\/09\/9-2.jpg\"><img loading=\"lazy\" decoding=\"async\" class=\"aligncenter  wp-image-100161\" src=\"https:\/\/www.giurgiuveanul.ro\/stiri\/wp-content\/uploads\/2023\/09\/9-2-560x396.jpg\" alt=\"\" width=\"573\" height=\"405\" srcset=\"https:\/\/www.giurgiuveanul.ro\/stiri\/wp-content\/uploads\/2023\/09\/9-2-560x396.jpg 560w, https:\/\/www.giurgiuveanul.ro\/stiri\/wp-content\/uploads\/2023\/09\/9-2-250x177.jpg 250w, https:\/\/www.giurgiuveanul.ro\/stiri\/wp-content\/uploads\/2023\/09\/9-2-768x543.jpg 768w, https:\/\/www.giurgiuveanul.ro\/stiri\/wp-content\/uploads\/2023\/09\/9-2-1536x1087.jpg 1536w, https:\/\/www.giurgiuveanul.ro\/stiri\/wp-content\/uploads\/2023\/09\/9-2-400x283.jpg 400w, https:\/\/www.giurgiuveanul.ro\/stiri\/wp-content\/uploads\/2023\/09\/9-2.jpg 2048w\" sizes=\"auto, (max-width: 573px) 100vw, 573px\" \/><\/a><a href=\"https:\/\/www.giurgiuveanul.ro\/stiri\/wp-content\/uploads\/2023\/09\/8-1.jpg\"><img loading=\"lazy\" decoding=\"async\" class=\"aligncenter  wp-image-100162\" src=\"https:\/\/www.giurgiuveanul.ro\/stiri\/wp-content\/uploads\/2023\/09\/8-1-560x425.jpg\" alt=\"\" width=\"569\" height=\"432\" srcset=\"https:\/\/www.giurgiuveanul.ro\/stiri\/wp-content\/uploads\/2023\/09\/8-1-560x425.jpg 560w, https:\/\/www.giurgiuveanul.ro\/stiri\/wp-content\/uploads\/2023\/09\/8-1-250x190.jpg 250w, https:\/\/www.giurgiuveanul.ro\/stiri\/wp-content\/uploads\/2023\/09\/8-1-768x584.jpg 768w, https:\/\/www.giurgiuveanul.ro\/stiri\/wp-content\/uploads\/2023\/09\/8-1-1536x1167.jpg 1536w, https:\/\/www.giurgiuveanul.ro\/stiri\/wp-content\/uploads\/2023\/09\/8-1-400x304.jpg 400w, https:\/\/www.giurgiuveanul.ro\/stiri\/wp-content\/uploads\/2023\/09\/8-1.jpg 2048w\" sizes=\"auto, (max-width: 569px) 100vw, 569px\" \/><\/a><\/p>\n","protected":false},"excerpt":{"rendered":"<p>Chiar dac\u0103 nu ave\u0163i timp liber s\u0103 pleca\u0163i la munte sau la mare, acum g\u0103si\u0163i \u0219i \u00een Giurgiu un loc<\/p>\n","protected":false},"author":1,"featured_media":0,"comment_status":"open","ping_status":"open","sticky":false,"template":"","format":"standard","meta":{"footnotes":""},"categories":[6],"tags":[],"class_list":["post-100150","post","type-post","status-publish","format-standard","hentry","category-breaking-news"],"_links":{"self":[{"href":"https:\/\/www.giurgiuveanul.ro\/stiri\/wp-json\/wp\/v2\/posts\/100150","targetHints":{"allow":["GET"]}}],"collection":[{"href":"https:\/\/www.giurgiuveanul.ro\/stiri\/wp-json\/wp\/v2\/posts"}],"about":[{"href":"https:\/\/www.giurgiuveanul.ro\/stiri\/wp-json\/wp\/v2\/types\/post"}],"author":[{"embeddable":true,"href":"https:\/\/www.giurgiuveanul.ro\/stiri\/wp-json\/wp\/v2\/users\/1"}],"replies":[{"embeddable":true,"href":"https:\/\/www.giurgiuveanul.ro\/stiri\/wp-json\/wp\/v2\/comments?post=100150"}],"version-history":[{"count":0,"href":"https:\/\/www.giurgiuveanul.ro\/stiri\/wp-json\/wp\/v2\/posts\/100150\/revisions"}],"wp:attachment":[{"href":"https:\/\/www.giurgiuveanul.ro\/stiri\/wp-json\/wp\/v2\/media?parent=100150"}],"wp:term":[{"taxonomy":"category","embeddable":true,"href":"https:\/\/www.giurgiuveanul.ro\/stiri\/wp-json\/wp\/v2\/categories?post=100150"},{"taxonomy":"post_tag","embeddable":true,"href":"https:\/\/www.giurgiuveanul.ro\/stiri\/wp-json\/wp\/v2\/tags?post=100150"}],"curies":[{"name":"wp","href":"https:\/\/api.w.org\/{rel}","templated":true}]}}