{"id":100164,"date":"2023-09-16T12:29:20","date_gmt":"2023-09-16T09:29:20","guid":{"rendered":"https:\/\/www.giurgiuveanul.ro\/stiri\/?p=100164"},"modified":"2023-09-16T12:45:43","modified_gmt":"2023-09-16T09:45:43","slug":"s-a-stins-din-viata-petre-dragan-fost-presedinte-al-camerei-de-comert-si-industrie-a-judetului-giurgiu","status":"publish","type":"post","link":"https:\/\/www.giurgiuveanul.ro\/stiri\/s-a-stins-din-viata-petre-dragan-fost-presedinte-al-camerei-de-comert-si-industrie-a-judetului-giurgiu\/","title":{"rendered":"S-a stins din via\u0163\u0103 Petre Dr\u0103gan, fost pre\u015fedinte al Camerei de Comer\u0163, Industrie \u0219i Agricultur\u0103 a Jude\u0163ului Giurgiu&#8230;"},"content":{"rendered":"<p style=\"text-align: justify;\"><a href=\"https:\/\/www.giurgiuveanul.ro\/stiri\/wp-content\/uploads\/2023\/09\/Petre-Dragan.jpg\"><img loading=\"lazy\" decoding=\"async\" class=\"aligncenter wp-image-100165\" src=\"https:\/\/www.giurgiuveanul.ro\/stiri\/wp-content\/uploads\/2023\/09\/Petre-Dragan-476x450.jpg\" alt=\"\" width=\"575\" height=\"543\" srcset=\"https:\/\/www.giurgiuveanul.ro\/stiri\/wp-content\/uploads\/2023\/09\/Petre-Dragan-476x450.jpg 476w, https:\/\/www.giurgiuveanul.ro\/stiri\/wp-content\/uploads\/2023\/09\/Petre-Dragan-250x236.jpg 250w, https:\/\/www.giurgiuveanul.ro\/stiri\/wp-content\/uploads\/2023\/09\/Petre-Dragan-768x725.jpg 768w, https:\/\/www.giurgiuveanul.ro\/stiri\/wp-content\/uploads\/2023\/09\/Petre-Dragan-1536x1451.jpg 1536w, https:\/\/www.giurgiuveanul.ro\/stiri\/wp-content\/uploads\/2023\/09\/Petre-Dragan-400x378.jpg 400w, https:\/\/www.giurgiuveanul.ro\/stiri\/wp-content\/uploads\/2023\/09\/Petre-Dragan.jpg 2000w\" sizes=\"auto, (max-width: 575px) 100vw, 575px\" \/><\/a>Cu inimile fr\u00e2nte de durere, ne desp\u0103r\u0163im de scumpul nostru<!--more--> so\u0163 \u015fi tat\u0103, <strong>PETRE DR\u0102GAN<\/strong>, <em>fost pre\u015fedinte al Camerei de Comer\u0163, Industrie \u015fi Agricultur\u0103 a Jude\u0163ului Giurgiu<\/em>, mutat la cele ve\u015fnice <em>la v\u00e2rsta de 81 de ani.<\/em><\/p>\n<p style=\"text-align: justify;\">\u00ce\u0163i mul\u0163umim pentru tot ceea ce ai fost pentru noi, un exemplu de dragoste, speran\u0163\u0103 \u015fi curaj, sufletul familiei noastre. Vei r\u0103m\u00e2ne ve\u015fnic \u00een inimile noastre a\u015fa cum to\u0163i te-am \u015ftiut&#8230;<\/p>\n<p style=\"text-align: justify;\">Domnul s\u0103-l odihneasc\u0103 \u00een pace al\u0103turi de cei buni.<\/p>\n<p style=\"text-align: justify;\">Trupul ne\u00eensufle\u0163it <strong>este depus la Catedrala Episcopal\u0103 \u201eAdormirea Maicii Domnului\u201d<\/strong>, iar <strong>slujba de \u00eenmorm\u00e2ntare va avea loc duminic\u0103, 17 septembrie, ora 12:00<\/strong>.<\/p>\n<p style=\"text-align: justify;\"><em>Dumnezeu s\u0103 \u00eel ierte \u015fi s\u0103 \u00eei odihneasc\u0103 sufletul \u00een pace.<\/em><\/p>\n","protected":false},"excerpt":{"rendered":"<p>Cu inimile fr\u00e2nte de durere, ne desp\u0103r\u0163im de scumpul nostru<\/p>\n","protected":false},"author":1,"featured_media":0,"comment_status":"open","ping_status":"open","sticky":false,"template":"","format":"standard","meta":{"footnotes":""},"categories":[22],"tags":[],"class_list":["post-100164","post","type-post","status-publish","format-standard","hentry","category-deces"],"_links":{"self":[{"href":"https:\/\/www.giurgiuveanul.ro\/stiri\/wp-json\/wp\/v2\/posts\/100164","targetHints":{"allow":["GET"]}}],"collection":[{"href":"https:\/\/www.giurgiuveanul.ro\/stiri\/wp-json\/wp\/v2\/posts"}],"about":[{"href":"https:\/\/www.giurgiuveanul.ro\/stiri\/wp-json\/wp\/v2\/types\/post"}],"author":[{"embeddable":true,"href":"https:\/\/www.giurgiuveanul.ro\/stiri\/wp-json\/wp\/v2\/users\/1"}],"replies":[{"embeddable":true,"href":"https:\/\/www.giurgiuveanul.ro\/stiri\/wp-json\/wp\/v2\/comments?post=100164"}],"version-history":[{"count":0,"href":"https:\/\/www.giurgiuveanul.ro\/stiri\/wp-json\/wp\/v2\/posts\/100164\/revisions"}],"wp:attachment":[{"href":"https:\/\/www.giurgiuveanul.ro\/stiri\/wp-json\/wp\/v2\/media?parent=100164"}],"wp:term":[{"taxonomy":"category","embeddable":true,"href":"https:\/\/www.giurgiuveanul.ro\/stiri\/wp-json\/wp\/v2\/categories?post=100164"},{"taxonomy":"post_tag","embeddable":true,"href":"https:\/\/www.giurgiuveanul.ro\/stiri\/wp-json\/wp\/v2\/tags?post=100164"}],"curies":[{"name":"wp","href":"https:\/\/api.w.org\/{rel}","templated":true}]}}