{"id":100171,"date":"2023-09-16T12:50:17","date_gmt":"2023-09-16T09:50:17","guid":{"rendered":"https:\/\/www.giurgiuveanul.ro\/stiri\/?p=100171"},"modified":"2023-09-16T12:50:35","modified_gmt":"2023-09-16T09:50:35","slug":"ne-asteapta-un-weekend-mohorat-cu-ploi-si-vant","status":"publish","type":"post","link":"https:\/\/www.giurgiuveanul.ro\/stiri\/ne-asteapta-un-weekend-mohorat-cu-ploi-si-vant\/","title":{"rendered":"Ne a\u0219teapt\u0103 un weekend mohor\u00e2t, cu ploi \u0219i v\u00e2nt!"},"content":{"rendered":"<p style=\"text-align: justify;\"><strong><a href=\"https:\/\/www.giurgiuveanul.ro\/stiri\/wp-content\/uploads\/2023\/09\/00000000-1.jpg\"><img loading=\"lazy\" decoding=\"async\" class=\"aligncenter wp-image-100172\" src=\"https:\/\/www.giurgiuveanul.ro\/stiri\/wp-content\/uploads\/2023\/09\/00000000-1-537x450.jpg\" alt=\"\" width=\"567\" height=\"475\" srcset=\"https:\/\/www.giurgiuveanul.ro\/stiri\/wp-content\/uploads\/2023\/09\/00000000-1-537x450.jpg 537w, https:\/\/www.giurgiuveanul.ro\/stiri\/wp-content\/uploads\/2023\/09\/00000000-1-250x210.jpg 250w, https:\/\/www.giurgiuveanul.ro\/stiri\/wp-content\/uploads\/2023\/09\/00000000-1-768x644.jpg 768w, https:\/\/www.giurgiuveanul.ro\/stiri\/wp-content\/uploads\/2023\/09\/00000000-1-400x335.jpg 400w, https:\/\/www.giurgiuveanul.ro\/stiri\/wp-content\/uploads\/2023\/09\/00000000-1.jpg 940w\" sizes=\"auto, (max-width: 567px) 100vw, 567px\" \/><\/a>Meteorologii anun\u021b\u0103 c\u0103 de ast\u0103zi, de la ora<!--more--> 10:00, p\u00e2n\u0103 m\u00e2ine la pr\u00e2nz, jude\u021bul Giurgiu se va afla sub inciden\u021ba unei aten\u021bion\u0103ri meteorologice tip cod galben de instabilitate atmosferic\u0103.<\/strong><\/p>\n<p style=\"text-align: justify;\">Se vor semnala averse toren\u021biale, desc\u0103rc\u0103ri electrice, intensific\u0103ri de scurt\u0103 durat\u0103 ale v\u00e2ntului cu viteze de 50-60 km\/h \u0219i, izolat, grindin\u0103. \u00cen intervale scurte de timp sau prin acumulare, local, cantit\u0103\u021bile de ap\u0103 vor fi de 20-30 l\/mp \u0219i pe arii restr\u00e2nse de peste 50-60 l\/mp.<\/p>\n<p style=\"text-align: justify;\">\u00a0<a href=\"http:\/\/www.meteoromania.ro\/avertizari\/\">http:\/\/www.meteoromania.ro\/avertizari\/<\/a><\/p>\n<p style=\"text-align: justify;\">Pentru a preveni situa\u021biile de urgen\u021b\u0103, v\u0103 recomand\u0103m respectarea urm\u0103toarelor m\u0103suri:<\/p>\n<p style=\"text-align: justify;\">\u00a0cur\u0103\u021ba\u021bi \u0219an\u021burile \u0219i rigolele de scurgere, pentru a permite evacuarea apelor pluviale;<\/p>\n<p style=\"text-align: justify;\">\u00a0nu arunca\u021bi gunoaiele menajere sau resturile vegetale \u00een albiile apelor curg\u0103toare sau \u00een \u0219an\u021burile \/ canalele de colectare a apei;<\/p>\n<p style=\"text-align: justify;\">\u00a0\u00een m\u0103sura \u00een care este posibil, dac\u0103 v\u00e2ntul bate cu putere, \u00eentrerupe\u021bi activit\u0103\u021bile \u00een aer liber \u0219i ad\u0103posti\u021bi-v\u0103 \u00een locuin\u021be sau \u00een spa\u021bii care s\u0103 v\u0103 asigure protec\u021bia; \u00eenchide\u021bi u\u0219ile \u0219i ferestrele;<\/p>\n<p style=\"text-align: justify;\">\u00a0fi\u021bi pruden\u021bi atunci c\u00e2nd v\u0103 afla\u021bi pe strad\u0103 \u0219i evita\u021bi deplasarea \u00een zone cu panouri publicitare, copaci sau st\u00e2lpi de electricitate care ar putea fi dobor\u00e2\u021bi;<\/p>\n<p style=\"text-align: justify;\">\u00a0parca\u021bi autoturismele la distan\u021b\u0103 sigur\u0103 fa\u021b\u0103 de copaci sau st\u00e2lpi de electricitate.<\/p>\n<p style=\"text-align: justify;\">Folosirea focului deschis \u00een locuri cu pericol de incendiu \u0219i pe timp de v\u00e2nt este interzis\u0103.<\/p>\n<p style=\"text-align: justify;\">Pe platforma Na\u021bional\u0103 de Preg\u0103tire pentru Situa\u021bii de Urgen\u021b\u0103 FII PREG\u0102TIT pot fi consultate ghidurile special create pentru a afla cum v\u0103 pute\u021bi proteja \u00een diverse situa\u021bii de urgen\u021b\u0103, generate de fenomene meteo extreme.<\/p>\n<p style=\"text-align: justify;\">FURTUN\u0102: <a href=\"https:\/\/fiipregatit.ro\/ghid\/furtuna\/\">https:\/\/fiipregatit.ro\/ghid\/furtuna\/<\/a><\/p>\n<p style=\"text-align: justify;\">INUNDA\u021aII:<\/p>\n<p style=\"text-align: justify;\"><a href=\"https:\/\/fiipregatit.ro\/ghid\/ghid-inundatie\/\">https:\/\/fiipregatit.ro\/ghid\/ghid-inundatie\/<\/a><\/p>\n","protected":false},"excerpt":{"rendered":"<p>Meteorologii anun\u021b\u0103 c\u0103 de ast\u0103zi, de la ora<\/p>\n","protected":false},"author":1,"featured_media":0,"comment_status":"open","ping_status":"open","sticky":false,"template":"","format":"standard","meta":{"footnotes":""},"categories":[6],"tags":[],"class_list":["post-100171","post","type-post","status-publish","format-standard","hentry","category-breaking-news"],"_links":{"self":[{"href":"https:\/\/www.giurgiuveanul.ro\/stiri\/wp-json\/wp\/v2\/posts\/100171","targetHints":{"allow":["GET"]}}],"collection":[{"href":"https:\/\/www.giurgiuveanul.ro\/stiri\/wp-json\/wp\/v2\/posts"}],"about":[{"href":"https:\/\/www.giurgiuveanul.ro\/stiri\/wp-json\/wp\/v2\/types\/post"}],"author":[{"embeddable":true,"href":"https:\/\/www.giurgiuveanul.ro\/stiri\/wp-json\/wp\/v2\/users\/1"}],"replies":[{"embeddable":true,"href":"https:\/\/www.giurgiuveanul.ro\/stiri\/wp-json\/wp\/v2\/comments?post=100171"}],"version-history":[{"count":0,"href":"https:\/\/www.giurgiuveanul.ro\/stiri\/wp-json\/wp\/v2\/posts\/100171\/revisions"}],"wp:attachment":[{"href":"https:\/\/www.giurgiuveanul.ro\/stiri\/wp-json\/wp\/v2\/media?parent=100171"}],"wp:term":[{"taxonomy":"category","embeddable":true,"href":"https:\/\/www.giurgiuveanul.ro\/stiri\/wp-json\/wp\/v2\/categories?post=100171"},{"taxonomy":"post_tag","embeddable":true,"href":"https:\/\/www.giurgiuveanul.ro\/stiri\/wp-json\/wp\/v2\/tags?post=100171"}],"curies":[{"name":"wp","href":"https:\/\/api.w.org\/{rel}","templated":true}]}}