{"id":100204,"date":"2023-09-19T10:23:14","date_gmt":"2023-09-19T07:23:14","guid":{"rendered":"https:\/\/www.giurgiuveanul.ro\/stiri\/?p=100204"},"modified":"2023-09-19T10:23:14","modified_gmt":"2023-09-19T07:23:14","slug":"isu-giurgiu-o-persoana-ranita-in-urma-unui-accident-rutier","status":"publish","type":"post","link":"https:\/\/www.giurgiuveanul.ro\/stiri\/isu-giurgiu-o-persoana-ranita-in-urma-unui-accident-rutier\/","title":{"rendered":"ISU Giurgiu. O persoan\u0103 r\u0103nit\u0103, \u00een urma unui accident rutier"},"content":{"rendered":"<p style=\"text-align: justify;\"><strong><a href=\"https:\/\/www.giurgiuveanul.ro\/stiri\/wp-content\/uploads\/2023\/09\/thumbnail-8.jpeg\"><img loading=\"lazy\" decoding=\"async\" class=\"aligncenter  wp-image-100205\" src=\"https:\/\/www.giurgiuveanul.ro\/stiri\/wp-content\/uploads\/2023\/09\/thumbnail-8-560x420.jpeg\" alt=\"\" width=\"579\" height=\"434\" srcset=\"https:\/\/www.giurgiuveanul.ro\/stiri\/wp-content\/uploads\/2023\/09\/thumbnail-8-560x420.jpeg 560w, https:\/\/www.giurgiuveanul.ro\/stiri\/wp-content\/uploads\/2023\/09\/thumbnail-8-250x188.jpeg 250w, https:\/\/www.giurgiuveanul.ro\/stiri\/wp-content\/uploads\/2023\/09\/thumbnail-8-768x576.jpeg 768w, https:\/\/www.giurgiuveanul.ro\/stiri\/wp-content\/uploads\/2023\/09\/thumbnail-8-400x300.jpeg 400w, https:\/\/www.giurgiuveanul.ro\/stiri\/wp-content\/uploads\/2023\/09\/thumbnail-8.jpeg 1080w\" sizes=\"auto, (max-width: 579px) 100vw, 579px\" \/><\/a>Un t\u00e2n\u0103r, \u00een v\u00e2rst\u0103 de<!--more--> 19 ani, a avut nevoie de \u00eengrijiri medicale \u00een urma unui accident rutier ce s-a produs, azi-noapte, \u00een localitatea B\u0103neasa. Autoturismul pe care acesta \u00eel conducea a fost g\u0103sit \u00eentr-un canal de iriga\u021bii secat. Conduc\u0103torul auto \u0219i pasagerul care \u00eel \u00eenso\u021bea au ie\u0219it singuri din ma\u0219in\u0103.<\/strong><\/p>\n<p style=\"text-align: justify;\">La fa\u021ba locului s-au deplasat pompierii din cadrul Deta\u0219amentului Giurgiu, cu o autospecial\u0103 de stingere, o desc\u0103rcare, dou\u0103 ambulan\u021be SMURD \u0219i SAJ.<\/p>\n<p style=\"text-align: justify;\">\u0218oferul, con\u0219tient \u0219i cooperant, a fost preluat de echipajul SAJ \u0219i transportat la spital.<\/p>\n<p style=\"text-align: justify;\">Pompierii au asigurat m\u0103surile de prevenire a incendiilor, iar cazul a r\u0103mas \u00een aten\u021bia Poli\u021biei pentru cercet\u0103ri.<\/p>\n<p style=\"text-align: justify;\">Pentru a preveni astfel de evenimente, recomand\u0103m conduc\u0103torilor auto s\u0103 dea dovad\u0103 de pruden\u021b\u0103 la volan, s\u0103 respecte regulile de circula\u021bie pentru propria lor siguran\u021b\u0103, dar \u0219i a celorlal\u021bi participan\u021bi la trafic.<\/p>\n<p style=\"text-align: justify;\">\u00cen continuare, pompierii militari r\u0103m\u00e2n mobiliza\u021bi, 24 de ore din 24, pentru gestionarea operativ\u0103 a situa\u0163iilor de urgen\u0163\u0103 \u015fi acordarea primului ajutor medical specializat persoanelor aflate \u00een dificultate.<\/p>\n<p style=\"text-align: justify;\">Evenimentele \u00eenregistrate la nivel jude\u021bean r\u0103m\u00e2n \u00een aten\u021bia Centrului Opera\u021bional, pentru dispunerea imediat\u0103 a m\u0103surilor menite s\u0103 asigure optimizarea misiunilor de r\u0103spuns orientate spre salvarea de vie\u021bi.<\/p>\n<p style=\"text-align: justify;\">Informa\u021bii despre modul de comportare \u00een cazul producerii unor situa\u021bii de urgen\u021b\u0103 pot fi ob\u021binute prin accesarea platformei na\u021bionale de preg\u0103tire \u00een situa\u021bii de urgen\u021b\u0103 <a href=\"https:\/\/fiipregatit.ro\">https:\/\/fiipregatit.ro<\/a>.<\/p>\n<p style=\"text-align: center;\"><em><strong>Compartimentul Informare \u0219i Rela\u021bii Publice<\/strong><\/em><\/p>\n","protected":false},"excerpt":{"rendered":"<p>Un t\u00e2n\u0103r, \u00een v\u00e2rst\u0103 de<\/p>\n","protected":false},"author":1,"featured_media":0,"comment_status":"open","ping_status":"open","sticky":false,"template":"","format":"standard","meta":{"footnotes":""},"categories":[6],"tags":[],"class_list":["post-100204","post","type-post","status-publish","format-standard","hentry","category-breaking-news"],"_links":{"self":[{"href":"https:\/\/www.giurgiuveanul.ro\/stiri\/wp-json\/wp\/v2\/posts\/100204","targetHints":{"allow":["GET"]}}],"collection":[{"href":"https:\/\/www.giurgiuveanul.ro\/stiri\/wp-json\/wp\/v2\/posts"}],"about":[{"href":"https:\/\/www.giurgiuveanul.ro\/stiri\/wp-json\/wp\/v2\/types\/post"}],"author":[{"embeddable":true,"href":"https:\/\/www.giurgiuveanul.ro\/stiri\/wp-json\/wp\/v2\/users\/1"}],"replies":[{"embeddable":true,"href":"https:\/\/www.giurgiuveanul.ro\/stiri\/wp-json\/wp\/v2\/comments?post=100204"}],"version-history":[{"count":0,"href":"https:\/\/www.giurgiuveanul.ro\/stiri\/wp-json\/wp\/v2\/posts\/100204\/revisions"}],"wp:attachment":[{"href":"https:\/\/www.giurgiuveanul.ro\/stiri\/wp-json\/wp\/v2\/media?parent=100204"}],"wp:term":[{"taxonomy":"category","embeddable":true,"href":"https:\/\/www.giurgiuveanul.ro\/stiri\/wp-json\/wp\/v2\/categories?post=100204"},{"taxonomy":"post_tag","embeddable":true,"href":"https:\/\/www.giurgiuveanul.ro\/stiri\/wp-json\/wp\/v2\/tags?post=100204"}],"curies":[{"name":"wp","href":"https:\/\/api.w.org\/{rel}","templated":true}]}}