{"id":100207,"date":"2023-09-19T10:34:07","date_gmt":"2023-09-19T07:34:07","guid":{"rendered":"https:\/\/www.giurgiuveanul.ro\/stiri\/?p=100207"},"modified":"2023-09-19T10:34:07","modified_gmt":"2023-09-19T07:34:07","slug":"politistii-din-cadrul-sindicatului-europol-protest-in-fata-inspectoratului-de-politie-judetean-giurgiu","status":"publish","type":"post","link":"https:\/\/www.giurgiuveanul.ro\/stiri\/politistii-din-cadrul-sindicatului-europol-protest-in-fata-inspectoratului-de-politie-judetean-giurgiu\/","title":{"rendered":"Poli\u0163i\u015ftii din cadrul sindicatului \u201eEuropol\u201d, protest \u00een fa\u0163a Inspectoratului de Poli\u0163ie Jude\u0163ean Giurgiu"},"content":{"rendered":"<p style=\"text-align: justify;\"><a href=\"https:\/\/www.giurgiuveanul.ro\/stiri\/wp-content\/uploads\/2023\/09\/b.jpeg\"><img loading=\"lazy\" decoding=\"async\" class=\"aligncenter  wp-image-100208\" src=\"https:\/\/www.giurgiuveanul.ro\/stiri\/wp-content\/uploads\/2023\/09\/b-560x315.jpeg\" alt=\"\" width=\"574\" height=\"323\" srcset=\"https:\/\/www.giurgiuveanul.ro\/stiri\/wp-content\/uploads\/2023\/09\/b-560x315.jpeg 560w, https:\/\/www.giurgiuveanul.ro\/stiri\/wp-content\/uploads\/2023\/09\/b-250x141.jpeg 250w, https:\/\/www.giurgiuveanul.ro\/stiri\/wp-content\/uploads\/2023\/09\/b-768x432.jpeg 768w, https:\/\/www.giurgiuveanul.ro\/stiri\/wp-content\/uploads\/2023\/09\/b-1536x864.jpeg 1536w, https:\/\/www.giurgiuveanul.ro\/stiri\/wp-content\/uploads\/2023\/09\/b-400x225.jpeg 400w, https:\/\/www.giurgiuveanul.ro\/stiri\/wp-content\/uploads\/2023\/09\/b.jpeg 1920w\" sizes=\"auto, (max-width: 574px) 100vw, 574px\" \/><\/a>Poli\u021bi\u0219tii din cadrul structurilor<!--more--> de ordine public\u0103 \u0219i cei din cadrul structurilor rutiere protesteaz\u0103, la acest moment, \u00een fa\u021ba IPJ Giurgiu fa\u021b\u0103 de inten\u021bia conducerii institu\u021biei pentru modificarea programului de lucru.<\/p>\n<p style=\"text-align: justify;\">Poli\u021bi\u0219tii inten\u021bioneaz\u0103 sa continue ac\u021biunile inclusiv prin adoptarea altor forme de protest cum ar fi donarea de s\u00e2nge \u0219i aplicarea avertismentelor scrise \u00een situa\u021bia constat\u0103rii contraven\u021biilor.<\/p>\n","protected":false},"excerpt":{"rendered":"<p>Poli\u021bi\u0219tii din cadrul structurilor<\/p>\n","protected":false},"author":1,"featured_media":0,"comment_status":"open","ping_status":"open","sticky":false,"template":"","format":"standard","meta":{"footnotes":""},"categories":[6],"tags":[],"class_list":["post-100207","post","type-post","status-publish","format-standard","hentry","category-breaking-news"],"_links":{"self":[{"href":"https:\/\/www.giurgiuveanul.ro\/stiri\/wp-json\/wp\/v2\/posts\/100207","targetHints":{"allow":["GET"]}}],"collection":[{"href":"https:\/\/www.giurgiuveanul.ro\/stiri\/wp-json\/wp\/v2\/posts"}],"about":[{"href":"https:\/\/www.giurgiuveanul.ro\/stiri\/wp-json\/wp\/v2\/types\/post"}],"author":[{"embeddable":true,"href":"https:\/\/www.giurgiuveanul.ro\/stiri\/wp-json\/wp\/v2\/users\/1"}],"replies":[{"embeddable":true,"href":"https:\/\/www.giurgiuveanul.ro\/stiri\/wp-json\/wp\/v2\/comments?post=100207"}],"version-history":[{"count":0,"href":"https:\/\/www.giurgiuveanul.ro\/stiri\/wp-json\/wp\/v2\/posts\/100207\/revisions"}],"wp:attachment":[{"href":"https:\/\/www.giurgiuveanul.ro\/stiri\/wp-json\/wp\/v2\/media?parent=100207"}],"wp:term":[{"taxonomy":"category","embeddable":true,"href":"https:\/\/www.giurgiuveanul.ro\/stiri\/wp-json\/wp\/v2\/categories?post=100207"},{"taxonomy":"post_tag","embeddable":true,"href":"https:\/\/www.giurgiuveanul.ro\/stiri\/wp-json\/wp\/v2\/tags?post=100207"}],"curies":[{"name":"wp","href":"https:\/\/api.w.org\/{rel}","templated":true}]}}