{"id":100216,"date":"2023-09-19T17:31:18","date_gmt":"2023-09-19T14:31:18","guid":{"rendered":"https:\/\/www.giurgiuveanul.ro\/stiri\/?p=100216"},"modified":"2023-09-19T17:31:38","modified_gmt":"2023-09-19T14:31:38","slug":"sedinta-comuna-romano-bulgara-pe-tema-construirii-incineratorului-de-deseuri-la-ruse","status":"publish","type":"post","link":"https:\/\/www.giurgiuveanul.ro\/stiri\/sedinta-comuna-romano-bulgara-pe-tema-construirii-incineratorului-de-deseuri-la-ruse\/","title":{"rendered":"\u0218edin\u021b\u0103 comun\u0103 rom\u00e2no-bulgar\u0103 pe tema construirii incineratorului de de\u0219euri, la Ruse"},"content":{"rendered":"<p style=\"text-align: justify;\"><strong><a href=\"https:\/\/www.giurgiuveanul.ro\/stiri\/wp-content\/uploads\/2023\/09\/376202404_808822234583798_3725472813940703670_n.jpg\"><img loading=\"lazy\" decoding=\"async\" class=\"aligncenter wp-image-100217\" src=\"https:\/\/www.giurgiuveanul.ro\/stiri\/wp-content\/uploads\/2023\/09\/376202404_808822234583798_3725472813940703670_n-546x450.jpg\" alt=\"\" width=\"579\" height=\"477\" srcset=\"https:\/\/www.giurgiuveanul.ro\/stiri\/wp-content\/uploads\/2023\/09\/376202404_808822234583798_3725472813940703670_n-546x450.jpg 546w, https:\/\/www.giurgiuveanul.ro\/stiri\/wp-content\/uploads\/2023\/09\/376202404_808822234583798_3725472813940703670_n-250x206.jpg 250w, https:\/\/www.giurgiuveanul.ro\/stiri\/wp-content\/uploads\/2023\/09\/376202404_808822234583798_3725472813940703670_n-768x633.jpg 768w, https:\/\/www.giurgiuveanul.ro\/stiri\/wp-content\/uploads\/2023\/09\/376202404_808822234583798_3725472813940703670_n-400x329.jpg 400w, https:\/\/www.giurgiuveanul.ro\/stiri\/wp-content\/uploads\/2023\/09\/376202404_808822234583798_3725472813940703670_n.jpg 1304w\" sizes=\"auto, (max-width: 579px) 100vw, 579px\" \/><\/a>Consilierii municipali din Giurgiu \u0219i Ruse<!--more--> s-au \u00eent\u00e2lnit din nou \u00eentr-o \u0219edin\u021b\u0103 comun\u0103, de aceast\u0103 dat\u0103 la Ruse, subiectul principal al discu\u021biilor reprezent\u00e2ndu-l construirea incineratorului de de\u0219euri \u00een municipiul Giurgiu. Pentru c\u0103 pozi\u021bia p\u0103r\u021bii bulgare este la fel ca cea a consilierilor locali giurgiuveni, discu\u021biile au pornit de la fazele incipiente ale acestei probleme pentru ambele comunit\u0103\u021bi, la final fiind date rezolu\u021bii comune.<\/strong><\/p>\n<p style=\"text-align: justify;\">Primarul municipiului Ruse, Pencho Milkov \u0219i consilierii locali sunt de p\u0103rere c\u0103, toate demersurile f\u0103cute p\u00e2n\u0103 \u00een prezent de c\u0103tre primarul Adrian Anghelescu \u0219i consilierii locali din Giurgiu, \u00eempotriva construirii incineratorului de de\u0219euri, trebuie s\u0103 beneficieze de o promovare c\u00e2t mai mare, astfel \u00eenc\u00e2t informa\u021biile s\u0103 ajung\u0103 la c\u00e2t mai mul\u021bi cet\u0103\u021beni.<\/p>\n<p style=\"text-align: justify;\"><em>\u201dPrimarul Adrian Anghelescu a f\u0103cut foarte multe demersuri, iar noi c\u00e2nd am auzit despre aceast\u0103 problem\u0103, am luat imediat pozi\u021bie \u0219i am \u00eenceput s\u0103 ne adres\u0103m ministerelor de resort, am intrat \u00een leg\u0103tur\u0103 cu cet\u0103\u021benii, i-am informat \u0219i am str\u00e2ns semn\u0103turi. De asemenea, noi am preg\u0103tit o scrisoare adresat\u0103 pre\u0219edintelui Bulgariei \u0219i celor opt parlamentari de Ruse pentru ca to\u021bi s\u0103 devin\u0103 activi. Am avut \u0219i \u00eent\u00e2lniri cu exper\u021bi \u0219i cu reprezentan\u021bi ai Ministerului Mediului, dar \u0219i cu reprezentan\u021bii opiniei publice pentru a declara care este pozi\u021bia lor legat\u0103 de aceast\u0103 problem\u0103. Noi suntem preg\u0103ti\u021bi s\u0103 sus\u021binem orice ini\u021biativ\u0103 a cet\u0103\u021benilor \u0219i s\u0103 facem totul \u00een comun\u201d,<\/em> a declarat primarul <strong>Pencho Milkov<\/strong>.<\/p>\n<p style=\"text-align: justify;\">Cu acela\u0219i prilej primarul municipiului Giurgiu, <strong>Adrian Angelescu<\/strong> \u0219i-a exprimat din nou dezaprobarea \u00een ceea ce prive\u0219te construirea incineratorului de de\u0219euri \u00een municipiul Giurgiu: <em>\u201dMajoritatea cet\u0103\u021benilor, cel mai probabil to\u021bi din Giurgiu \u0219i Ruse sunt \u00eempotriva acestui proiect. Noi am avut o temere de la \u00eenceput \u00een ceea ce prive\u0219te \u0219edin\u021ba tehnic\u0103 ce s-a desf\u0103\u0219urat la Agen\u021bia pentru Protec\u021bia Mediului. \u00cen anul 2021, aceast\u0103 firm\u0103 Friendly West a cerut de la Prim\u0103ria municipiului Giurgiu un certificat de urbanism, iar noi le-am solicitat avizele de la toate insitu\u021biile abilitate. Prima institu\u021bie, respectiv DSP a dat aviz cu impunere de a respecta toate normativele legale \u00een vigoare \u0219i obligativitatea de a avea un studiu de impact care cost\u0103 de la 250.000 euro \u00een sus. Noi nu avem speciali\u0219ti care s\u0103 conteste acest studiu. \u00cen luna aprilie a acestui an, printr-un ordin de ministru, a fost modificat\u0103 legea \u0219i eliminat\u0103 limita de 500 m, fiind introdus doar termenul de vecin\u0103tate. Pornind de la acest context, am coroborat legisla\u021bia \u00een domeniul de\u0219eurilor, constat\u00e2nd c\u0103 acest incinerator are \u00een interior o pltaform\u0103 de de\u0219euri, am ini\u021biat un proiect de hot\u0103r\u00e2re \u0219i cu ajutorul consilierilor locali am stabilit limita de 1000 de metri. Sunt de p\u0103rere c\u0103 un incinerator de acest gen trebuia f\u0103cut de c\u0103tre Ministerul S\u0103n\u0103t\u0103\u021bii, \u00een apropiere de Bucure\u0219ti. De asemenea, reprezentan\u021bii opiniei publice au str\u00e2ns semn\u0103turi pe care le-am transmis tuturor institu\u021biilor \u0219i voi folosi aceste semn\u0103turi pentru ca prin intermediul paralmentarilor de Giurgiu s\u0103 fac demersuri \u00een vederea abrog\u0103rii acelui ordin de ministru\u201d.<\/em><\/p>\n<p style=\"text-align: justify;\">Concluziile comune ale \u00eent\u00e2lnirii au fost ca fiecare s\u0103 se adreseze oficial parlamentarilor \u0219i pre\u0219edin\u021biei, fiind luat\u0103 \u00een calcul \u0219i ideea de a organiza competi\u021bii sportive rom\u00e2no-bulgare \u00een vederea promov\u0103rii s\u0103n\u0103t\u0103\u021bii prin sport.<\/p>\n<p style=\"text-align: justify;\">Dup\u0103 \u00eent\u00e2lnirea de la Prim\u0103ria Ruse, consilierii locali din Giurgiu au avut o \u00eentrevedere \u0219i cu prefectul din Ruse care adopt\u0103 aceea\u0219i pozi\u021bie, d\u00e2nd asigur\u0103ri c\u0103 va sus\u021bine \u00een fa\u021ba guvernului bulgar orice demers f\u0103cut \u00eempotriva construirii acestui incinerator.<\/p>\n","protected":false},"excerpt":{"rendered":"<p>Consilierii municipali din Giurgiu \u0219i Ruse<\/p>\n","protected":false},"author":1,"featured_media":0,"comment_status":"open","ping_status":"open","sticky":false,"template":"","format":"standard","meta":{"footnotes":""},"categories":[6],"tags":[],"class_list":["post-100216","post","type-post","status-publish","format-standard","hentry","category-breaking-news"],"_links":{"self":[{"href":"https:\/\/www.giurgiuveanul.ro\/stiri\/wp-json\/wp\/v2\/posts\/100216","targetHints":{"allow":["GET"]}}],"collection":[{"href":"https:\/\/www.giurgiuveanul.ro\/stiri\/wp-json\/wp\/v2\/posts"}],"about":[{"href":"https:\/\/www.giurgiuveanul.ro\/stiri\/wp-json\/wp\/v2\/types\/post"}],"author":[{"embeddable":true,"href":"https:\/\/www.giurgiuveanul.ro\/stiri\/wp-json\/wp\/v2\/users\/1"}],"replies":[{"embeddable":true,"href":"https:\/\/www.giurgiuveanul.ro\/stiri\/wp-json\/wp\/v2\/comments?post=100216"}],"version-history":[{"count":0,"href":"https:\/\/www.giurgiuveanul.ro\/stiri\/wp-json\/wp\/v2\/posts\/100216\/revisions"}],"wp:attachment":[{"href":"https:\/\/www.giurgiuveanul.ro\/stiri\/wp-json\/wp\/v2\/media?parent=100216"}],"wp:term":[{"taxonomy":"category","embeddable":true,"href":"https:\/\/www.giurgiuveanul.ro\/stiri\/wp-json\/wp\/v2\/categories?post=100216"},{"taxonomy":"post_tag","embeddable":true,"href":"https:\/\/www.giurgiuveanul.ro\/stiri\/wp-json\/wp\/v2\/tags?post=100216"}],"curies":[{"name":"wp","href":"https:\/\/api.w.org\/{rel}","templated":true}]}}