{"id":100230,"date":"2023-09-20T16:10:16","date_gmt":"2023-09-20T13:10:16","guid":{"rendered":"https:\/\/www.giurgiuveanul.ro\/stiri\/?p=100230"},"modified":"2023-09-20T16:10:16","modified_gmt":"2023-09-20T13:10:16","slug":"isu-giurgiu-interventiile-pompierilor-in-ultimele-ore-3","status":"publish","type":"post","link":"https:\/\/www.giurgiuveanul.ro\/stiri\/isu-giurgiu-interventiile-pompierilor-in-ultimele-ore-3\/","title":{"rendered":"ISU Giurgiu. Interven\u021biile pompierilor, \u00een ultimele ore"},"content":{"rendered":"<p style=\"text-align: justify;\"><strong><a href=\"https:\/\/www.giurgiuveanul.ro\/stiri\/wp-content\/uploads\/2023\/09\/000.jpeg\"><img loading=\"lazy\" decoding=\"async\" class=\"aligncenter  wp-image-100231\" src=\"https:\/\/www.giurgiuveanul.ro\/stiri\/wp-content\/uploads\/2023\/09\/000-560x348.jpeg\" alt=\"\" width=\"570\" height=\"354\" srcset=\"https:\/\/www.giurgiuveanul.ro\/stiri\/wp-content\/uploads\/2023\/09\/000-560x348.jpeg 560w, https:\/\/www.giurgiuveanul.ro\/stiri\/wp-content\/uploads\/2023\/09\/000-250x155.jpeg 250w, https:\/\/www.giurgiuveanul.ro\/stiri\/wp-content\/uploads\/2023\/09\/000-768x477.jpeg 768w, https:\/\/www.giurgiuveanul.ro\/stiri\/wp-content\/uploads\/2023\/09\/000-400x248.jpeg 400w, https:\/\/www.giurgiuveanul.ro\/stiri\/wp-content\/uploads\/2023\/09\/000.jpeg 992w\" sizes=\"auto, (max-width: 570px) 100vw, 570px\" \/><\/a>Pompierii giurgiuveni au<!--more--> fost la datorie 24 de ore din 24 pentru interven\u021bia imediat\u0103 la solicit\u0103rile cet\u0103\u021benilor \u0219i gestionarea optim\u0103 a situa\u021biilor de urgen\u021b\u0103, produse la nivel local.<\/strong><\/p>\n<p style=\"text-align: justify;\">\u00cen ultimele ore, ace\u0219tia au intervenit \u00een urm\u0103toarele situa\u021bii:<\/p>\n<ul style=\"text-align: justify;\">\n<li><strong>acordarea asisten<\/strong><strong>\u021b<\/strong><strong>ei medicale de c\u0103tre echipajele SMURD<\/strong><strong> \u00een 11 situa\u021bii;<\/strong><\/li>\n<li><strong>stingerea unui incendiu de vegeta\u021bie uscat\u0103, \u00een localitatea Trestieni <\/strong><\/li>\n<\/ul>\n<p style=\"text-align: justify;\">Au ars vegeta\u021bie uscat\u0103 \u0219i de\u0219euri menajere, pe o suprafa\u021b\u0103 de aproximativ 900 mp. La caz s-au deplasat pompierii din cadrul Deta\u0219amentului Bolintin Deal, cu o autospecial\u0103 de stingere. Cauza probabil\u0103 de producere a incendiului a fost focul deschis \u00een spa\u021bii deschise.<\/p>\n<ul style=\"text-align: justify;\">\n<li><strong>evacuarea apei de la subsolul Prim\u0103riei din localitatea Gostinari <\/strong><\/li>\n<\/ul>\n<p style=\"text-align: justify;\">Pompierii din cadrul Sta\u021biei Coliba\u0219i au constatat faptul c\u0103 subsolul institu\u021biei era inundat \u0219i au ac\u021bionat cu o motopomp\u0103 pentru evacuarea apei.<\/p>\n<ul style=\"text-align: justify;\">\n<li><strong>salvarea unui c\u00e2ine c\u0103zut \u00eentr-un canal <\/strong><\/li>\n<\/ul>\n<p style=\"text-align: justify;\">Interven\u021bia a avut loc ieri dup\u0103-amiaz\u0103, \u00een localitatea St\u0103ne\u0219ti. La fa\u021ba locului\u00a0\u00a0\u00a0\u00a0\u00a0\u00a0\u00a0\u00a0\u00a0\u00a0\u00a0\u00a0\u00a0\u00a0\u00a0 \u00a0s-au deplasat pompierii din cadrul Deta\u0219amentului Giurgiu cu o autospecial\u0103 dotat\u0103 cu accesorii specifice de salvare. C\u00e2inele a fost scos din ap\u0103 de pompieri \u0219i a fost l\u0103sat \u00een grija persoanelor care au sesizat cazul.<\/p>\n<p style=\"text-align: justify;\">\u00cen continuare, pompierii militari r\u0103m\u00e2n mobiliza\u021bi, 24 de ore din 24, pentru gestionarea operativ\u0103 a situa\u0163iilor de urgen\u0163\u0103 \u015fi acordarea primului ajutor medical specializat persoanelor aflate \u00een dificultate.<\/p>\n<p style=\"text-align: justify;\">Evenimentele \u00eenregistrate la nivel jude\u021bean r\u0103m\u00e2n \u00een aten\u021bia Centrului Opera\u021bional, pentru dispunerea imediat\u0103 a m\u0103surilor menite s\u0103 asigure optimizarea misiunilor de r\u0103spuns orientate spre salvarea de vie\u021bi.<\/p>\n<p style=\"text-align: justify;\">Informa\u021bii despre modul de comportare \u00een cazul producerii unor situa\u021bii de urgen\u021b\u0103 pot fi ob\u021binute prin accesarea platformei na\u021bionale de preg\u0103tire \u00een situa\u021bii de urgen\u021b\u0103 <a href=\"https:\/\/fiipregatit.ro\">https:\/\/fiipregatit.ro<\/a>.<\/p>\n<p style=\"text-align: justify;\">\n<p style=\"text-align: justify;\">Compartimentul Informare \u0219i Rela\u021bii Publice<\/p>\n","protected":false},"excerpt":{"rendered":"<p>Pompierii giurgiuveni au<\/p>\n","protected":false},"author":1,"featured_media":0,"comment_status":"open","ping_status":"open","sticky":false,"template":"","format":"standard","meta":{"footnotes":""},"categories":[6],"tags":[],"class_list":["post-100230","post","type-post","status-publish","format-standard","hentry","category-breaking-news"],"_links":{"self":[{"href":"https:\/\/www.giurgiuveanul.ro\/stiri\/wp-json\/wp\/v2\/posts\/100230","targetHints":{"allow":["GET"]}}],"collection":[{"href":"https:\/\/www.giurgiuveanul.ro\/stiri\/wp-json\/wp\/v2\/posts"}],"about":[{"href":"https:\/\/www.giurgiuveanul.ro\/stiri\/wp-json\/wp\/v2\/types\/post"}],"author":[{"embeddable":true,"href":"https:\/\/www.giurgiuveanul.ro\/stiri\/wp-json\/wp\/v2\/users\/1"}],"replies":[{"embeddable":true,"href":"https:\/\/www.giurgiuveanul.ro\/stiri\/wp-json\/wp\/v2\/comments?post=100230"}],"version-history":[{"count":0,"href":"https:\/\/www.giurgiuveanul.ro\/stiri\/wp-json\/wp\/v2\/posts\/100230\/revisions"}],"wp:attachment":[{"href":"https:\/\/www.giurgiuveanul.ro\/stiri\/wp-json\/wp\/v2\/media?parent=100230"}],"wp:term":[{"taxonomy":"category","embeddable":true,"href":"https:\/\/www.giurgiuveanul.ro\/stiri\/wp-json\/wp\/v2\/categories?post=100230"},{"taxonomy":"post_tag","embeddable":true,"href":"https:\/\/www.giurgiuveanul.ro\/stiri\/wp-json\/wp\/v2\/tags?post=100230"}],"curies":[{"name":"wp","href":"https:\/\/api.w.org\/{rel}","templated":true}]}}