{"id":100237,"date":"2023-09-20T16:45:48","date_gmt":"2023-09-20T13:45:48","guid":{"rendered":"https:\/\/www.giurgiuveanul.ro\/stiri\/?p=100237"},"modified":"2023-09-20T16:54:28","modified_gmt":"2023-09-20T13:54:28","slug":"cea-de-a-vi-a-editie-a-cupei-de-toamna-la-tenis-de-camp-fost-o-reusita","status":"publish","type":"post","link":"https:\/\/www.giurgiuveanul.ro\/stiri\/cea-de-a-vi-a-editie-a-cupei-de-toamna-la-tenis-de-camp-fost-o-reusita\/","title":{"rendered":"Cea de-a VI-a edi\u021bie a Cupei de Toamn\u0103 la tenis de c\u00e2mp a fost o reu\u0219it\u0103"},"content":{"rendered":"<p style=\"text-align: justify;\"><strong><a href=\"https:\/\/www.giurgiuveanul.ro\/stiri\/wp-content\/uploads\/2023\/09\/1-1.jpeg\"><img loading=\"lazy\" decoding=\"async\" class=\"aligncenter wp-image-100238\" src=\"https:\/\/www.giurgiuveanul.ro\/stiri\/wp-content\/uploads\/2023\/09\/1-1-530x450.jpeg\" alt=\"\" width=\"580\" height=\"493\" srcset=\"https:\/\/www.giurgiuveanul.ro\/stiri\/wp-content\/uploads\/2023\/09\/1-1-530x450.jpeg 530w, https:\/\/www.giurgiuveanul.ro\/stiri\/wp-content\/uploads\/2023\/09\/1-1-250x212.jpeg 250w, https:\/\/www.giurgiuveanul.ro\/stiri\/wp-content\/uploads\/2023\/09\/1-1-768x652.jpeg 768w, https:\/\/www.giurgiuveanul.ro\/stiri\/wp-content\/uploads\/2023\/09\/1-1-400x340.jpeg 400w, https:\/\/www.giurgiuveanul.ro\/stiri\/wp-content\/uploads\/2023\/09\/1-1.jpeg 1528w\" sizes=\"auto, (max-width: 580px) 100vw, 580px\" \/><\/a>Organizat p\u00e2n\u0103 \u00een ultimul detaliu de<!--more--> c\u0103tre echipa profesorului C\u0103t\u0103lin Paraschiv\u00a0 &#8211; antrenor, p\u0103rin\u021bi, copii, evenimentul de duminica trecut\u0103 a fost bifat \u0219i de c\u0103tre pre\u0219edintele Consiliului Jude\u021bean Giurgiu, Dumitru Beianu, care s-a ar\u0103tat impresionat de desf\u0103\u0219urarea \u00eentregului concurs, pe listele c\u0103ruia s-au \u00eenscris copii de categoriile: ro\u0219u starter,\u00a0 ro\u0219u challenger \u0219i portocaliu. <\/strong><\/p>\n<p style=\"text-align: justify;\">Liderul CJ Giurgiu a asistat \u0219i la festivitatea de premiere, la toate cele trei categorii de joc, a felicitat fiecare copil \u00een parte, r\u0103m\u00e2n\u00e2nd pl\u0103cut surprins nu numai de evolu\u021bia acestora pe terenul de tenis, c\u00e2t \u0219i de cuno\u0219tin\u021bele lor de cultura general\u0103.<\/p>\n<p><a href=\"https:\/\/www.giurgiuveanul.ro\/stiri\/wp-content\/uploads\/2023\/09\/2-2.jpeg\"><img loading=\"lazy\" decoding=\"async\" class=\"aligncenter wp-image-100241\" src=\"https:\/\/www.giurgiuveanul.ro\/stiri\/wp-content\/uploads\/2023\/09\/2-2-560x306.jpeg\" alt=\"\" width=\"582\" height=\"318\" srcset=\"https:\/\/www.giurgiuveanul.ro\/stiri\/wp-content\/uploads\/2023\/09\/2-2-560x306.jpeg 560w, https:\/\/www.giurgiuveanul.ro\/stiri\/wp-content\/uploads\/2023\/09\/2-2-250x137.jpeg 250w, https:\/\/www.giurgiuveanul.ro\/stiri\/wp-content\/uploads\/2023\/09\/2-2-768x420.jpeg 768w, https:\/\/www.giurgiuveanul.ro\/stiri\/wp-content\/uploads\/2023\/09\/2-2-1536x839.jpeg 1536w, https:\/\/www.giurgiuveanul.ro\/stiri\/wp-content\/uploads\/2023\/09\/2-2-400x219.jpeg 400w, https:\/\/www.giurgiuveanul.ro\/stiri\/wp-content\/uploads\/2023\/09\/2-2.jpeg 1962w\" sizes=\"auto, (max-width: 582px) 100vw, 582px\" \/><\/a> <a href=\"https:\/\/www.giurgiuveanul.ro\/stiri\/wp-content\/uploads\/2023\/09\/3-2.jpeg\"><img loading=\"lazy\" decoding=\"async\" class=\"aligncenter wp-image-100242\" src=\"https:\/\/www.giurgiuveanul.ro\/stiri\/wp-content\/uploads\/2023\/09\/3-2-560x332.jpeg\" alt=\"\" width=\"579\" height=\"343\" srcset=\"https:\/\/www.giurgiuveanul.ro\/stiri\/wp-content\/uploads\/2023\/09\/3-2-560x332.jpeg 560w, https:\/\/www.giurgiuveanul.ro\/stiri\/wp-content\/uploads\/2023\/09\/3-2-250x148.jpeg 250w, https:\/\/www.giurgiuveanul.ro\/stiri\/wp-content\/uploads\/2023\/09\/3-2-768x455.jpeg 768w, https:\/\/www.giurgiuveanul.ro\/stiri\/wp-content\/uploads\/2023\/09\/3-2-1536x911.jpeg 1536w, https:\/\/www.giurgiuveanul.ro\/stiri\/wp-content\/uploads\/2023\/09\/3-2-400x237.jpeg 400w, https:\/\/www.giurgiuveanul.ro\/stiri\/wp-content\/uploads\/2023\/09\/3-2.jpeg 1923w\" sizes=\"auto, (max-width: 579px) 100vw, 579px\" \/><\/a><\/p>\n<p>Podiumurile au ar\u0103tat astfel:<\/p>\n<p>&nbsp;<\/p>\n<p><strong>Ro\u0219u starter<\/strong><\/p>\n<p>Locul 1 &#8211; Antonia Banu<\/p>\n<p>Locul 2 \u2013 Sofia Mih\u0103il\u0103<\/p>\n<p>Locul 3 &#8211; Eveline Mihai<\/p>\n<p>Locul 4 &#8211; Emma Dedeu<\/p>\n<p>&nbsp;<\/p>\n<p><strong>Ro\u0219u challenger <\/strong><\/p>\n<p>Locul 1 &#8211; Alex Culcea<\/p>\n<p>Locul 2 &#8211; Denis P\u0103curar<\/p>\n<p>Locul 3 &#8211; Iustin Co\u021bofan\u0103<\/p>\n<p>Locul 4 &#8211; Denis B\u00eerlan<\/p>\n<p>&nbsp;<\/p>\n<p><strong>Portocaliu<\/strong><\/p>\n<p>Locul 1 &#8211; Darius Vintil\u0103<\/p>\n<p>Locul 2 &#8211; Iustin Co\u021bofan\u0103<\/p>\n<p>Locul 3 &#8211; Eduard Pal<\/p>\n<p>Locul 4 &#8211; Antonia Amuza<\/p>\n<p>&nbsp;<\/p>\n<p style=\"text-align: justify;\">Colegii lor mai mari, <strong>Daryela, Adelina U\u0219\u0103\u00eenchis\u0103, Iulia Radu \u0219i Darius B\u00eerlan,<\/strong> au l\u0103sat pentru o zi rachetele \u0219i au arbitrat meciurile colegilor lor.<\/p>\n<p><a href=\"https:\/\/www.giurgiuveanul.ro\/stiri\/wp-content\/uploads\/2023\/09\/6.jpeg\"><img loading=\"lazy\" decoding=\"async\" class=\"aligncenter wp-image-100243\" src=\"https:\/\/www.giurgiuveanul.ro\/stiri\/wp-content\/uploads\/2023\/09\/6-513x450.jpeg\" alt=\"\" width=\"575\" height=\"504\" srcset=\"https:\/\/www.giurgiuveanul.ro\/stiri\/wp-content\/uploads\/2023\/09\/6-513x450.jpeg 513w, https:\/\/www.giurgiuveanul.ro\/stiri\/wp-content\/uploads\/2023\/09\/6-250x219.jpeg 250w, https:\/\/www.giurgiuveanul.ro\/stiri\/wp-content\/uploads\/2023\/09\/6-768x674.jpeg 768w, https:\/\/www.giurgiuveanul.ro\/stiri\/wp-content\/uploads\/2023\/09\/6-400x351.jpeg 400w, https:\/\/www.giurgiuveanul.ro\/stiri\/wp-content\/uploads\/2023\/09\/6.jpeg 1412w\" sizes=\"auto, (max-width: 575px) 100vw, 575px\" \/><\/a><\/p>\n<p style=\"text-align: justify;\">Reu\u0219ita acestui turneu nu ar fi fost posibila f\u0103r\u0103 sprijinul nemijlocit al p\u0103rin\u021bilor copiilor. Profesorul C\u0103t\u0103lin Paraschiv care a reu\u0219it sa creeze la Giurgiu o comunitate unit\u0103 &#8211; antrenor, copii, p\u0103rin\u021bi, to\u021bi str\u00e2n\u0219i \u00een jurul pasiunii pentru tenis de c\u00e2mp, al respectului pentru disciplin\u0103 \u0219i \u00eenv\u0103\u021bare.<\/p>\n<p><a href=\"https:\/\/www.giurgiuveanul.ro\/stiri\/wp-content\/uploads\/2023\/09\/8.jpeg\"><img loading=\"lazy\" decoding=\"async\" class=\"aligncenter wp-image-100247\" src=\"https:\/\/www.giurgiuveanul.ro\/stiri\/wp-content\/uploads\/2023\/09\/8-560x420.jpeg\" alt=\"\" width=\"575\" height=\"431\" srcset=\"https:\/\/www.giurgiuveanul.ro\/stiri\/wp-content\/uploads\/2023\/09\/8-560x420.jpeg 560w, https:\/\/www.giurgiuveanul.ro\/stiri\/wp-content\/uploads\/2023\/09\/8-250x188.jpeg 250w, https:\/\/www.giurgiuveanul.ro\/stiri\/wp-content\/uploads\/2023\/09\/8-768x576.jpeg 768w, https:\/\/www.giurgiuveanul.ro\/stiri\/wp-content\/uploads\/2023\/09\/8-1536x1152.jpeg 1536w, https:\/\/www.giurgiuveanul.ro\/stiri\/wp-content\/uploads\/2023\/09\/8-400x300.jpeg 400w, https:\/\/www.giurgiuveanul.ro\/stiri\/wp-content\/uploads\/2023\/09\/8.jpeg 1945w\" sizes=\"auto, (max-width: 575px) 100vw, 575px\" \/><\/a><a href=\"https:\/\/www.giurgiuveanul.ro\/stiri\/wp-content\/uploads\/2023\/09\/5-1.jpeg\"><img loading=\"lazy\" decoding=\"async\" class=\"aligncenter wp-image-100245\" src=\"https:\/\/www.giurgiuveanul.ro\/stiri\/wp-content\/uploads\/2023\/09\/5-1-560x334.jpeg\" alt=\"\" width=\"578\" height=\"345\" srcset=\"https:\/\/www.giurgiuveanul.ro\/stiri\/wp-content\/uploads\/2023\/09\/5-1-560x334.jpeg 560w, https:\/\/www.giurgiuveanul.ro\/stiri\/wp-content\/uploads\/2023\/09\/5-1-250x149.jpeg 250w, https:\/\/www.giurgiuveanul.ro\/stiri\/wp-content\/uploads\/2023\/09\/5-1-768x458.jpeg 768w, https:\/\/www.giurgiuveanul.ro\/stiri\/wp-content\/uploads\/2023\/09\/5-1-1536x915.jpeg 1536w, https:\/\/www.giurgiuveanul.ro\/stiri\/wp-content\/uploads\/2023\/09\/5-1-400x238.jpeg 400w, https:\/\/www.giurgiuveanul.ro\/stiri\/wp-content\/uploads\/2023\/09\/5-1.jpeg 1942w\" sizes=\"auto, (max-width: 578px) 100vw, 578px\" \/><\/a><\/p>\n<p><a href=\"https:\/\/www.giurgiuveanul.ro\/stiri\/wp-content\/uploads\/2023\/09\/7.jpeg\"><img loading=\"lazy\" decoding=\"async\" class=\"aligncenter wp-image-100249\" src=\"https:\/\/www.giurgiuveanul.ro\/stiri\/wp-content\/uploads\/2023\/09\/7-560x306.jpeg\" alt=\"\" width=\"578\" height=\"316\" srcset=\"https:\/\/www.giurgiuveanul.ro\/stiri\/wp-content\/uploads\/2023\/09\/7-560x306.jpeg 560w, https:\/\/www.giurgiuveanul.ro\/stiri\/wp-content\/uploads\/2023\/09\/7-250x137.jpeg 250w, https:\/\/www.giurgiuveanul.ro\/stiri\/wp-content\/uploads\/2023\/09\/7-768x420.jpeg 768w, https:\/\/www.giurgiuveanul.ro\/stiri\/wp-content\/uploads\/2023\/09\/7-1536x840.jpeg 1536w, https:\/\/www.giurgiuveanul.ro\/stiri\/wp-content\/uploads\/2023\/09\/7-400x219.jpeg 400w, https:\/\/www.giurgiuveanul.ro\/stiri\/wp-content\/uploads\/2023\/09\/7.jpeg 2047w\" sizes=\"auto, (max-width: 578px) 100vw, 578px\" \/><\/a><\/p>\n<p style=\"text-align: justify;\">Astfel c\u0103, la edi\u021bia de anul acesta a Cupei de Toamn\u0103 la Tenis de C\u00e2mp, tot mai mul\u021bi p\u0103rin\u021bi s-au ar\u0103tat dornici s\u0103 sprijine desf\u0103\u0219urarea acestei competi\u021bii, ceea ce a implicat, desigur, multe sacrificii din partea lor. Nu a fost simplu, dar bucuria copiilor merit\u0103 tot efortul depus pentru ca un astfel de eveniment sa ia amploare de la un an la altul.<\/p>\n<p style=\"text-align: justify;\">Pre\u0219edintele CJ Giurgiu, Dumitru Beianu, sensibilizat de rezultatele de excep\u021bie ale tenismenilor giurgiuveni, mai ales afl\u00e2nd c\u0103 unii dintre ei &#8211; dup\u0103 doar c\u00e2teva turnee jucate \u00een cadrul FRT au ob\u021binut clasament \u00een liga profesionista de tenis de c\u00e2mp,\u00a0 urc\u00e2nd \u00een ierarhia na\u021bional\u0103 \u00eentre primii 70, a promis c\u0103, \u00een viitorul apropiat,\u00a0 va sprijini aceasta latur\u0103 a sportului &#8211; tenisul de c\u00e2mp &#8211; prin amenajarea unui teren adecvat, \u00een satul Cetatea, teren pe care copiii s\u0103 se poat\u0103 antrena \u00een condi\u021bii optime.<\/p>\n","protected":false},"excerpt":{"rendered":"<p>Organizat p\u00e2n\u0103 \u00een ultimul detaliu de<\/p>\n","protected":false},"author":1,"featured_media":0,"comment_status":"open","ping_status":"open","sticky":false,"template":"","format":"standard","meta":{"footnotes":""},"categories":[6],"tags":[],"class_list":["post-100237","post","type-post","status-publish","format-standard","hentry","category-breaking-news"],"_links":{"self":[{"href":"https:\/\/www.giurgiuveanul.ro\/stiri\/wp-json\/wp\/v2\/posts\/100237","targetHints":{"allow":["GET"]}}],"collection":[{"href":"https:\/\/www.giurgiuveanul.ro\/stiri\/wp-json\/wp\/v2\/posts"}],"about":[{"href":"https:\/\/www.giurgiuveanul.ro\/stiri\/wp-json\/wp\/v2\/types\/post"}],"author":[{"embeddable":true,"href":"https:\/\/www.giurgiuveanul.ro\/stiri\/wp-json\/wp\/v2\/users\/1"}],"replies":[{"embeddable":true,"href":"https:\/\/www.giurgiuveanul.ro\/stiri\/wp-json\/wp\/v2\/comments?post=100237"}],"version-history":[{"count":0,"href":"https:\/\/www.giurgiuveanul.ro\/stiri\/wp-json\/wp\/v2\/posts\/100237\/revisions"}],"wp:attachment":[{"href":"https:\/\/www.giurgiuveanul.ro\/stiri\/wp-json\/wp\/v2\/media?parent=100237"}],"wp:term":[{"taxonomy":"category","embeddable":true,"href":"https:\/\/www.giurgiuveanul.ro\/stiri\/wp-json\/wp\/v2\/categories?post=100237"},{"taxonomy":"post_tag","embeddable":true,"href":"https:\/\/www.giurgiuveanul.ro\/stiri\/wp-json\/wp\/v2\/tags?post=100237"}],"curies":[{"name":"wp","href":"https:\/\/api.w.org\/{rel}","templated":true}]}}