{"id":100260,"date":"2023-09-21T10:01:41","date_gmt":"2023-09-21T07:01:41","guid":{"rendered":"https:\/\/www.giurgiuveanul.ro\/stiri\/?p=100260"},"modified":"2023-09-21T10:10:08","modified_gmt":"2023-09-21T07:10:08","slug":"federatia-politistilor-de-penitenciare-protest-pentru-demnitate-profesionala","status":"publish","type":"post","link":"https:\/\/www.giurgiuveanul.ro\/stiri\/federatia-politistilor-de-penitenciare-protest-pentru-demnitate-profesionala\/","title":{"rendered":"Federa\u021bia Poli\u021bi\u0219tilor de Penitenciare, protest pentru demnitate profesional\u0103"},"content":{"rendered":"<p style=\"text-align: justify;\"><a href=\"https:\/\/www.giurgiuveanul.ro\/stiri\/wp-content\/uploads\/2023\/09\/00-protest-penitenciarul-giurgiu.jpg\"><img loading=\"lazy\" decoding=\"async\" class=\"aligncenter wp-image-100261\" src=\"https:\/\/www.giurgiuveanul.ro\/stiri\/wp-content\/uploads\/2023\/09\/00-protest-penitenciarul-giurgiu-560x308.jpg\" alt=\"\" width=\"571\" height=\"314\" srcset=\"https:\/\/www.giurgiuveanul.ro\/stiri\/wp-content\/uploads\/2023\/09\/00-protest-penitenciarul-giurgiu-560x308.jpg 560w, https:\/\/www.giurgiuveanul.ro\/stiri\/wp-content\/uploads\/2023\/09\/00-protest-penitenciarul-giurgiu-250x138.jpg 250w, https:\/\/www.giurgiuveanul.ro\/stiri\/wp-content\/uploads\/2023\/09\/00-protest-penitenciarul-giurgiu-768x423.jpg 768w, https:\/\/www.giurgiuveanul.ro\/stiri\/wp-content\/uploads\/2023\/09\/00-protest-penitenciarul-giurgiu-1536x846.jpg 1536w, https:\/\/www.giurgiuveanul.ro\/stiri\/wp-content\/uploads\/2023\/09\/00-protest-penitenciarul-giurgiu-400x220.jpg 400w, https:\/\/www.giurgiuveanul.ro\/stiri\/wp-content\/uploads\/2023\/09\/00-protest-penitenciarul-giurgiu.jpg 2000w\" sizes=\"auto, (max-width: 571px) 100vw, 571px\" \/><\/a>Federa\u021bia Poli\u021bi\u0219tilor de Penitenciare continu\u0103 seria protestelor incepute in<!--more--> luna August, astfel c\u0103 impreun\u0103 cu celelalte federa\u021bii din sistemul penitenciar refuz\u0103 munca suplimentar\u0103 deoarece guveran\u021bii nu s-au \u021binut inco o dat\u0103 de cuv\u00e2nd. Luna August 2023, conform promisiunii politice, trebuia sa fie luna in care legea salariz\u0103rii 153\/2017 se aplica integral si politistilor de penitrnciare ins\u0103, din pacate, suntem pusi in fata unui proiect de ordonan\u021b\u0103 in care, inc\u0103 o dat\u0103, drepturile poli\u021bi\u0219tilor de penitenciare vor fi afectate in mod negativ:<\/p>\n<ol style=\"text-align: justify;\">\n<li><span style=\"color: #000000;\">Radierea din statele de func\u021bii a func\u021biilor de \u0219ef birou \u0219i echivalentul acestora (\u0219ef de tur\u0103 \u0219i \u0219efi de sec\u021bii), ceea ce va afecta grav func\u021bionarea unit\u0103\u021bilor penitenciare, seful de tur\u0103 fiind ofi\u021berul care conduce intreaga activitate a unit\u0103\u021bii dup\u0103 programul de 8 ore,<\/span><\/li>\n<\/ol>\n<p style=\"text-align: justify;\">&#8211; decontarea serviciilor turistice in alte condi\u021bii dec\u00e2t p\u00e2n\u0103 acum,<\/p>\n<p style=\"text-align: justify;\">&#8211; reducerea cheltuielilor de func\u021bionare a unit\u0103\u021bilor penitenciare cu 10% fa\u021b\u0103 de anul trecut,<\/p>\n<p style=\"text-align: justify;\">&#8211; neplata orelor suplimentare \u0219i a sporului de weekend \u0219i pentru alte zile de s\u0103rb\u0103tori legale,<\/p>\n<p style=\"text-align: justify;\">&#8211; inghetarea salariilor la nivelul lunii Decembrie 2023,<\/p>\n<p style=\"text-align: justify;\">&#8211; blocarea incadr\u0103rilor etc<\/p>\n<p style=\"text-align: justify;\">Toate aceste m\u0103suri afecteaz\u0103 in mod grav func\u021bionarea unui sistem subfinan\u021bat, care se confrunt\u0103 cu lips\u0103 de personal, fiind situatii in care pe sectii de de\u021binere de maxim\u0103 siguran\u021b\u0103, cu 130-140 de de\u021binuti,\u00a0 se lucreaz\u0103 cu un singur agent supraveghetor.<\/p>\n<p style=\"text-align: justify;\">In aceast\u0103 zi, sindicatele afiliate Federa\u021biei Politi\u0219tilor de Penitenciare, la care este afiliat \u0219i Sindicatul \u201eFraternitatea\u201d din Penitenciarul Giurgiu, protesteaz\u0103, anun\u0163\u00e2nd refuzul privind prestarea muncii suplimentare.<\/p>\n","protected":false},"excerpt":{"rendered":"<p>Federa\u021bia Poli\u021bi\u0219tilor de Penitenciare continu\u0103 seria protestelor incepute in<\/p>\n","protected":false},"author":1,"featured_media":0,"comment_status":"open","ping_status":"open","sticky":false,"template":"","format":"standard","meta":{"footnotes":""},"categories":[6],"tags":[],"class_list":["post-100260","post","type-post","status-publish","format-standard","hentry","category-breaking-news"],"_links":{"self":[{"href":"https:\/\/www.giurgiuveanul.ro\/stiri\/wp-json\/wp\/v2\/posts\/100260","targetHints":{"allow":["GET"]}}],"collection":[{"href":"https:\/\/www.giurgiuveanul.ro\/stiri\/wp-json\/wp\/v2\/posts"}],"about":[{"href":"https:\/\/www.giurgiuveanul.ro\/stiri\/wp-json\/wp\/v2\/types\/post"}],"author":[{"embeddable":true,"href":"https:\/\/www.giurgiuveanul.ro\/stiri\/wp-json\/wp\/v2\/users\/1"}],"replies":[{"embeddable":true,"href":"https:\/\/www.giurgiuveanul.ro\/stiri\/wp-json\/wp\/v2\/comments?post=100260"}],"version-history":[{"count":0,"href":"https:\/\/www.giurgiuveanul.ro\/stiri\/wp-json\/wp\/v2\/posts\/100260\/revisions"}],"wp:attachment":[{"href":"https:\/\/www.giurgiuveanul.ro\/stiri\/wp-json\/wp\/v2\/media?parent=100260"}],"wp:term":[{"taxonomy":"category","embeddable":true,"href":"https:\/\/www.giurgiuveanul.ro\/stiri\/wp-json\/wp\/v2\/categories?post=100260"},{"taxonomy":"post_tag","embeddable":true,"href":"https:\/\/www.giurgiuveanul.ro\/stiri\/wp-json\/wp\/v2\/tags?post=100260"}],"curies":[{"name":"wp","href":"https:\/\/api.w.org\/{rel}","templated":true}]}}