{"id":100269,"date":"2023-09-22T10:57:36","date_gmt":"2023-09-22T07:57:36","guid":{"rendered":"https:\/\/www.giurgiuveanul.ro\/stiri\/?p=100269"},"modified":"2023-09-22T10:59:00","modified_gmt":"2023-09-22T07:59:00","slug":"in-aceasta-dimineata-accident-rutier-pe-dn5-in-zona-localitatii-fratesti-soldat-cu-patru-victime-foto","status":"publish","type":"post","link":"https:\/\/www.giurgiuveanul.ro\/stiri\/in-aceasta-dimineata-accident-rutier-pe-dn5-in-zona-localitatii-fratesti-soldat-cu-patru-victime-foto\/","title":{"rendered":"\u00cen aceast\u0103 diminea\u021b\u0103, ACCIDENT RUTIER pe DN5, \u00een zona localit\u0103\u021bii Fr\u0103te\u0219ti, soldat cu patru victime (FOTO)"},"content":{"rendered":"<p style=\"text-align: justify;\"><a href=\"https:\/\/www.giurgiuveanul.ro\/stiri\/wp-content\/uploads\/2023\/09\/00-accident.jpeg\"><img loading=\"lazy\" decoding=\"async\" class=\"aligncenter wp-image-100270\" src=\"https:\/\/www.giurgiuveanul.ro\/stiri\/wp-content\/uploads\/2023\/09\/00-accident-560x334.jpeg\" alt=\"\" width=\"580\" height=\"346\" srcset=\"https:\/\/www.giurgiuveanul.ro\/stiri\/wp-content\/uploads\/2023\/09\/00-accident-560x334.jpeg 560w, https:\/\/www.giurgiuveanul.ro\/stiri\/wp-content\/uploads\/2023\/09\/00-accident-250x149.jpeg 250w, https:\/\/www.giurgiuveanul.ro\/stiri\/wp-content\/uploads\/2023\/09\/00-accident-768x459.jpeg 768w, https:\/\/www.giurgiuveanul.ro\/stiri\/wp-content\/uploads\/2023\/09\/00-accident-400x239.jpeg 400w, https:\/\/www.giurgiuveanul.ro\/stiri\/wp-content\/uploads\/2023\/09\/00-accident.jpeg 1080w\" sizes=\"auto, (max-width: 580px) 100vw, 580px\" \/><\/a>Doi b\u0103rba\u021bi \u0219i dou\u0103 femei, dintre care una \u00eens\u0103rcinat\u0103, au<!--more--> avut nevoie de \u00eengrijiri medicale \u00een urma unui accident rutier ce s-a produs, \u00een aceast\u0103 diminea\u021b\u0103, pe DN5, \u00een zona localit\u0103\u021bii Fr\u0103te\u0219ti, informeaz\u0103 ISU Giurgiu. Evenimentul a avut loc pe sensul de mers c\u0103tre Giurgiu, fiind implicate dou\u0103 autoturisme.<\/p>\n<p><a href=\"https:\/\/www.giurgiuveanul.ro\/stiri\/wp-content\/uploads\/2023\/09\/0000-accident.jpeg\"><img loading=\"lazy\" decoding=\"async\" class=\"aligncenter  wp-image-100272\" src=\"https:\/\/www.giurgiuveanul.ro\/stiri\/wp-content\/uploads\/2023\/09\/0000-accident-560x442.jpeg\" alt=\"\" width=\"573\" height=\"452\" srcset=\"https:\/\/www.giurgiuveanul.ro\/stiri\/wp-content\/uploads\/2023\/09\/0000-accident-560x442.jpeg 560w, https:\/\/www.giurgiuveanul.ro\/stiri\/wp-content\/uploads\/2023\/09\/0000-accident-250x197.jpeg 250w, https:\/\/www.giurgiuveanul.ro\/stiri\/wp-content\/uploads\/2023\/09\/0000-accident-768x606.jpeg 768w, https:\/\/www.giurgiuveanul.ro\/stiri\/wp-content\/uploads\/2023\/09\/0000-accident-400x316.jpeg 400w, https:\/\/www.giurgiuveanul.ro\/stiri\/wp-content\/uploads\/2023\/09\/0000-accident.jpeg 1077w\" sizes=\"auto, (max-width: 573px) 100vw, 573px\" \/><\/a> <a href=\"https:\/\/www.giurgiuveanul.ro\/stiri\/wp-content\/uploads\/2023\/09\/000-accident.jpeg\"><img loading=\"lazy\" decoding=\"async\" class=\"aligncenter  wp-image-100273\" src=\"https:\/\/www.giurgiuveanul.ro\/stiri\/wp-content\/uploads\/2023\/09\/000-accident-560x355.jpeg\" alt=\"\" width=\"573\" height=\"363\" srcset=\"https:\/\/www.giurgiuveanul.ro\/stiri\/wp-content\/uploads\/2023\/09\/000-accident-560x355.jpeg 560w, https:\/\/www.giurgiuveanul.ro\/stiri\/wp-content\/uploads\/2023\/09\/000-accident-250x158.jpeg 250w, https:\/\/www.giurgiuveanul.ro\/stiri\/wp-content\/uploads\/2023\/09\/000-accident-768x487.jpeg 768w, https:\/\/www.giurgiuveanul.ro\/stiri\/wp-content\/uploads\/2023\/09\/000-accident-400x253.jpeg 400w, https:\/\/www.giurgiuveanul.ro\/stiri\/wp-content\/uploads\/2023\/09\/000-accident.jpeg 1283w\" sizes=\"auto, (max-width: 573px) 100vw, 573px\" \/><\/a><\/p>\n<p style=\"text-align: justify;\">La fa\u021ba locului s-au deplasat pompierii din cadrul Deta\u0219amentului Giurgiu, cu o descarcerare, o autospecial\u0103 de stingere, un echipaj SMURD \u0219i patru ambulan\u021be SAJ.<\/p>\n<p style=\"text-align: justify;\">\u00centr-unul dintre autoturisme se aflau dou\u0103 femei, de 22 \u0219i 54 de ani, iar \u00een cel\u0103lalt doi tineri, de 19 \u0219i 22 de ani.<\/p>\n<p style=\"text-align: justify;\">Echipajul de prim ajutor SMURD a preluat t\u00e2n\u0103ra \u00eens\u0103rcinat\u0103, con\u0219tient\u0103 \u0219i cooperant\u0103, \u0219i a transportat-o la Unitatea de Primiri Urgen\u021be Giurgiu. Celelalte persoane r\u0103nite au fost transportate la spital cu ambulan\u021bele SAJ.<\/p>\n<p style=\"text-align: justify;\">Pompierii au asigurat m\u0103surile de prevenire a incendiilor prin deconectarea bornelor de la bateriile autoturismelor, iar cazul a r\u0103mas \u00een aten\u021bia Poli\u021biei pentru cercet\u0103ri.<\/p>\n","protected":false},"excerpt":{"rendered":"<p>Doi b\u0103rba\u021bi \u0219i dou\u0103 femei, dintre care una \u00eens\u0103rcinat\u0103, au<\/p>\n","protected":false},"author":1,"featured_media":0,"comment_status":"open","ping_status":"open","sticky":false,"template":"","format":"standard","meta":{"footnotes":""},"categories":[6],"tags":[],"class_list":["post-100269","post","type-post","status-publish","format-standard","hentry","category-breaking-news"],"_links":{"self":[{"href":"https:\/\/www.giurgiuveanul.ro\/stiri\/wp-json\/wp\/v2\/posts\/100269","targetHints":{"allow":["GET"]}}],"collection":[{"href":"https:\/\/www.giurgiuveanul.ro\/stiri\/wp-json\/wp\/v2\/posts"}],"about":[{"href":"https:\/\/www.giurgiuveanul.ro\/stiri\/wp-json\/wp\/v2\/types\/post"}],"author":[{"embeddable":true,"href":"https:\/\/www.giurgiuveanul.ro\/stiri\/wp-json\/wp\/v2\/users\/1"}],"replies":[{"embeddable":true,"href":"https:\/\/www.giurgiuveanul.ro\/stiri\/wp-json\/wp\/v2\/comments?post=100269"}],"version-history":[{"count":0,"href":"https:\/\/www.giurgiuveanul.ro\/stiri\/wp-json\/wp\/v2\/posts\/100269\/revisions"}],"wp:attachment":[{"href":"https:\/\/www.giurgiuveanul.ro\/stiri\/wp-json\/wp\/v2\/media?parent=100269"}],"wp:term":[{"taxonomy":"category","embeddable":true,"href":"https:\/\/www.giurgiuveanul.ro\/stiri\/wp-json\/wp\/v2\/categories?post=100269"},{"taxonomy":"post_tag","embeddable":true,"href":"https:\/\/www.giurgiuveanul.ro\/stiri\/wp-json\/wp\/v2\/tags?post=100269"}],"curies":[{"name":"wp","href":"https:\/\/api.w.org\/{rel}","templated":true}]}}