{"id":100276,"date":"2023-09-22T11:22:37","date_gmt":"2023-09-22T08:22:37","guid":{"rendered":"https:\/\/www.giurgiuveanul.ro\/stiri\/?p=100276"},"modified":"2023-09-22T11:22:54","modified_gmt":"2023-09-22T08:22:54","slug":"agentia-judeteana-pentru-plati-si-inspectie-sociala-giurgiu-majorarea-cu-50-a-indemnizatiei-de-crestere-a-copilului-pentru-parintii-de-gemeni-tripleti-si-multipleti-a-intrat-in-vigoare","status":"publish","type":"post","link":"https:\/\/www.giurgiuveanul.ro\/stiri\/agentia-judeteana-pentru-plati-si-inspectie-sociala-giurgiu-majorarea-cu-50-a-indemnizatiei-de-crestere-a-copilului-pentru-parintii-de-gemeni-tripleti-si-multipleti-a-intrat-in-vigoare\/","title":{"rendered":"Agen\u021bia Jude\u0163ean\u0103 pentru Pl\u0103\u0163i \u015fi Inspec\u0163ie Social\u0103 Giurgiu: Majorarea cu 50% a indemniza\u021biei de cre\u0219tere a copilului pentru p\u0103rin\u021bii de gemeni, triple\u021bi \u0219i multiple\u021bi a intrat \u00een vigoare"},"content":{"rendered":"<p style=\"text-align: justify;\"><strong><a href=\"https:\/\/www.giurgiuveanul.ro\/stiri\/wp-content\/uploads\/2023\/09\/000-bani.jpeg\"><img loading=\"lazy\" decoding=\"async\" class=\"aligncenter  wp-image-100277\" src=\"https:\/\/www.giurgiuveanul.ro\/stiri\/wp-content\/uploads\/2023\/09\/000-bani-560x383.jpeg\" alt=\"\" width=\"575\" height=\"393\" srcset=\"https:\/\/www.giurgiuveanul.ro\/stiri\/wp-content\/uploads\/2023\/09\/000-bani-560x383.jpeg 560w, https:\/\/www.giurgiuveanul.ro\/stiri\/wp-content\/uploads\/2023\/09\/000-bani-250x171.jpeg 250w, https:\/\/www.giurgiuveanul.ro\/stiri\/wp-content\/uploads\/2023\/09\/000-bani-768x525.jpeg 768w, https:\/\/www.giurgiuveanul.ro\/stiri\/wp-content\/uploads\/2023\/09\/000-bani-1536x1050.jpeg 1536w, https:\/\/www.giurgiuveanul.ro\/stiri\/wp-content\/uploads\/2023\/09\/000-bani-400x273.jpeg 400w, https:\/\/www.giurgiuveanul.ro\/stiri\/wp-content\/uploads\/2023\/09\/000-bani.jpeg 2048w\" sizes=\"auto, (max-width: 575px) 100vw, 575px\" \/><\/a>2.188 este<!--more--> num\u0103rul de familii cu gemeni sau triple\u021bi \u00een componen\u021b\u0103, care vor beneficia de majorarea cu 50% a indemniza\u021biei de cre\u0219tere a copilului, dup\u0103 publicarea \u00een Monitorul Oficial nr.844\/19.09.2023 a normelor metodologice de aplicare a OUG nr. 164\/2022, act legislativ adoptat de Guvernul Rom\u00e2niei.<\/strong><\/p>\n<p style=\"text-align: justify;\">Conform bazei de date ANPIS, la acest moment, la nivel na\u021bional, cele 2.188 de familii au \u00een \u00eengrijire 4.404 gemeni ori triple\u021bi.<\/p>\n<p style=\"text-align: justify;\">Totodat\u0103, prin apari\u021bia normelor metodologice de aplicare a OUG nr. 164\/2022 sunt reglementate \u0219i situa\u021biile \u00een cazul cumulului de drepturi pentru copiii \u00eentre 0-2 ani \u0219i copiii de la 3 la 7 ani, astfel c\u0103, se acord\u0103 majorarea prev\u0103zut\u0103 \u0219i \u00een cazul copiilor n\u0103scu\u021bi \u00een timpul \u00een care p\u0103rin\u021bii beneficiaz\u0103 de indemniza\u021bia pentru cre\u0219terea altui copil, \u00een prezent.<\/p>\n<p style=\"text-align: justify;\">Indemniza\u021biile vor fi majorate \u00eencep\u00e2nd cu urm\u0103toarele pl\u0103\u021bi, care vor fi transmise c\u0103tre beneficiari \u00een luna noiembrie 2023, c\u00e2nd vor fi f\u0103cute pl\u0103\u021bile pentru luna octombrie. Este de men\u021bionat faptul c\u0103, p\u0103rin\u021bii care sunt \u00een plat\u0103 la acest moment, nu trebuie s\u0103 depun\u0103 alt\u0103 cerere, pentru c\u0103 major\u0103rile vor fi operate din oficiu la nivelul Agen\u021biei pentru Pl\u0103\u021bi \u0219i Inspec\u021bie Social\u0103.<\/p>\n<p style=\"text-align: justify;\">Hot\u0103r\u00e2rea adoptat\u0103 de Executiv asigur\u0103 intrarea \u00een vigoare a prevederilor prin care a fost transpus\u0103 \u00een legisla\u021bia na\u021bional\u0103 Directiva (UE) 2019\/1158\/19 privind echilibrul dintre via\u021ba profesional\u0103 \u0219i cea privat\u0103 a p\u0103rin\u021bilor \u0219i \u00eengrijitorilor \u0219i de abrogare a Directivei 2010\/18\/UE a Consiliului \u0219i care vizeaz\u0103 repartizarea echitabil\u0103 a responsabilit\u0103\u021bilor de \u00eengrijire a copilului \u00eentre b\u0103rba\u021bi \u0219i femei, asigurarea unui echilibru \u00eentre via\u021ba profesional\u0103 \u0219i cea privat\u0103 a acestora \u0219i cre\u0219terea posibilit\u0103\u021bii ca p\u0103rintele care nu a solicitat ini\u021bial concediu pentru cre\u0219terea copilului s\u0103 \u00ee\u0219i exercite acest drept.<\/p>\n<p style=\"text-align: justify;\"><strong>Compartimentul Comunicare &#8211; Agen<\/strong><strong>\u021bia<\/strong><strong> Jude\u0163ean\u0103 pentru Pl\u0103\u0163i \u015fi Inspec\u0163ie Social\u0103 Giurgiu<\/strong><\/p>\n","protected":false},"excerpt":{"rendered":"<p>2.188 este<\/p>\n","protected":false},"author":1,"featured_media":0,"comment_status":"open","ping_status":"open","sticky":false,"template":"","format":"standard","meta":{"footnotes":""},"categories":[6],"tags":[],"class_list":["post-100276","post","type-post","status-publish","format-standard","hentry","category-breaking-news"],"_links":{"self":[{"href":"https:\/\/www.giurgiuveanul.ro\/stiri\/wp-json\/wp\/v2\/posts\/100276","targetHints":{"allow":["GET"]}}],"collection":[{"href":"https:\/\/www.giurgiuveanul.ro\/stiri\/wp-json\/wp\/v2\/posts"}],"about":[{"href":"https:\/\/www.giurgiuveanul.ro\/stiri\/wp-json\/wp\/v2\/types\/post"}],"author":[{"embeddable":true,"href":"https:\/\/www.giurgiuveanul.ro\/stiri\/wp-json\/wp\/v2\/users\/1"}],"replies":[{"embeddable":true,"href":"https:\/\/www.giurgiuveanul.ro\/stiri\/wp-json\/wp\/v2\/comments?post=100276"}],"version-history":[{"count":0,"href":"https:\/\/www.giurgiuveanul.ro\/stiri\/wp-json\/wp\/v2\/posts\/100276\/revisions"}],"wp:attachment":[{"href":"https:\/\/www.giurgiuveanul.ro\/stiri\/wp-json\/wp\/v2\/media?parent=100276"}],"wp:term":[{"taxonomy":"category","embeddable":true,"href":"https:\/\/www.giurgiuveanul.ro\/stiri\/wp-json\/wp\/v2\/categories?post=100276"},{"taxonomy":"post_tag","embeddable":true,"href":"https:\/\/www.giurgiuveanul.ro\/stiri\/wp-json\/wp\/v2\/tags?post=100276"}],"curies":[{"name":"wp","href":"https:\/\/api.w.org\/{rel}","templated":true}]}}