{"id":100280,"date":"2023-09-22T11:49:32","date_gmt":"2023-09-22T08:49:32","guid":{"rendered":"https:\/\/www.giurgiuveanul.ro\/stiri\/?p=100280"},"modified":"2023-09-22T11:49:46","modified_gmt":"2023-09-22T08:49:46","slug":"weekend-de-relaxare-cu-muzica-si-voie-buna-la-bizet","status":"publish","type":"post","link":"https:\/\/www.giurgiuveanul.ro\/stiri\/weekend-de-relaxare-cu-muzica-si-voie-buna-la-bizet\/","title":{"rendered":"Weekend de relaxare cu muzic\u0103 \u015fi voie bun\u0103&#8230; \u201eLa Bizet\u201d!"},"content":{"rendered":"<p><a href=\"https:\/\/www.giurgiuveanul.ro\/stiri\/wp-content\/uploads\/2023\/09\/000-la-bizet.jpg\"><img loading=\"lazy\" decoding=\"async\" class=\"aligncenter wp-image-100281\" src=\"https:\/\/www.giurgiuveanul.ro\/stiri\/wp-content\/uploads\/2023\/09\/000-la-bizet-293x450.jpg\" alt=\"\" width=\"573\" height=\"880\" srcset=\"https:\/\/www.giurgiuveanul.ro\/stiri\/wp-content\/uploads\/2023\/09\/000-la-bizet-293x450.jpg 293w, https:\/\/www.giurgiuveanul.ro\/stiri\/wp-content\/uploads\/2023\/09\/000-la-bizet-195x300.jpg 195w, https:\/\/www.giurgiuveanul.ro\/stiri\/wp-content\/uploads\/2023\/09\/000-la-bizet-768x1179.jpg 768w, https:\/\/www.giurgiuveanul.ro\/stiri\/wp-content\/uploads\/2023\/09\/000-la-bizet-391x600.jpg 391w, https:\/\/www.giurgiuveanul.ro\/stiri\/wp-content\/uploads\/2023\/09\/000-la-bizet.jpg 848w\" sizes=\"auto, (max-width: 573px) 100vw, 573px\" \/><\/a>Weekend de relaxare, \u00een fiecare sear\u0103, \u201eLa Bizet\u201d, restaurant<!--more--> aflat pe strada Voestalpine, nr. 2, la debarcaderul din zona podului Bizets.<\/p>\n<p>A\u015fadar, trei zile de <strong>muzic\u0103 \u015fi voie bun\u0103 cu Dan F\u0103g\u0103ra\u015f,<\/strong> \u201eLa Bizet\u201d.<\/p>\n<p><strong>Rezerv\u0103ri la telefon 0730.612.692.<\/strong><\/p>\n","protected":false},"excerpt":{"rendered":"<p>Weekend de relaxare, \u00een fiecare sear\u0103, \u201eLa Bizet\u201d, restaurant<\/p>\n","protected":false},"author":1,"featured_media":0,"comment_status":"open","ping_status":"open","sticky":false,"template":"","format":"standard","meta":{"footnotes":""},"categories":[6],"tags":[],"class_list":["post-100280","post","type-post","status-publish","format-standard","hentry","category-breaking-news"],"_links":{"self":[{"href":"https:\/\/www.giurgiuveanul.ro\/stiri\/wp-json\/wp\/v2\/posts\/100280","targetHints":{"allow":["GET"]}}],"collection":[{"href":"https:\/\/www.giurgiuveanul.ro\/stiri\/wp-json\/wp\/v2\/posts"}],"about":[{"href":"https:\/\/www.giurgiuveanul.ro\/stiri\/wp-json\/wp\/v2\/types\/post"}],"author":[{"embeddable":true,"href":"https:\/\/www.giurgiuveanul.ro\/stiri\/wp-json\/wp\/v2\/users\/1"}],"replies":[{"embeddable":true,"href":"https:\/\/www.giurgiuveanul.ro\/stiri\/wp-json\/wp\/v2\/comments?post=100280"}],"version-history":[{"count":0,"href":"https:\/\/www.giurgiuveanul.ro\/stiri\/wp-json\/wp\/v2\/posts\/100280\/revisions"}],"wp:attachment":[{"href":"https:\/\/www.giurgiuveanul.ro\/stiri\/wp-json\/wp\/v2\/media?parent=100280"}],"wp:term":[{"taxonomy":"category","embeddable":true,"href":"https:\/\/www.giurgiuveanul.ro\/stiri\/wp-json\/wp\/v2\/categories?post=100280"},{"taxonomy":"post_tag","embeddable":true,"href":"https:\/\/www.giurgiuveanul.ro\/stiri\/wp-json\/wp\/v2\/tags?post=100280"}],"curies":[{"name":"wp","href":"https:\/\/api.w.org\/{rel}","templated":true}]}}