{"id":100297,"date":"2023-09-23T17:20:34","date_gmt":"2023-09-23T14:20:34","guid":{"rendered":"https:\/\/www.giurgiuveanul.ro\/stiri\/?p=100297"},"modified":"2023-09-23T17:20:34","modified_gmt":"2023-09-23T14:20:34","slug":"traficul-rutier-va-fi-reluat-in-sensul-giratoriu-de-la-caprioara-incepand-de-duminica-24-septembrie-2023","status":"publish","type":"post","link":"https:\/\/www.giurgiuveanul.ro\/stiri\/traficul-rutier-va-fi-reluat-in-sensul-giratoriu-de-la-caprioara-incepand-de-duminica-24-septembrie-2023\/","title":{"rendered":"Traficul rutier va fi reluat \u00een sensul giratoriu de la \u201eC\u0103prioara\u201d, \u00eencep\u00e2nd de duminic\u0103, 24 septembrie 2023"},"content":{"rendered":"<p style=\"text-align: justify;\"><a href=\"https:\/\/www.giurgiuveanul.ro\/stiri\/wp-content\/uploads\/2023\/09\/376895356_811679260964762_7099871870357236868_n.jpg\"><img loading=\"lazy\" decoding=\"async\" class=\"aligncenter  wp-image-100299\" src=\"https:\/\/www.giurgiuveanul.ro\/stiri\/wp-content\/uploads\/2023\/09\/376895356_811679260964762_7099871870357236868_n-560x342.jpg\" alt=\"\" width=\"571\" height=\"349\" srcset=\"https:\/\/www.giurgiuveanul.ro\/stiri\/wp-content\/uploads\/2023\/09\/376895356_811679260964762_7099871870357236868_n-560x342.jpg 560w, https:\/\/www.giurgiuveanul.ro\/stiri\/wp-content\/uploads\/2023\/09\/376895356_811679260964762_7099871870357236868_n-250x152.jpg 250w, https:\/\/www.giurgiuveanul.ro\/stiri\/wp-content\/uploads\/2023\/09\/376895356_811679260964762_7099871870357236868_n-768x468.jpg 768w, https:\/\/www.giurgiuveanul.ro\/stiri\/wp-content\/uploads\/2023\/09\/376895356_811679260964762_7099871870357236868_n-1536x937.jpg 1536w, https:\/\/www.giurgiuveanul.ro\/stiri\/wp-content\/uploads\/2023\/09\/376895356_811679260964762_7099871870357236868_n-400x244.jpg 400w, https:\/\/www.giurgiuveanul.ro\/stiri\/wp-content\/uploads\/2023\/09\/376895356_811679260964762_7099871870357236868_n.jpg 2048w\" sizes=\"auto, (max-width: 571px) 100vw, 571px\" \/><\/a>Opera\u021biunile de a\u0219ternere a<!--more--> primului strat de mixtur\u0103 asfaltic\u0103 din sensul giratoriu, adiacent Pia\u021ba G\u0103rii, au fost finalizate ast\u0103zi.<\/p>\n<p style=\"text-align: justify;\">Traficul rutier va fi reluat, \u00eencep\u00e2nd de duminic\u0103, 24 septembrie 2023, informeaz\u0103 Prim\u0103ria Municipiului Giurgiu.<\/p>\n","protected":false},"excerpt":{"rendered":"<p>Opera\u021biunile de a\u0219ternere a<\/p>\n","protected":false},"author":1,"featured_media":0,"comment_status":"open","ping_status":"open","sticky":false,"template":"","format":"standard","meta":{"footnotes":""},"categories":[6],"tags":[],"class_list":["post-100297","post","type-post","status-publish","format-standard","hentry","category-breaking-news"],"_links":{"self":[{"href":"https:\/\/www.giurgiuveanul.ro\/stiri\/wp-json\/wp\/v2\/posts\/100297","targetHints":{"allow":["GET"]}}],"collection":[{"href":"https:\/\/www.giurgiuveanul.ro\/stiri\/wp-json\/wp\/v2\/posts"}],"about":[{"href":"https:\/\/www.giurgiuveanul.ro\/stiri\/wp-json\/wp\/v2\/types\/post"}],"author":[{"embeddable":true,"href":"https:\/\/www.giurgiuveanul.ro\/stiri\/wp-json\/wp\/v2\/users\/1"}],"replies":[{"embeddable":true,"href":"https:\/\/www.giurgiuveanul.ro\/stiri\/wp-json\/wp\/v2\/comments?post=100297"}],"version-history":[{"count":0,"href":"https:\/\/www.giurgiuveanul.ro\/stiri\/wp-json\/wp\/v2\/posts\/100297\/revisions"}],"wp:attachment":[{"href":"https:\/\/www.giurgiuveanul.ro\/stiri\/wp-json\/wp\/v2\/media?parent=100297"}],"wp:term":[{"taxonomy":"category","embeddable":true,"href":"https:\/\/www.giurgiuveanul.ro\/stiri\/wp-json\/wp\/v2\/categories?post=100297"},{"taxonomy":"post_tag","embeddable":true,"href":"https:\/\/www.giurgiuveanul.ro\/stiri\/wp-json\/wp\/v2\/tags?post=100297"}],"curies":[{"name":"wp","href":"https:\/\/api.w.org\/{rel}","templated":true}]}}