{"id":100301,"date":"2023-09-24T10:42:28","date_gmt":"2023-09-24T07:42:28","guid":{"rendered":"https:\/\/www.giurgiuveanul.ro\/stiri\/?p=100301"},"modified":"2023-09-24T10:42:28","modified_gmt":"2023-09-24T07:42:28","slug":"doi-barbati-cercetati-penal-dupa-ce-au-fost-depistati-la-volan-sub-influenta-drogurilor-in-judetul-giurgiu","status":"publish","type":"post","link":"https:\/\/www.giurgiuveanul.ro\/stiri\/doi-barbati-cercetati-penal-dupa-ce-au-fost-depistati-la-volan-sub-influenta-drogurilor-in-judetul-giurgiu\/","title":{"rendered":"Doi b\u0103rba\u0163i, cerceta\u0163i penal dup\u0103 ce au fost depista\u0163i la volan sub influen\u0163a drogurilor \u00een jude\u021bul Giurgiu"},"content":{"rendered":"<p style=\"text-align: justify;\"><strong><a href=\"https:\/\/www.giurgiuveanul.ro\/stiri\/wp-content\/uploads\/2023\/09\/drugtesst-Giurgiuveanul.jpg\"><img loading=\"lazy\" decoding=\"async\" class=\"aligncenter  wp-image-100302\" src=\"https:\/\/www.giurgiuveanul.ro\/stiri\/wp-content\/uploads\/2023\/09\/drugtesst-Giurgiuveanul.jpg\" alt=\"\" width=\"574\" height=\"359\" srcset=\"https:\/\/www.giurgiuveanul.ro\/stiri\/wp-content\/uploads\/2023\/09\/drugtesst-Giurgiuveanul.jpg 560w, https:\/\/www.giurgiuveanul.ro\/stiri\/wp-content\/uploads\/2023\/09\/drugtesst-Giurgiuveanul-250x156.jpg 250w, https:\/\/www.giurgiuveanul.ro\/stiri\/wp-content\/uploads\/2023\/09\/drugtesst-Giurgiuveanul-400x250.jpg 400w\" sizes=\"auto, (max-width: 574px) 100vw, 574px\" \/><\/a>Doi b\u0103rba\u0163i sunt cerceta\u0163i penal dup\u0103 ce au<!--more--> fost depista\u0163i la volan sub influen\u0163a substan\u0163elor cu efect psihoactiv \u00een cadrul unor ac\u0163iuni pe linie rutier\u0103 \u015fi ordine public\u0103 desf\u0103\u015furate la sf\u00e2r\u015fitul acestei s\u0103pt\u0103m\u00e2ni de Inspectoratul de Poli\u0163ie Jude\u0163ean (IPJ) Giurgiu.<\/strong><\/p>\n<p style=\"text-align: justify;\">\n<p style=\"text-align: justify;\">La data de 22 septembrie a.c., ora 09.50, pe strada Tineretului, din municipiul Giurgiu, poli\u021bi\u0219tii giurgiuveni au oprit pentru control un autoturism, condus de c\u0103tre un t\u00e2n\u0103r, de 21 de ani, din localitatea Oinacu. \u00cen urma test\u0103rii cu aparatul din dotare, au reie\u0219it indicii cu privire la posibila prezen\u021b\u0103 a substan\u021belor psihoactive. Men\u021bion\u0103m c\u0103 aceasta nu reprezint\u0103 prob\u0103 \u00een cadrul dosarului penal, persoana fiind condus\u0103 la o unitate medical\u0103, pentru recoltarea de probe biologice, \u00een vederea stabilirii cu exactitate a consumului unor susbtan\u021be interzise.<\/p>\n<p style=\"text-align: justify;\">\u00cen cauz\u0103, a fost \u00eentocmit un dosar penal, \u00een care se efectueaz\u0103 cercet\u0103ri, sub aspectul s\u0103v\u00e2r\u0219irii infrac\u021biunii de conducerea unui vehicul sub influen\u0163a unor substan\u0163e psihoactive.<\/p>\n<p style=\"text-align: justify;\">\n<p style=\"text-align: justify;\">***<\/p>\n<p style=\"text-align: justify;\">\n<p style=\"text-align: justify;\">La data de 22 septembrie a.c., ora 20.13, pe strada Libert\u0103\u021bii, din localitatea Bolintin Vale, poli\u021bi\u0219tii giurgiuveni au oprit pentru control un autoturism, condus de c\u0103tre un b\u0103rbat, de 36 de ani, din aceea\u0219i localitate. \u00cen urma test\u0103rii cu aparatul din dotare, au reie\u0219it indicii cu privire la posibila prezen\u021b\u0103 a substan\u021belor psihoactive. Men\u021bion\u0103m c\u0103 aceasta nu reprezint\u0103 prob\u0103 \u00een cadrul dosarului penal, persoana fiind condus\u0103 la o unitate medical\u0103, pentru recoltarea de probe biologice, \u00een vederea stabilirii cu exactitate a consumului unor susbtan\u021be interzise.<\/p>\n<p style=\"text-align: justify;\">\u00cen cauz\u0103, a fost \u00eentocmit un dosar penal, \u00een care se efectueaz\u0103 cercet\u0103ri, sub aspectul s\u0103v\u00e2r\u0219irii infrac\u021biunii de conducerea unui vehicul sub influen\u0163a unor substan\u0163e psihoactive.<\/p>\n","protected":false},"excerpt":{"rendered":"<p>Doi b\u0103rba\u0163i sunt cerceta\u0163i penal dup\u0103 ce au<\/p>\n","protected":false},"author":1,"featured_media":0,"comment_status":"open","ping_status":"open","sticky":false,"template":"","format":"standard","meta":{"footnotes":""},"categories":[6],"tags":[],"class_list":["post-100301","post","type-post","status-publish","format-standard","hentry","category-breaking-news"],"_links":{"self":[{"href":"https:\/\/www.giurgiuveanul.ro\/stiri\/wp-json\/wp\/v2\/posts\/100301","targetHints":{"allow":["GET"]}}],"collection":[{"href":"https:\/\/www.giurgiuveanul.ro\/stiri\/wp-json\/wp\/v2\/posts"}],"about":[{"href":"https:\/\/www.giurgiuveanul.ro\/stiri\/wp-json\/wp\/v2\/types\/post"}],"author":[{"embeddable":true,"href":"https:\/\/www.giurgiuveanul.ro\/stiri\/wp-json\/wp\/v2\/users\/1"}],"replies":[{"embeddable":true,"href":"https:\/\/www.giurgiuveanul.ro\/stiri\/wp-json\/wp\/v2\/comments?post=100301"}],"version-history":[{"count":0,"href":"https:\/\/www.giurgiuveanul.ro\/stiri\/wp-json\/wp\/v2\/posts\/100301\/revisions"}],"wp:attachment":[{"href":"https:\/\/www.giurgiuveanul.ro\/stiri\/wp-json\/wp\/v2\/media?parent=100301"}],"wp:term":[{"taxonomy":"category","embeddable":true,"href":"https:\/\/www.giurgiuveanul.ro\/stiri\/wp-json\/wp\/v2\/categories?post=100301"},{"taxonomy":"post_tag","embeddable":true,"href":"https:\/\/www.giurgiuveanul.ro\/stiri\/wp-json\/wp\/v2\/tags?post=100301"}],"curies":[{"name":"wp","href":"https:\/\/api.w.org\/{rel}","templated":true}]}}