{"id":100310,"date":"2023-09-24T14:29:45","date_gmt":"2023-09-24T11:29:45","guid":{"rendered":"https:\/\/www.giurgiuveanul.ro\/stiri\/?p=100310"},"modified":"2023-09-24T14:47:33","modified_gmt":"2023-09-24T11:47:33","slug":"un-tanar-giurgiuvean-valentin-flavius-rabinca-are-nevoie-urgenta-de-ajutorul-nostru","status":"publish","type":"post","link":"https:\/\/www.giurgiuveanul.ro\/stiri\/un-tanar-giurgiuvean-valentin-flavius-rabinca-are-nevoie-urgenta-de-ajutorul-nostru\/","title":{"rendered":"Un t\u00e2n\u0103r giurgiuvean, Valentin Flavius R\u0103b\u00eenc\u0103, are nevoie urgent\u0103 de ajutorul nostru!"},"content":{"rendered":"<p style=\"text-align: justify;\"><a href=\"https:\/\/www.giurgiuveanul.ro\/stiri\/wp-content\/uploads\/2023\/09\/Valentin-Rabinca.jpg\"><img loading=\"lazy\" decoding=\"async\" class=\"aligncenter wp-image-100311\" src=\"https:\/\/www.giurgiuveanul.ro\/stiri\/wp-content\/uploads\/2023\/09\/Valentin-Rabinca-560x428.jpg\" alt=\"\" width=\"580\" height=\"443\" srcset=\"https:\/\/www.giurgiuveanul.ro\/stiri\/wp-content\/uploads\/2023\/09\/Valentin-Rabinca-560x428.jpg 560w, https:\/\/www.giurgiuveanul.ro\/stiri\/wp-content\/uploads\/2023\/09\/Valentin-Rabinca-250x191.jpg 250w, https:\/\/www.giurgiuveanul.ro\/stiri\/wp-content\/uploads\/2023\/09\/Valentin-Rabinca-768x587.jpg 768w, https:\/\/www.giurgiuveanul.ro\/stiri\/wp-content\/uploads\/2023\/09\/Valentin-Rabinca-400x306.jpg 400w, https:\/\/www.giurgiuveanul.ro\/stiri\/wp-content\/uploads\/2023\/09\/Valentin-Rabinca.jpg 800w\" sizes=\"auto, (max-width: 580px) 100vw, 580px\" \/><\/a>Pentru cine nu \u00eei cunoa\u0219te situa\u021bia, <strong>Valentin Flavius R\u0103b\u00eenc\u0103,<\/strong><!--more--> un t\u00e2n\u0103r de 21 de ani, din localitatea Daia, este victima unui accident rutier, produs vineri, 22 septembrie a.c., la Bibi\u021ba.<\/p>\n<p style=\"text-align: justify;\">Este internat \u00een stare grav\u0103, la Spitalul Clinic De Urgen\u0163\u0103 Floreasca.<\/p>\n<p style=\"text-align: justify;\">V\u0103 rug\u0103m nu r\u0103m\u00e2ne\u021bi indiferen\u021bi!<\/p>\n<p style=\"text-align: justify;\">Orice sum\u0103 de bani \u00eei va fi de folos \u0219i mai ales rug\u0103ciunile noastre!<\/p>\n<p style=\"text-align: justify;\">Cei care doresc s\u0103-l ajute pe t\u00e2n\u0103r o pot face don\u00e2nd \u00een contul <strong>RO76INGB0000999911884177<\/strong> &#8211; titular <strong>B\u0103trinu Nicoleta.<\/strong><\/p>\n","protected":false},"excerpt":{"rendered":"<p>Pentru cine nu \u00eei cunoa\u0219te situa\u021bia, Valentin Flavius R\u0103b\u00eenc\u0103,<\/p>\n","protected":false},"author":1,"featured_media":0,"comment_status":"open","ping_status":"open","sticky":false,"template":"","format":"standard","meta":{"footnotes":""},"categories":[6],"tags":[],"class_list":["post-100310","post","type-post","status-publish","format-standard","hentry","category-breaking-news"],"_links":{"self":[{"href":"https:\/\/www.giurgiuveanul.ro\/stiri\/wp-json\/wp\/v2\/posts\/100310","targetHints":{"allow":["GET"]}}],"collection":[{"href":"https:\/\/www.giurgiuveanul.ro\/stiri\/wp-json\/wp\/v2\/posts"}],"about":[{"href":"https:\/\/www.giurgiuveanul.ro\/stiri\/wp-json\/wp\/v2\/types\/post"}],"author":[{"embeddable":true,"href":"https:\/\/www.giurgiuveanul.ro\/stiri\/wp-json\/wp\/v2\/users\/1"}],"replies":[{"embeddable":true,"href":"https:\/\/www.giurgiuveanul.ro\/stiri\/wp-json\/wp\/v2\/comments?post=100310"}],"version-history":[{"count":0,"href":"https:\/\/www.giurgiuveanul.ro\/stiri\/wp-json\/wp\/v2\/posts\/100310\/revisions"}],"wp:attachment":[{"href":"https:\/\/www.giurgiuveanul.ro\/stiri\/wp-json\/wp\/v2\/media?parent=100310"}],"wp:term":[{"taxonomy":"category","embeddable":true,"href":"https:\/\/www.giurgiuveanul.ro\/stiri\/wp-json\/wp\/v2\/categories?post=100310"},{"taxonomy":"post_tag","embeddable":true,"href":"https:\/\/www.giurgiuveanul.ro\/stiri\/wp-json\/wp\/v2\/tags?post=100310"}],"curies":[{"name":"wp","href":"https:\/\/api.w.org\/{rel}","templated":true}]}}