{"id":100338,"date":"2023-09-25T12:00:37","date_gmt":"2023-09-25T09:00:37","guid":{"rendered":"https:\/\/www.giurgiuveanul.ro\/stiri\/?p=100338"},"modified":"2023-09-25T12:00:37","modified_gmt":"2023-09-25T09:00:37","slug":"europarlamentar-dan-motreanu-liderul-pnl-giurgiu-un-centru-de-recuperare-neuromotorie-de-tip-ambulatoriu-destinat-persoanelor-cu-dizabilitati-in-municipiu","status":"publish","type":"post","link":"https:\/\/www.giurgiuveanul.ro\/stiri\/europarlamentar-dan-motreanu-liderul-pnl-giurgiu-un-centru-de-recuperare-neuromotorie-de-tip-ambulatoriu-destinat-persoanelor-cu-dizabilitati-in-municipiu\/","title":{"rendered":"Europarlamentar Dan Motreanu, liderul PNL Giurgiu: \u201eUn centru de recuperare neuromotorie de tip ambulatoriu, destinat persoanelor cu dizabilit\u0103\u0163i, \u00een municipiu\u201d"},"content":{"rendered":"<p style=\"text-align: justify;\"><a href=\"https:\/\/www.giurgiuveanul.ro\/stiri\/wp-content\/uploads\/2023\/09\/380921677_731012272168126_8056429369211657958_n.jpg\"><img loading=\"lazy\" decoding=\"async\" class=\"aligncenter  wp-image-100339\" src=\"https:\/\/www.giurgiuveanul.ro\/stiri\/wp-content\/uploads\/2023\/09\/380921677_731012272168126_8056429369211657958_n-560x382.jpg\" alt=\"\" width=\"567\" height=\"387\" srcset=\"https:\/\/www.giurgiuveanul.ro\/stiri\/wp-content\/uploads\/2023\/09\/380921677_731012272168126_8056429369211657958_n-560x382.jpg 560w, https:\/\/www.giurgiuveanul.ro\/stiri\/wp-content\/uploads\/2023\/09\/380921677_731012272168126_8056429369211657958_n-250x170.jpg 250w, https:\/\/www.giurgiuveanul.ro\/stiri\/wp-content\/uploads\/2023\/09\/380921677_731012272168126_8056429369211657958_n-768x524.jpg 768w, https:\/\/www.giurgiuveanul.ro\/stiri\/wp-content\/uploads\/2023\/09\/380921677_731012272168126_8056429369211657958_n-400x273.jpg 400w, https:\/\/www.giurgiuveanul.ro\/stiri\/wp-content\/uploads\/2023\/09\/380921677_731012272168126_8056429369211657958_n.jpg 1015w\" sizes=\"auto, (max-width: 567px) 100vw, 567px\" \/><\/a>Un centru de recuperare neuromotorie de tip ambulatoriu, destinat persoanelor cu dizabilit\u0103\u0163i,<!--more--> va fi \u00eenfiin\u021bat \u00een municipiul Giurgiu, urm\u00e2nd s\u0103 fie finan\u021bat din fonduri europene.<\/p>\n<p style=\"text-align: justify;\">\n<p style=\"text-align: justify;\">Proiectul a fost depus de DGASPC Giurgiu \u0219i are o valoare de 3,9 milioane de lei. Realizarea centrului va fi finan\u021bat\u0103 prin Planul Na\u0163ional de Redresare \u015fi Rezilien\u0163\u0103 (PNRR).<\/p>\n<p style=\"text-align: justify;\">\n<p style=\"text-align: justify;\">Centrul va oferi servicii de masaj, kinetoterapie, psihologie \u00een vederea men\u0163inerii dezvolt\u0103rii poten\u0163ialului personal.<\/p>\n<p style=\"text-align: center;\"><strong>Europarlamentar Dan Motreanu,<\/strong><\/p>\n<p style=\"text-align: center;\"><strong>Pre\u015fedinte PNL Giurgiu<\/strong><\/p>\n","protected":false},"excerpt":{"rendered":"<p>Un centru de recuperare neuromotorie de tip ambulatoriu, destinat persoanelor cu dizabilit\u0103\u0163i,<\/p>\n","protected":false},"author":1,"featured_media":0,"comment_status":"open","ping_status":"open","sticky":false,"template":"","format":"standard","meta":{"footnotes":""},"categories":[6],"tags":[],"class_list":["post-100338","post","type-post","status-publish","format-standard","hentry","category-breaking-news"],"_links":{"self":[{"href":"https:\/\/www.giurgiuveanul.ro\/stiri\/wp-json\/wp\/v2\/posts\/100338","targetHints":{"allow":["GET"]}}],"collection":[{"href":"https:\/\/www.giurgiuveanul.ro\/stiri\/wp-json\/wp\/v2\/posts"}],"about":[{"href":"https:\/\/www.giurgiuveanul.ro\/stiri\/wp-json\/wp\/v2\/types\/post"}],"author":[{"embeddable":true,"href":"https:\/\/www.giurgiuveanul.ro\/stiri\/wp-json\/wp\/v2\/users\/1"}],"replies":[{"embeddable":true,"href":"https:\/\/www.giurgiuveanul.ro\/stiri\/wp-json\/wp\/v2\/comments?post=100338"}],"version-history":[{"count":0,"href":"https:\/\/www.giurgiuveanul.ro\/stiri\/wp-json\/wp\/v2\/posts\/100338\/revisions"}],"wp:attachment":[{"href":"https:\/\/www.giurgiuveanul.ro\/stiri\/wp-json\/wp\/v2\/media?parent=100338"}],"wp:term":[{"taxonomy":"category","embeddable":true,"href":"https:\/\/www.giurgiuveanul.ro\/stiri\/wp-json\/wp\/v2\/categories?post=100338"},{"taxonomy":"post_tag","embeddable":true,"href":"https:\/\/www.giurgiuveanul.ro\/stiri\/wp-json\/wp\/v2\/tags?post=100338"}],"curies":[{"name":"wp","href":"https:\/\/api.w.org\/{rel}","templated":true}]}}