{"id":100341,"date":"2023-09-25T15:30:52","date_gmt":"2023-09-25T12:30:52","guid":{"rendered":"https:\/\/www.giurgiuveanul.ro\/stiri\/?p=100341"},"modified":"2023-09-25T15:30:52","modified_gmt":"2023-09-25T12:30:52","slug":"isu-giurgiu-incendiu-violent-intr-o-gospodarie-din-cucuruzu","status":"publish","type":"post","link":"https:\/\/www.giurgiuveanul.ro\/stiri\/isu-giurgiu-incendiu-violent-intr-o-gospodarie-din-cucuruzu\/","title":{"rendered":"ISU Giurgiu. Incendiu violent, \u00eentr-o gospod\u0103rie din Cucuruzu"},"content":{"rendered":"<p style=\"text-align: justify;\"><strong><a href=\"https:\/\/www.giurgiuveanul.ro\/stiri\/wp-content\/uploads\/2023\/09\/000-incendiu-cucuruzu.jpeg\"><img loading=\"lazy\" decoding=\"async\" class=\"aligncenter  wp-image-100342\" src=\"https:\/\/www.giurgiuveanul.ro\/stiri\/wp-content\/uploads\/2023\/09\/000-incendiu-cucuruzu-560x423.jpeg\" alt=\"\" width=\"572\" height=\"432\" srcset=\"https:\/\/www.giurgiuveanul.ro\/stiri\/wp-content\/uploads\/2023\/09\/000-incendiu-cucuruzu-560x423.jpeg 560w, https:\/\/www.giurgiuveanul.ro\/stiri\/wp-content\/uploads\/2023\/09\/000-incendiu-cucuruzu-250x189.jpeg 250w, https:\/\/www.giurgiuveanul.ro\/stiri\/wp-content\/uploads\/2023\/09\/000-incendiu-cucuruzu-768x580.jpeg 768w, https:\/\/www.giurgiuveanul.ro\/stiri\/wp-content\/uploads\/2023\/09\/000-incendiu-cucuruzu-400x302.jpeg 400w, https:\/\/www.giurgiuveanul.ro\/stiri\/wp-content\/uploads\/2023\/09\/000-incendiu-cucuruzu.jpeg 1077w\" sizes=\"auto, (max-width: 572px) 100vw, 572px\" \/><\/a>Un incendiu violent a izbucnit, \u00een aceast\u0103 dup\u0103-amiaz\u0103,<!--more--> \u00eentr-o gospod\u0103rie din localitatea Cucuruzu. C\u00e2nd au ajuns pompierii ardeau dou\u0103 anexe, \u00een care proprietarul avea depozitate diverse bunuri, dar \u0219i acoperi\u0219ul locuin\u021bei, informeaz\u0103 ISU Giurgiu.<\/strong><\/p>\n<p style=\"text-align: justify;\">La fa\u021ba locului s-au deplasat pompierii din cadrul Deta\u0219amentului Giurgiu \u0219i Puctului de Lucru Dr\u0103g\u0103ne\u0219ti-Vla\u0219ca (ISU Teleorman), cu trei autospeciale de stingere cu ap\u0103 \u0219i spum\u0103. \u00cen sprijin, a ac\u021bionat \u0219i Serviciul Voluntar pentru Situa\u021bii de Urgen\u021b\u0103 din comuna R\u0103suceni, cu o cistern\u0103.<\/p>\n<p style=\"text-align: justify;\">Pompierii au reu\u0219it s\u0103 protejeze casa de foc, fiind afectat acoperi\u0219ul \u0219i astereala, pe o suprafa\u021b\u0103 de cica \u0219apte mp.<\/p>\n<p style=\"text-align: justify;\">Au ars anexele din gospod\u0103rie, pe o suprafa\u021b\u0103 de aproximativ 70 mp \u0219i s-au deteriorat utilaje agricole \u0219i scule.<\/p>\n<p style=\"text-align: justify;\">Cauza probabil\u0103 de producere a incendiului a fost scurtcircuitul.<\/p>\n<p style=\"text-align: justify;\"><strong><em>Informare preventiv\u0103 <\/em><\/strong><\/p>\n<p style=\"text-align: justify;\">Pentru \u00eenl\u0103turarea pericolului de incendiu ce poate ap\u0103rea pe timpul exploat\u0103rii instala\u021biei electrice, trebuie adoptate urm\u0103toarele m\u0103suri:<\/p>\n<ul style=\"text-align: justify;\">\n<li>nu l\u0103sa\u0163i aparatele electrice sub tensiune c\u00e2nd nu le folosi\u0163i deoarece acestea pot fi oric\u00e2nd surse generatoare de incendiu;<\/li>\n<li>nu utiliza\u0163i aparate electrice care au conductorii de alimentare uza\u0163i, deteriora\u0163i sau care nu mai au \u015ftecher;<\/li>\n<li>nu folosi\u0163i prize sau \u00eentrerup\u0103toare sl\u0103bite;<\/li>\n<li>nu alimenta\u0163i mai mul\u0163i consumatori electrici din acela\u015fi prelungitor, concomitent;<\/li>\n<li>nu folosi\u0163i instala\u0163ii electrice improvizate;<\/li>\n<li>verifica\u021bi periodic instala\u0163ia electric\u0103, cu ajutorul personalului autorizat.<\/li>\n<\/ul>\n<p style=\"text-align: justify;\">\n<p style=\"text-align: justify;\">\n<p style=\"text-align: justify;\">Compartimentul Informare \u0219i Rela\u021bii Publice<\/p>\n","protected":false},"excerpt":{"rendered":"<p>Un incendiu violent a izbucnit, \u00een aceast\u0103 dup\u0103-amiaz\u0103,<\/p>\n","protected":false},"author":1,"featured_media":0,"comment_status":"open","ping_status":"open","sticky":false,"template":"","format":"standard","meta":{"footnotes":""},"categories":[6],"tags":[],"class_list":["post-100341","post","type-post","status-publish","format-standard","hentry","category-breaking-news"],"_links":{"self":[{"href":"https:\/\/www.giurgiuveanul.ro\/stiri\/wp-json\/wp\/v2\/posts\/100341","targetHints":{"allow":["GET"]}}],"collection":[{"href":"https:\/\/www.giurgiuveanul.ro\/stiri\/wp-json\/wp\/v2\/posts"}],"about":[{"href":"https:\/\/www.giurgiuveanul.ro\/stiri\/wp-json\/wp\/v2\/types\/post"}],"author":[{"embeddable":true,"href":"https:\/\/www.giurgiuveanul.ro\/stiri\/wp-json\/wp\/v2\/users\/1"}],"replies":[{"embeddable":true,"href":"https:\/\/www.giurgiuveanul.ro\/stiri\/wp-json\/wp\/v2\/comments?post=100341"}],"version-history":[{"count":0,"href":"https:\/\/www.giurgiuveanul.ro\/stiri\/wp-json\/wp\/v2\/posts\/100341\/revisions"}],"wp:attachment":[{"href":"https:\/\/www.giurgiuveanul.ro\/stiri\/wp-json\/wp\/v2\/media?parent=100341"}],"wp:term":[{"taxonomy":"category","embeddable":true,"href":"https:\/\/www.giurgiuveanul.ro\/stiri\/wp-json\/wp\/v2\/categories?post=100341"},{"taxonomy":"post_tag","embeddable":true,"href":"https:\/\/www.giurgiuveanul.ro\/stiri\/wp-json\/wp\/v2\/tags?post=100341"}],"curies":[{"name":"wp","href":"https:\/\/api.w.org\/{rel}","templated":true}]}}