{"id":100344,"date":"2023-09-25T16:29:19","date_gmt":"2023-09-25T13:29:19","guid":{"rendered":"https:\/\/www.giurgiuveanul.ro\/stiri\/?p=100344"},"modified":"2023-09-25T16:29:19","modified_gmt":"2023-09-25T13:29:19","slug":"patru-localitati-giurgiuvene-ghimpati-stoenesti-valea-dragului-si-palanca-vor-ramane-marti-26-septembrie-fara-curent-electric-care-sunt-strazile-vizate-vezi-aici","status":"publish","type":"post","link":"https:\/\/www.giurgiuveanul.ro\/stiri\/patru-localitati-giurgiuvene-ghimpati-stoenesti-valea-dragului-si-palanca-vor-ramane-marti-26-septembrie-fara-curent-electric-care-sunt-strazile-vizate-vezi-aici\/","title":{"rendered":"Patru localit\u0103\u0163i giurgiuvene: Ghimpa\u0163i, Stoene\u015fti, Valea Dragului \u015fi Palanca vor r\u0103m\u00e2ne mar\u0163i, 26 septembrie, f\u0103r\u0103 curent electric! Care sunt str\u0103zile vizate VEZI AICI"},"content":{"rendered":"<p style=\"text-align: justify;\"><strong><a href=\"https:\/\/www.giurgiuveanul.ro\/stiri\/wp-content\/uploads\/2023\/08\/E-Distributie-intreruperi-social-1.png\"><img loading=\"lazy\" decoding=\"async\" class=\"aligncenter  wp-image-99681\" src=\"https:\/\/www.giurgiuveanul.ro\/stiri\/wp-content\/uploads\/2023\/08\/E-Distributie-intreruperi-social-1-560x315.png\" alt=\"\" width=\"572\" height=\"322\" srcset=\"https:\/\/www.giurgiuveanul.ro\/stiri\/wp-content\/uploads\/2023\/08\/E-Distributie-intreruperi-social-1-560x315.png 560w, https:\/\/www.giurgiuveanul.ro\/stiri\/wp-content\/uploads\/2023\/08\/E-Distributie-intreruperi-social-1-250x141.png 250w, https:\/\/www.giurgiuveanul.ro\/stiri\/wp-content\/uploads\/2023\/08\/E-Distributie-intreruperi-social-1-400x225.png 400w, https:\/\/www.giurgiuveanul.ro\/stiri\/wp-content\/uploads\/2023\/08\/E-Distributie-intreruperi-social-1.png 666w\" sizes=\"auto, (max-width: 572px) 100vw, 572px\" \/><\/a>E-Distribu\u0163ie Muntenia<\/strong><!--more--> a redus pe c\u00e2t posibil num\u0103rul \u00eentreruperilor programate pentru buna administrare \u0219i func\u021bionare a re\u021belei de distribu\u021bie a energiei electrice, pentru a minimiza disconfortul clien\u021bilor. Lucr\u0103rile au fost reduse la cele care sunt necesare. Regret\u0103m nepl\u0103cerile resim\u021bite de clien\u021bi \u00een cazurile \u00een care aceste lucr\u0103ri, efectuate pentru a preveni eventuale probleme \u00een alimentare, perturb\u0103 temporar activit\u0103\u021bile acestora.<\/p>\n<p style=\"text-align: justify;\">Urm\u0103toarele \u00eentreruperi se vor realiza pentru a asigura capacitatea re\u021belei de a func\u021biona \u0219i alimenta clien\u021bii \u00een bune condi\u021bii.<\/p>\n<table width=\"100%\">\n<tbody>\n<tr>\n<td width=\"15%\"><strong>Ziua \/ Data<\/strong><\/td>\n<td>\n<table width=\"100%\">\n<tbody>\n<tr>\n<td><strong>Localitatea, strada afectata<\/strong><\/td>\n<td width=\"15%\"><strong>Orar<\/strong><\/td>\n<\/tr>\n<\/tbody>\n<\/table>\n<\/td>\n<\/tr>\n<tr>\n<td width=\"15%\">Mar\u0163i , 26 septembrie 2023<\/td>\n<td>\n<table width=\"100%\">\n<tbody>\n<tr>\n<td><strong>Ghimpati<\/strong>, Str Bucuresti -Alexandria<\/td>\n<td width=\"15%\">09:00 &#8211; 17:00<\/td>\n<\/tr>\n<tr>\n<td><strong>Stoenesti,<\/strong> Str. Petrolistilor, Sabarului, Leganari, 1Decembrie 1918<\/td>\n<td width=\"15%\">09:00 &#8211; 17:00<\/td>\n<\/tr>\n<tr>\n<td><strong>Valea Dragului<\/strong>, Principala, Lautarilor, Rozelor, Zugravului, Sabarului, Toporasilor, LuncaArgesului, Dreptatii, Infundata, Stadionului, A daracului, Bufetului \u015fi strazi adiacente.<\/td>\n<td width=\"15%\">09:00 &#8211; 17:00<\/td>\n<\/tr>\n<tr>\n<td><strong>Palanca,<\/strong> Str. Domneasca, Eugen Boureanu, Gogora, Ograda, Norilor, Tarina, Lacului, Eftimiu, Gradina Boiereasca, Ion Ionescu Braila<\/td>\n<td width=\"15%\">09:00 &#8211; 17:00<\/td>\n<\/tr>\n<\/tbody>\n<\/table>\n<\/td>\n<\/tr>\n<\/tbody>\n<\/table>\n","protected":false},"excerpt":{"rendered":"<p>E-Distribu\u0163ie Muntenia<\/p>\n","protected":false},"author":1,"featured_media":0,"comment_status":"open","ping_status":"open","sticky":false,"template":"","format":"standard","meta":{"footnotes":""},"categories":[6],"tags":[],"class_list":["post-100344","post","type-post","status-publish","format-standard","hentry","category-breaking-news"],"_links":{"self":[{"href":"https:\/\/www.giurgiuveanul.ro\/stiri\/wp-json\/wp\/v2\/posts\/100344","targetHints":{"allow":["GET"]}}],"collection":[{"href":"https:\/\/www.giurgiuveanul.ro\/stiri\/wp-json\/wp\/v2\/posts"}],"about":[{"href":"https:\/\/www.giurgiuveanul.ro\/stiri\/wp-json\/wp\/v2\/types\/post"}],"author":[{"embeddable":true,"href":"https:\/\/www.giurgiuveanul.ro\/stiri\/wp-json\/wp\/v2\/users\/1"}],"replies":[{"embeddable":true,"href":"https:\/\/www.giurgiuveanul.ro\/stiri\/wp-json\/wp\/v2\/comments?post=100344"}],"version-history":[{"count":0,"href":"https:\/\/www.giurgiuveanul.ro\/stiri\/wp-json\/wp\/v2\/posts\/100344\/revisions"}],"wp:attachment":[{"href":"https:\/\/www.giurgiuveanul.ro\/stiri\/wp-json\/wp\/v2\/media?parent=100344"}],"wp:term":[{"taxonomy":"category","embeddable":true,"href":"https:\/\/www.giurgiuveanul.ro\/stiri\/wp-json\/wp\/v2\/categories?post=100344"},{"taxonomy":"post_tag","embeddable":true,"href":"https:\/\/www.giurgiuveanul.ro\/stiri\/wp-json\/wp\/v2\/tags?post=100344"}],"curies":[{"name":"wp","href":"https:\/\/api.w.org\/{rel}","templated":true}]}}