{"id":100361,"date":"2023-09-26T18:09:41","date_gmt":"2023-09-26T15:09:41","guid":{"rendered":"https:\/\/www.giurgiuveanul.ro\/stiri\/?p=100361"},"modified":"2023-09-26T18:09:41","modified_gmt":"2023-09-26T15:09:41","slug":"opt-localitati-giurgiuvene-rasuceni-cucuruzu-carapancea-petru-rares-valea-bujorului-vlasin-zboiu-si-valea-dragului-vor-ramane-miercuri-27-septembrie-fara-curent-electric-care-sunt-strazile-v","status":"publish","type":"post","link":"https:\/\/www.giurgiuveanul.ro\/stiri\/opt-localitati-giurgiuvene-rasuceni-cucuruzu-carapancea-petru-rares-valea-bujorului-vlasin-zboiu-si-valea-dragului-vor-ramane-miercuri-27-septembrie-fara-curent-electric-care-sunt-strazile-v\/","title":{"rendered":"Opt localit\u0103\u0163i giurgiuvene: R\u0103suceni, Cucuruzu, Carapancea, Petru Rare\u015f, Valea Bujorului, Vla\u015fin, Zboiu \u015fi Valea Dragului vor r\u0103m\u00e2ne miercuri, 27 septembrie, f\u0103r\u0103 curent electric! Care sunt str\u0103zile vizate VEZI AICI"},"content":{"rendered":"<p style=\"text-align: justify;\"><strong><a href=\"https:\/\/www.giurgiuveanul.ro\/stiri\/wp-content\/uploads\/2023\/08\/E-Distributie-intreruperi-social.png\"><img loading=\"lazy\" decoding=\"async\" class=\"aligncenter  wp-image-99396\" src=\"https:\/\/www.giurgiuveanul.ro\/stiri\/wp-content\/uploads\/2023\/08\/E-Distributie-intreruperi-social-560x315.png\" alt=\"\" width=\"571\" height=\"321\" srcset=\"https:\/\/www.giurgiuveanul.ro\/stiri\/wp-content\/uploads\/2023\/08\/E-Distributie-intreruperi-social-560x315.png 560w, https:\/\/www.giurgiuveanul.ro\/stiri\/wp-content\/uploads\/2023\/08\/E-Distributie-intreruperi-social-250x141.png 250w, https:\/\/www.giurgiuveanul.ro\/stiri\/wp-content\/uploads\/2023\/08\/E-Distributie-intreruperi-social-400x225.png 400w, https:\/\/www.giurgiuveanul.ro\/stiri\/wp-content\/uploads\/2023\/08\/E-Distributie-intreruperi-social.png 666w\" sizes=\"auto, (max-width: 571px) 100vw, 571px\" \/><\/a>E-Distribu\u0163ie Muntenia<\/strong><!--more--> a redus pe c\u00e2t posibil num\u0103rul \u00eentreruperilor programate pentru buna administrare \u0219i func\u021bionare a re\u021belei de distribu\u021bie a energiei electrice, pentru a minimiza disconfortul clien\u021bilor. Lucr\u0103rile au fost reduse la cele care sunt necesare. Regret\u0103m nepl\u0103cerile resim\u021bite de clien\u021bi \u00een cazurile \u00een care aceste lucr\u0103ri, efectuate pentru a preveni eventuale probleme \u00een alimentare, perturb\u0103 temporar activit\u0103\u021bile acestora.<\/p>\n<p style=\"text-align: justify;\">Urm\u0103toarele \u00eentreruperi se vor realiza pentru a asigura capacitatea re\u021belei de a func\u021biona \u0219i alimenta clien\u021bii \u00een bune condi\u021bii.<\/p>\n<table width=\"100%\">\n<tbody>\n<tr>\n<td width=\"15%\"><strong>Ziua \/ Data<\/strong><\/td>\n<td>\n<table width=\"100%\">\n<tbody>\n<tr>\n<td><strong>Localitatea, strada afectata<\/strong><\/td>\n<td width=\"15%\"><strong>Orar<\/strong><\/td>\n<\/tr>\n<\/tbody>\n<\/table>\n<\/td>\n<\/tr>\n<tr>\n<td width=\"15%\"><strong>Miercuri, 27 septembrie 2023<\/strong><\/td>\n<td>\n<table width=\"100%\">\n<tbody>\n<tr>\n<td><strong>R\u0103suceni, Cucuruzu, Carapancea, Petru Rare\u015f, Valea Bujorului, Vlasin<\/strong>, Toate strazile, Scoala Generala Valea Bujorului, Scoala Generala Rasuceni, Scoala Generala Vlasin, Primaria Rasuceni<\/td>\n<td width=\"15%\">09:00 &#8211; 17:00<\/td>\n<\/tr>\n<tr>\n<td><strong>Zboiu<\/strong>, Toata localitatea.<\/td>\n<td width=\"15%\">09:00 &#8211; 17:00<\/td>\n<\/tr>\n<tr>\n<td><strong>Valea Dragului,<\/strong> str. Principala, Lautarilor, Rozelor, Zugravului, Sabarului, Toporasilor, LuncaArgesului, Dreptatii, Infundata, Stadionului ,A aracului, Bufetului si strazi adiacente.<\/td>\n<td width=\"15%\">09:00 &#8211; 17:00<\/td>\n<\/tr>\n<\/tbody>\n<\/table>\n<\/td>\n<\/tr>\n<\/tbody>\n<\/table>\n","protected":false},"excerpt":{"rendered":"<p>E-Distribu\u0163ie Muntenia<\/p>\n","protected":false},"author":1,"featured_media":0,"comment_status":"open","ping_status":"open","sticky":false,"template":"","format":"standard","meta":{"footnotes":""},"categories":[6],"tags":[],"class_list":["post-100361","post","type-post","status-publish","format-standard","hentry","category-breaking-news"],"_links":{"self":[{"href":"https:\/\/www.giurgiuveanul.ro\/stiri\/wp-json\/wp\/v2\/posts\/100361","targetHints":{"allow":["GET"]}}],"collection":[{"href":"https:\/\/www.giurgiuveanul.ro\/stiri\/wp-json\/wp\/v2\/posts"}],"about":[{"href":"https:\/\/www.giurgiuveanul.ro\/stiri\/wp-json\/wp\/v2\/types\/post"}],"author":[{"embeddable":true,"href":"https:\/\/www.giurgiuveanul.ro\/stiri\/wp-json\/wp\/v2\/users\/1"}],"replies":[{"embeddable":true,"href":"https:\/\/www.giurgiuveanul.ro\/stiri\/wp-json\/wp\/v2\/comments?post=100361"}],"version-history":[{"count":0,"href":"https:\/\/www.giurgiuveanul.ro\/stiri\/wp-json\/wp\/v2\/posts\/100361\/revisions"}],"wp:attachment":[{"href":"https:\/\/www.giurgiuveanul.ro\/stiri\/wp-json\/wp\/v2\/media?parent=100361"}],"wp:term":[{"taxonomy":"category","embeddable":true,"href":"https:\/\/www.giurgiuveanul.ro\/stiri\/wp-json\/wp\/v2\/categories?post=100361"},{"taxonomy":"post_tag","embeddable":true,"href":"https:\/\/www.giurgiuveanul.ro\/stiri\/wp-json\/wp\/v2\/tags?post=100361"}],"curies":[{"name":"wp","href":"https:\/\/api.w.org\/{rel}","templated":true}]}}