{"id":100368,"date":"2023-09-27T17:43:41","date_gmt":"2023-09-27T14:43:41","guid":{"rendered":"https:\/\/www.giurgiuveanul.ro\/stiri\/?p=100368"},"modified":"2023-09-27T17:48:51","modified_gmt":"2023-09-27T14:48:51","slug":"joi-28-septembrie-incepand-cu-ora-1000-redeschiderea-magazinului-jysk-giurgiu","status":"publish","type":"post","link":"https:\/\/www.giurgiuveanul.ro\/stiri\/joi-28-septembrie-incepand-cu-ora-1000-redeschiderea-magazinului-jysk-giurgiu\/","title":{"rendered":"Joi, 28 septembrie, \u00eencep\u00e2nd cu ora 10:00, redeschiderea magazinului JYSK Giurgiu"},"content":{"rendered":"<p style=\"text-align: justify;\"><strong><a href=\"https:\/\/www.giurgiuveanul.ro\/stiri\/wp-content\/uploads\/2023\/09\/Local-Opening_LP_34.jpg\"><img loading=\"lazy\" decoding=\"async\" class=\"aligncenter wp-image-100369\" src=\"https:\/\/www.giurgiuveanul.ro\/stiri\/wp-content\/uploads\/2023\/09\/Local-Opening_LP_34-560x218.jpg\" alt=\"\" width=\"575\" height=\"224\" srcset=\"https:\/\/www.giurgiuveanul.ro\/stiri\/wp-content\/uploads\/2023\/09\/Local-Opening_LP_34-560x218.jpg 560w, https:\/\/www.giurgiuveanul.ro\/stiri\/wp-content\/uploads\/2023\/09\/Local-Opening_LP_34-250x97.jpg 250w, https:\/\/www.giurgiuveanul.ro\/stiri\/wp-content\/uploads\/2023\/09\/Local-Opening_LP_34-768x299.jpg 768w, https:\/\/www.giurgiuveanul.ro\/stiri\/wp-content\/uploads\/2023\/09\/Local-Opening_LP_34-400x156.jpg 400w, https:\/\/www.giurgiuveanul.ro\/stiri\/wp-content\/uploads\/2023\/09\/Local-Opening_LP_34.jpg 1170w\" sizes=\"auto, (max-width: 575px) 100vw, 575px\" \/><\/a>20% extra-reducere la toate articolele, \u00eentre<!--more--> 28.09 &#8211; 4.10.2023 &#8211; inclusiv la cele aflate \u00een promo\u021bie<\/strong><\/p>\n<p style=\"text-align: justify;\">Te a\u0219tept\u0103m joi, 28 septembrie 2023, \u00eencep\u00e2nd cu ora 10:00, s\u0103 s\u0103rb\u0103torim redeschiderea magazinului JYSK Giurgiu din Str. Bucure\u0219ti nr. 57A, \u0219i s\u0103 te bucuri de 20% extra-reducere la toate articolele, inclusiv la cele aflate \u00een promo\u021bie.<\/p>\n<p style=\"text-align: justify;\">Ofertele din catalog sunt valabile \u00een perioada 21.09 &#8211; 18.10.2023. Extra-reducerea de 20% se aplic\u0103 \u00een s\u0103pt\u0103m\u00e2na redeschiderii 28.09 &#8211; 4.10.2023, doar \u00een magazinul JYSK Giurgiu din Str. Bucure\u0219ti nr. 57A \u0219i doar celor care achizi\u021bioneaz\u0103 minim dou\u0103 articole pe bon.<\/p>\n<p style=\"text-align: justify;\">VEZI BRO\u0218URA CU OFERTE, AICI: <a href=\"https:\/\/jysk.ro\/giurgiu\">https:\/\/jysk.ro\/giurgiu<\/a><\/p>\n<p>&nbsp;<\/p>\n","protected":false},"excerpt":{"rendered":"<p>20% extra-reducere la toate articolele, \u00eentre<\/p>\n","protected":false},"author":1,"featured_media":0,"comment_status":"open","ping_status":"open","sticky":false,"template":"","format":"standard","meta":{"footnotes":""},"categories":[6],"tags":[],"class_list":["post-100368","post","type-post","status-publish","format-standard","hentry","category-breaking-news"],"_links":{"self":[{"href":"https:\/\/www.giurgiuveanul.ro\/stiri\/wp-json\/wp\/v2\/posts\/100368","targetHints":{"allow":["GET"]}}],"collection":[{"href":"https:\/\/www.giurgiuveanul.ro\/stiri\/wp-json\/wp\/v2\/posts"}],"about":[{"href":"https:\/\/www.giurgiuveanul.ro\/stiri\/wp-json\/wp\/v2\/types\/post"}],"author":[{"embeddable":true,"href":"https:\/\/www.giurgiuveanul.ro\/stiri\/wp-json\/wp\/v2\/users\/1"}],"replies":[{"embeddable":true,"href":"https:\/\/www.giurgiuveanul.ro\/stiri\/wp-json\/wp\/v2\/comments?post=100368"}],"version-history":[{"count":0,"href":"https:\/\/www.giurgiuveanul.ro\/stiri\/wp-json\/wp\/v2\/posts\/100368\/revisions"}],"wp:attachment":[{"href":"https:\/\/www.giurgiuveanul.ro\/stiri\/wp-json\/wp\/v2\/media?parent=100368"}],"wp:term":[{"taxonomy":"category","embeddable":true,"href":"https:\/\/www.giurgiuveanul.ro\/stiri\/wp-json\/wp\/v2\/categories?post=100368"},{"taxonomy":"post_tag","embeddable":true,"href":"https:\/\/www.giurgiuveanul.ro\/stiri\/wp-json\/wp\/v2\/tags?post=100368"}],"curies":[{"name":"wp","href":"https:\/\/api.w.org\/{rel}","templated":true}]}}