{"id":100382,"date":"2023-09-28T16:34:55","date_gmt":"2023-09-28T13:34:55","guid":{"rendered":"https:\/\/www.giurgiuveanul.ro\/stiri\/?p=100382"},"modified":"2023-09-28T16:38:50","modified_gmt":"2023-09-28T13:38:50","slug":"a-fost-lansat-volumul-monografic-biserica-sf-mare-mucenic-gheorghe-din-municipiul-giurgiu-de-la-zidire-pana-in-zilele-noastre","status":"publish","type":"post","link":"https:\/\/www.giurgiuveanul.ro\/stiri\/a-fost-lansat-volumul-monografic-biserica-sf-mare-mucenic-gheorghe-din-municipiul-giurgiu-de-la-zidire-pana-in-zilele-noastre\/","title":{"rendered":"A fost lansat volumul monografic \u201eBiserica Sf. Mare Mucenic Gheorghe, din municipiul Giurgiu, de la zidire p\u00e2n\u0103 \u00een zilele noastre\u201d"},"content":{"rendered":"<p style=\"text-align: justify;\"><strong><a href=\"https:\/\/www.giurgiuveanul.ro\/stiri\/wp-content\/uploads\/2023\/09\/0-1.jpg\"><img loading=\"lazy\" decoding=\"async\" class=\"aligncenter wp-image-100383\" src=\"https:\/\/www.giurgiuveanul.ro\/stiri\/wp-content\/uploads\/2023\/09\/0-1-312x450.jpg\" alt=\"\" width=\"575\" height=\"829\" srcset=\"https:\/\/www.giurgiuveanul.ro\/stiri\/wp-content\/uploads\/2023\/09\/0-1-312x450.jpg 312w, https:\/\/www.giurgiuveanul.ro\/stiri\/wp-content\/uploads\/2023\/09\/0-1-208x300.jpg 208w, https:\/\/www.giurgiuveanul.ro\/stiri\/wp-content\/uploads\/2023\/09\/0-1-768x1107.jpg 768w, https:\/\/www.giurgiuveanul.ro\/stiri\/wp-content\/uploads\/2023\/09\/0-1-400x576.jpg 400w, https:\/\/www.giurgiuveanul.ro\/stiri\/wp-content\/uploads\/2023\/09\/0-1.jpg 1041w\" sizes=\"auto, (max-width: 575px) 100vw, 575px\" \/><\/a>La editura Episcopiei Giurgiului, <!--more-->cu binecuv\u00e2ntarea Preasfin\u0163itului P\u0103rinte Dr. Ambrozie, Episcopul Giurgiului, a ap\u0103rut recent volumul monografic \u201eBiserica Sf. Mare Mucenic Gheorghe, din municipiul Giurgiu, de la zidire p\u00e2n\u0103 \u00een zilele noastre\u201d (127 pp), av\u00e2ndu-i ca autori pe Preacucernicul P\u0103rinte Nicu\u015for Puflea, parohul acestei biserici \u015fi pe istoricul \u015etefan Dumitrescu.<\/strong><\/p>\n<p style=\"text-align: justify;\">Volumul, care a ap\u0103rut \u00een condi\u0163ii grafice deosebite, cuprinde istoricul bisericii, structura \u015fi elementele de art\u0103 ale sf\u00e2ntului l\u0103ca\u015f, dar \u015fi o serie de ilustra\u0163ii din trecutul \u015fi prezentul parohiei \u015fi a zonei \u00een care se afl\u0103.<\/p>\n<p style=\"text-align: justify;\">Evenimentul s-a desf\u0103\u015furat \u00een biserica \u201eSf. Mare Mucenic Gheorghe\u201d, dup\u0103 slujba Sfintei Liturghii &#8211; oficiat\u0103 de <strong>Preacucernicul P\u0103rinte Protopop Lucian \u015etefan<\/strong> al\u0103turi de un sobor de preo\u0163i \u015fi diaconi.<\/p>\n<p><a href=\"https:\/\/www.giurgiuveanul.ro\/stiri\/wp-content\/uploads\/2023\/09\/1-2.jpeg\"><img loading=\"lazy\" decoding=\"async\" class=\"aligncenter  wp-image-100390\" src=\"https:\/\/www.giurgiuveanul.ro\/stiri\/wp-content\/uploads\/2023\/09\/1-2-560x348.jpeg\" alt=\"\" width=\"578\" height=\"359\" srcset=\"https:\/\/www.giurgiuveanul.ro\/stiri\/wp-content\/uploads\/2023\/09\/1-2-560x348.jpeg 560w, https:\/\/www.giurgiuveanul.ro\/stiri\/wp-content\/uploads\/2023\/09\/1-2-250x155.jpeg 250w, https:\/\/www.giurgiuveanul.ro\/stiri\/wp-content\/uploads\/2023\/09\/1-2-768x477.jpeg 768w, https:\/\/www.giurgiuveanul.ro\/stiri\/wp-content\/uploads\/2023\/09\/1-2-400x249.jpeg 400w, https:\/\/www.giurgiuveanul.ro\/stiri\/wp-content\/uploads\/2023\/09\/1-2.jpeg 1300w\" sizes=\"auto, (max-width: 578px) 100vw, 578px\" \/><\/a> <a href=\"https:\/\/www.giurgiuveanul.ro\/stiri\/wp-content\/uploads\/2023\/09\/2-3.jpeg\"><img loading=\"lazy\" decoding=\"async\" class=\"aligncenter  wp-image-100391\" src=\"https:\/\/www.giurgiuveanul.ro\/stiri\/wp-content\/uploads\/2023\/09\/2-3-560x343.jpeg\" alt=\"\" width=\"576\" height=\"353\" srcset=\"https:\/\/www.giurgiuveanul.ro\/stiri\/wp-content\/uploads\/2023\/09\/2-3-560x343.jpeg 560w, https:\/\/www.giurgiuveanul.ro\/stiri\/wp-content\/uploads\/2023\/09\/2-3-250x153.jpeg 250w, https:\/\/www.giurgiuveanul.ro\/stiri\/wp-content\/uploads\/2023\/09\/2-3-768x470.jpeg 768w, https:\/\/www.giurgiuveanul.ro\/stiri\/wp-content\/uploads\/2023\/09\/2-3-400x245.jpeg 400w, https:\/\/www.giurgiuveanul.ro\/stiri\/wp-content\/uploads\/2023\/09\/2-3.jpeg 1200w\" sizes=\"auto, (max-width: 576px) 100vw, 576px\" \/><\/a> <a href=\"https:\/\/www.giurgiuveanul.ro\/stiri\/wp-content\/uploads\/2023\/09\/3-3.jpeg\"><img loading=\"lazy\" decoding=\"async\" class=\"aligncenter  wp-image-100392\" src=\"https:\/\/www.giurgiuveanul.ro\/stiri\/wp-content\/uploads\/2023\/09\/3-3-560x420.jpeg\" alt=\"\" width=\"569\" height=\"427\" srcset=\"https:\/\/www.giurgiuveanul.ro\/stiri\/wp-content\/uploads\/2023\/09\/3-3-560x420.jpeg 560w, https:\/\/www.giurgiuveanul.ro\/stiri\/wp-content\/uploads\/2023\/09\/3-3-250x188.jpeg 250w, https:\/\/www.giurgiuveanul.ro\/stiri\/wp-content\/uploads\/2023\/09\/3-3-768x576.jpeg 768w, https:\/\/www.giurgiuveanul.ro\/stiri\/wp-content\/uploads\/2023\/09\/3-3-400x300.jpeg 400w, https:\/\/www.giurgiuveanul.ro\/stiri\/wp-content\/uploads\/2023\/09\/3-3.jpeg 1200w\" sizes=\"auto, (max-width: 569px) 100vw, 569px\" \/><\/a><\/p>\n<p style=\"text-align: justify;\">La lansarea acestei impresionante monografii au participat \u015fi <strong>Preacuviosul P\u0103rinte Arhimandrit Dr. Teodor \u015eerban<\/strong>, <em>vicarul Episcopiei Giurgiului \u015fi stare\u0163ul M\u0103n\u0103stirii \u201eSf. Ioan Rusul\u201d &#8211; de la Slobozia<\/em>, \u015fi <strong>Preacucernicul P\u0103rinte Alexandru \u015etefan<\/strong>, <em>Secretar Eparhial \u015fi parohul Bisericii \u201e\u00cen\u0103l\u0163area Domnului\u201d (Eroilor)<\/em>.<\/p>\n<p style=\"text-align: justify;\"><em>\u201eAvem \u00eencredin\u0163area c\u0103 to\u0163i cei ce vor cerceta paginile acestei monografii de \u00eenalt\u0103 \u0163inut\u0103 academic\u0103 vor putea descoperi nu doar un document pre\u0163ios pentru istoria ora\u015fului acestuia at\u00e2t de \u00eencercat de-a lungul timpului, c\u00e2t \u015fi o icoan\u0103 preafrumoas\u0103 a credin\u0163ei celei vii, ce a rodit road\u0103 bogat\u0103 \u00een ogorul Ortodoxiei. Binecuv\u00e2nt\u0103m aceast\u0103 deosebit\u0103 apari\u0163ie, \u00eei felicit\u0103m din inim\u0103 pe to\u0163i cei care au f\u0103cut posibil\u0103 apari\u0163ia ei, n\u0103d\u0103jduind c\u0103 acest efort de cercetare va oferi tuturor celor interesa\u0163i nu doar o radiografie istoric\u0103, ci mai ales o icoan\u0103 a unei comunit\u0103\u0163i \u00eenchegat\u0103 \u00een jurul credin\u0163ei \u015fi al dragostei pentru neam \u015fi \u0163ar\u0103\u201d,<\/em> a ar\u0103tat, \u00een Cuv\u00e2ntul \u00eenainte al acestei Monografii, <strong>Preasfin\u0163itul P\u0103rinte Dr. Ambrozie<\/strong>, <em>Episcopul Giurgiului.<\/em><\/p>\n","protected":false},"excerpt":{"rendered":"<p>La editura Episcopiei Giurgiului,<\/p>\n","protected":false},"author":1,"featured_media":0,"comment_status":"open","ping_status":"open","sticky":false,"template":"","format":"standard","meta":{"footnotes":""},"categories":[1],"tags":[],"class_list":["post-100382","post","type-post","status-publish","format-standard","hentry","category-actualitate"],"_links":{"self":[{"href":"https:\/\/www.giurgiuveanul.ro\/stiri\/wp-json\/wp\/v2\/posts\/100382","targetHints":{"allow":["GET"]}}],"collection":[{"href":"https:\/\/www.giurgiuveanul.ro\/stiri\/wp-json\/wp\/v2\/posts"}],"about":[{"href":"https:\/\/www.giurgiuveanul.ro\/stiri\/wp-json\/wp\/v2\/types\/post"}],"author":[{"embeddable":true,"href":"https:\/\/www.giurgiuveanul.ro\/stiri\/wp-json\/wp\/v2\/users\/1"}],"replies":[{"embeddable":true,"href":"https:\/\/www.giurgiuveanul.ro\/stiri\/wp-json\/wp\/v2\/comments?post=100382"}],"version-history":[{"count":0,"href":"https:\/\/www.giurgiuveanul.ro\/stiri\/wp-json\/wp\/v2\/posts\/100382\/revisions"}],"wp:attachment":[{"href":"https:\/\/www.giurgiuveanul.ro\/stiri\/wp-json\/wp\/v2\/media?parent=100382"}],"wp:term":[{"taxonomy":"category","embeddable":true,"href":"https:\/\/www.giurgiuveanul.ro\/stiri\/wp-json\/wp\/v2\/categories?post=100382"},{"taxonomy":"post_tag","embeddable":true,"href":"https:\/\/www.giurgiuveanul.ro\/stiri\/wp-json\/wp\/v2\/tags?post=100382"}],"curies":[{"name":"wp","href":"https:\/\/api.w.org\/{rel}","templated":true}]}}