{"id":100394,"date":"2023-09-28T18:13:35","date_gmt":"2023-09-28T15:13:35","guid":{"rendered":"https:\/\/www.giurgiuveanul.ro\/stiri\/?p=100394"},"modified":"2023-09-28T18:16:35","modified_gmt":"2023-09-28T15:16:35","slug":"trei-localitati-giurgiuvene-valea-dragului-ghimpati-si-oinacu-vor-ramane-miercuri-27-septembrie-fara-curent-electric-care-sunt-strazile-vizate-vezi-aici","status":"publish","type":"post","link":"https:\/\/www.giurgiuveanul.ro\/stiri\/trei-localitati-giurgiuvene-valea-dragului-ghimpati-si-oinacu-vor-ramane-miercuri-27-septembrie-fara-curent-electric-care-sunt-strazile-vizate-vezi-aici\/","title":{"rendered":"Trei localit\u0103\u0163i giurgiuvene: Valea Dragului, Ghimpa\u0163i \u015fi Oinacu vor r\u0103m\u00e2ne vineri, 29 septembrie, f\u0103r\u0103 curent electric! Care sunt str\u0103zile vizate VEZI AICI"},"content":{"rendered":"<p style=\"text-align: justify;\"><a href=\"https:\/\/www.giurgiuveanul.ro\/stiri\/wp-content\/uploads\/2023\/08\/E-Distributie-intreruperi-social-1.png\"><img loading=\"lazy\" decoding=\"async\" class=\"aligncenter wp-image-99681\" src=\"https:\/\/www.giurgiuveanul.ro\/stiri\/wp-content\/uploads\/2023\/08\/E-Distributie-intreruperi-social-1-560x315.png\" alt=\"\" width=\"576\" height=\"324\" srcset=\"https:\/\/www.giurgiuveanul.ro\/stiri\/wp-content\/uploads\/2023\/08\/E-Distributie-intreruperi-social-1-560x315.png 560w, https:\/\/www.giurgiuveanul.ro\/stiri\/wp-content\/uploads\/2023\/08\/E-Distributie-intreruperi-social-1-250x141.png 250w, https:\/\/www.giurgiuveanul.ro\/stiri\/wp-content\/uploads\/2023\/08\/E-Distributie-intreruperi-social-1-400x225.png 400w, https:\/\/www.giurgiuveanul.ro\/stiri\/wp-content\/uploads\/2023\/08\/E-Distributie-intreruperi-social-1.png 666w\" sizes=\"auto, (max-width: 576px) 100vw, 576px\" \/><\/a><strong>E-Distribu\u0163ie Muntenia<\/strong><!--more--> a redus pe c\u00e2t posibil num\u0103rul \u00eentreruperilor programate pentru buna administrare \u0219i func\u021bionare a re\u021belei de distribu\u021bie a energiei electrice, pentru a minimiza disconfortul clien\u021bilor. Lucr\u0103rile au fost reduse la cele care sunt necesare. Regret\u0103m nepl\u0103cerile resim\u021bite de clien\u021bi \u00een cazurile \u00een care aceste lucr\u0103ri, efectuate pentru a preveni eventuale probleme \u00een alimentare, perturb\u0103 temporar activit\u0103\u021bile acestora.<\/p>\n<p style=\"text-align: justify;\">Urm\u0103toarele \u00eentreruperi se vor realiza pentru a asigura capacitatea re\u021belei de a func\u021biona \u0219i alimenta clien\u021bii \u00een bune condi\u021bii.<\/p>\n<table width=\"100%\">\n<tbody>\n<tr>\n<td width=\"15%\"><strong>Ziua \/ Data<\/strong><\/td>\n<td>\n<table width=\"100%\">\n<tbody>\n<tr>\n<td><strong>Localitatea, strada afectata<\/strong><\/td>\n<td width=\"15%\"><strong>Orar<\/strong><\/td>\n<\/tr>\n<\/tbody>\n<\/table>\n<\/td>\n<\/tr>\n<tr>\n<td width=\"15%\"><strong>Vineri , 29 septembrie 2023<\/strong><\/td>\n<td>\n<table width=\"100%\">\n<tbody>\n<tr>\n<td><strong>Valea Dragului,<\/strong> str. Principala, Lautarilor, Rozelor, Zugravului, Sabarului, Toporasilor, LuncaArgesului, Dreptatii, Infundata, Stadionului, Adaracului, Bufetului si strazi adiacente.<\/td>\n<td width=\"15%\">09:00 &#8211; 17:00<\/td>\n<\/tr>\n<tr>\n<td><strong>Ghimpati,<\/strong> str Bucuresti -Alexandria<\/td>\n<td width=\"15%\">09:00 &#8211; 17:00<\/td>\n<\/tr>\n<tr>\n<td><strong>Oinacu,<\/strong> str.Centurii, Grand, DC94, Veteranilor, Vaporului, Calusarului<\/td>\n<td width=\"15%\">09:00 &#8211; 17:00<\/td>\n<\/tr>\n<\/tbody>\n<\/table>\n<\/td>\n<\/tr>\n<\/tbody>\n<\/table>\n","protected":false},"excerpt":{"rendered":"<p>E-Distribu\u0163ie Muntenia<\/p>\n","protected":false},"author":1,"featured_media":0,"comment_status":"open","ping_status":"open","sticky":false,"template":"","format":"standard","meta":{"footnotes":""},"categories":[6],"tags":[],"class_list":["post-100394","post","type-post","status-publish","format-standard","hentry","category-breaking-news"],"_links":{"self":[{"href":"https:\/\/www.giurgiuveanul.ro\/stiri\/wp-json\/wp\/v2\/posts\/100394","targetHints":{"allow":["GET"]}}],"collection":[{"href":"https:\/\/www.giurgiuveanul.ro\/stiri\/wp-json\/wp\/v2\/posts"}],"about":[{"href":"https:\/\/www.giurgiuveanul.ro\/stiri\/wp-json\/wp\/v2\/types\/post"}],"author":[{"embeddable":true,"href":"https:\/\/www.giurgiuveanul.ro\/stiri\/wp-json\/wp\/v2\/users\/1"}],"replies":[{"embeddable":true,"href":"https:\/\/www.giurgiuveanul.ro\/stiri\/wp-json\/wp\/v2\/comments?post=100394"}],"version-history":[{"count":0,"href":"https:\/\/www.giurgiuveanul.ro\/stiri\/wp-json\/wp\/v2\/posts\/100394\/revisions"}],"wp:attachment":[{"href":"https:\/\/www.giurgiuveanul.ro\/stiri\/wp-json\/wp\/v2\/media?parent=100394"}],"wp:term":[{"taxonomy":"category","embeddable":true,"href":"https:\/\/www.giurgiuveanul.ro\/stiri\/wp-json\/wp\/v2\/categories?post=100394"},{"taxonomy":"post_tag","embeddable":true,"href":"https:\/\/www.giurgiuveanul.ro\/stiri\/wp-json\/wp\/v2\/tags?post=100394"}],"curies":[{"name":"wp","href":"https:\/\/api.w.org\/{rel}","templated":true}]}}