{"id":100472,"date":"2023-10-03T17:59:36","date_gmt":"2023-10-03T14:59:36","guid":{"rendered":"https:\/\/www.giurgiuveanul.ro\/stiri\/?p=100472"},"modified":"2023-10-03T17:59:53","modified_gmt":"2023-10-03T14:59:53","slug":"un-giurgiuvean-si-a-pierdut-viata-intr-un-incendiu","status":"publish","type":"post","link":"https:\/\/www.giurgiuveanul.ro\/stiri\/un-giurgiuvean-si-a-pierdut-viata-intr-un-incendiu\/","title":{"rendered":"Un giurgiuvean \u015fi-a pierdut via\u0163a \u00eentr-un incendiu&#8230;"},"content":{"rendered":"<p style=\"text-align: justify;\"><strong><a href=\"https:\/\/www.giurgiuveanul.ro\/stiri\/wp-content\/uploads\/2023\/10\/mort-in-incendiu.jpeg\"><img loading=\"lazy\" decoding=\"async\" class=\"aligncenter wp-image-100473\" src=\"https:\/\/www.giurgiuveanul.ro\/stiri\/wp-content\/uploads\/2023\/10\/mort-in-incendiu-482x450.jpeg\" alt=\"\" width=\"568\" height=\"530\" srcset=\"https:\/\/www.giurgiuveanul.ro\/stiri\/wp-content\/uploads\/2023\/10\/mort-in-incendiu-482x450.jpeg 482w, https:\/\/www.giurgiuveanul.ro\/stiri\/wp-content\/uploads\/2023\/10\/mort-in-incendiu-250x233.jpeg 250w, https:\/\/www.giurgiuveanul.ro\/stiri\/wp-content\/uploads\/2023\/10\/mort-in-incendiu-768x717.jpeg 768w, https:\/\/www.giurgiuveanul.ro\/stiri\/wp-content\/uploads\/2023\/10\/mort-in-incendiu-400x373.jpeg 400w, https:\/\/www.giurgiuveanul.ro\/stiri\/wp-content\/uploads\/2023\/10\/mort-in-incendiu.jpeg 900w\" sizes=\"auto, (max-width: 568px) 100vw, 568px\" \/><\/a>Un b\u0103rbat, \u00een v\u00e2rst\u0103 de 57 de ani, \u0219i-a pierdut via\u021ba \u00eentr-un incendiu care i-a mistuit locuin\u021ba. Tragedia s-a produs, \u00een aceast\u0103 dup\u0103-amiaz\u0103, \u00een<!--more--> localitatea Comana.<\/strong><\/p>\n<p style=\"text-align: justify;\">Alarma a fost dat\u0103 de fratele proprietarului.<\/p>\n<p style=\"text-align: justify;\">La fa\u021ba locului s-au deplasat pompierii din cadrul Sta\u021biei Coliba\u0219i \u0219i Punctului de Lucru C\u0103lug\u0103reni, cu dou\u0103 autospeciale de stingere cu ap\u0103 \u0219i spum\u0103, dar \u0219i un echipaj apar\u021bin\u00e2nd Serviciului Jude\u021bean de Ambulan\u021b\u0103.<\/p>\n<p style=\"text-align: justify;\">B\u0103rbatul a fost g\u0103sit \u00een interiorul casei \u0219i, din nefericire, nu a mai putut fi salvat, fiind surprins sub buc\u0103\u021bile de tavan care s-au pr\u0103bu\u0219it \u00een urma incendiului.<\/p>\n<p style=\"text-align: justify;\">Cel mai probabil evenimentul a fost provocat de jarul c\u0103zut din soba cu plit\u0103, pe materialele combustibile din apropiere.<\/p>\n<p style=\"text-align: justify;\">Pentru a preveni astfel de incendii, trebuie respectate urm\u0103toarele m\u0103suri:<\/p>\n<p style=\"text-align: justify;\">&#8211; amplasa\u0163i, \u00een fa\u0163a sobelor \/ a centralelor cu lemne, o cutie metalic\u0103: aceasta va asigura protec\u0163ia fa\u0163\u0103 de c\u0103derea accidental\u0103, direct pe podea, a lemnelor aprinse sau a jarului, care ar putea incendia materialele combustibile din apropiere;<\/p>\n<p style=\"text-align: justify;\">&#8211; \u00een timpul func\u021bion\u0103rii, nu l\u0103sa\u021bi u\u0219a sobei sau a plitei deschis\u0103;<\/p>\n<p style=\"text-align: justify;\">&#8211; nu folosi\u0163i alte materiale combustibile \u00een afar\u0103 de cele pentru care a fost destinat\u0103 soba \u0219i evita\u0163i supra\u00eenc\u0103rcarea acesteia;<\/p>\n<p style=\"text-align: justify;\">&#8211; nu pune\u021bi materiale combustibile \u00een spa\u0163iile dintre sob\u0103 \u015fi perete;<\/p>\n<p style=\"text-align: justify;\">&#8211; nu a\u0219eza\u021bi patul l\u00e2ng\u0103 sob\u0103;<\/p>\n<p style=\"text-align: justify;\">&#8211; nu introduce\u021bi \u00een sob\u0103 lemne cu lungimea mai mare dec\u00e2t vatra focarului;<\/p>\n<p style=\"text-align: justify;\">&#8211; focul \u00een sobe nu trebuie l\u0103sat f\u0103r\u0103 supraveghere sau \u00een grija copiilor \u0219i trebuie stins \u00eenainte de a p\u0103r\u0103si locuin\u0163a;<\/p>\n<p style=\"text-align: justify;\">&#8211; nu adormi\u0163i niciodat\u0103 cu focul aprins \u00een sob\u0103;<\/p>\n<p style=\"text-align: justify;\">&#8211; depozita\u021bi cenu\u015fa \u015fi jarul provenite de la sobe \u00eentr-un loc special amenajat.<\/p>\n<p style=\"text-align: justify;\">\n","protected":false},"excerpt":{"rendered":"<p>Un b\u0103rbat, \u00een v\u00e2rst\u0103 de 57 de ani, \u0219i-a pierdut via\u021ba \u00eentr-un incendiu care i-a mistuit locuin\u021ba. Tragedia s-a produs, \u00een aceast\u0103 dup\u0103-amiaz\u0103, \u00een<\/p>\n","protected":false},"author":1,"featured_media":0,"comment_status":"open","ping_status":"open","sticky":false,"template":"","format":"standard","meta":{"footnotes":""},"categories":[6],"tags":[],"class_list":["post-100472","post","type-post","status-publish","format-standard","hentry","category-breaking-news"],"_links":{"self":[{"href":"https:\/\/www.giurgiuveanul.ro\/stiri\/wp-json\/wp\/v2\/posts\/100472","targetHints":{"allow":["GET"]}}],"collection":[{"href":"https:\/\/www.giurgiuveanul.ro\/stiri\/wp-json\/wp\/v2\/posts"}],"about":[{"href":"https:\/\/www.giurgiuveanul.ro\/stiri\/wp-json\/wp\/v2\/types\/post"}],"author":[{"embeddable":true,"href":"https:\/\/www.giurgiuveanul.ro\/stiri\/wp-json\/wp\/v2\/users\/1"}],"replies":[{"embeddable":true,"href":"https:\/\/www.giurgiuveanul.ro\/stiri\/wp-json\/wp\/v2\/comments?post=100472"}],"version-history":[{"count":0,"href":"https:\/\/www.giurgiuveanul.ro\/stiri\/wp-json\/wp\/v2\/posts\/100472\/revisions"}],"wp:attachment":[{"href":"https:\/\/www.giurgiuveanul.ro\/stiri\/wp-json\/wp\/v2\/media?parent=100472"}],"wp:term":[{"taxonomy":"category","embeddable":true,"href":"https:\/\/www.giurgiuveanul.ro\/stiri\/wp-json\/wp\/v2\/categories?post=100472"},{"taxonomy":"post_tag","embeddable":true,"href":"https:\/\/www.giurgiuveanul.ro\/stiri\/wp-json\/wp\/v2\/tags?post=100472"}],"curies":[{"name":"wp","href":"https:\/\/api.w.org\/{rel}","templated":true}]}}