{"id":100482,"date":"2023-10-04T10:09:07","date_gmt":"2023-10-04T07:09:07","guid":{"rendered":"https:\/\/www.giurgiuveanul.ro\/stiri\/?p=100482"},"modified":"2023-10-04T11:42:52","modified_gmt":"2023-10-04T08:42:52","slug":"in-aceasta-dimineata-accident-rutier-pe-bulevardul-cfr-in-municipiul-giurgiu","status":"publish","type":"post","link":"https:\/\/www.giurgiuveanul.ro\/stiri\/in-aceasta-dimineata-accident-rutier-pe-bulevardul-cfr-in-municipiul-giurgiu\/","title":{"rendered":"\u00cen aceast\u0103 diminea\u0163\u0103, ACCIDENT RUTIER pe bulevardul 1907, \u00een municipiul Giurgiu"},"content":{"rendered":"<p style=\"text-align: justify;\"><strong><a href=\"https:\/\/www.giurgiuveanul.ro\/stiri\/wp-content\/uploads\/2023\/10\/IMG_9233-2-scaled.jpg\"><img loading=\"lazy\" decoding=\"async\" class=\"aligncenter wp-image-100483\" src=\"https:\/\/www.giurgiuveanul.ro\/stiri\/wp-content\/uploads\/2023\/10\/IMG_9233-2-560x395.jpg\" alt=\"\" width=\"573\" height=\"404\" srcset=\"https:\/\/www.giurgiuveanul.ro\/stiri\/wp-content\/uploads\/2023\/10\/IMG_9233-2-560x395.jpg 560w, https:\/\/www.giurgiuveanul.ro\/stiri\/wp-content\/uploads\/2023\/10\/IMG_9233-2-250x177.jpg 250w, https:\/\/www.giurgiuveanul.ro\/stiri\/wp-content\/uploads\/2023\/10\/IMG_9233-2-768x542.jpg 768w, https:\/\/www.giurgiuveanul.ro\/stiri\/wp-content\/uploads\/2023\/10\/IMG_9233-2-1536x1084.jpg 1536w, https:\/\/www.giurgiuveanul.ro\/stiri\/wp-content\/uploads\/2023\/10\/IMG_9233-2-2048x1446.jpg 2048w, https:\/\/www.giurgiuveanul.ro\/stiri\/wp-content\/uploads\/2023\/10\/IMG_9233-2-400x282.jpg 400w\" sizes=\"auto, (max-width: 573px) 100vw, 573px\" \/><\/a>Ast\u0103zi, 4 octombrie a.c., la ora 6.10, pe bulevardul 1907, din municipiul Giurgiu<!--more--> a avut loc un eveniment rutier \u00een care au fost implicate dou\u0103 autovehicule, informeaz\u0103 IPJ Giurgiu.<\/strong><\/p>\n<p style=\"text-align: justify;\">Din primele verific\u0103ri efectuate, poli\u021bi\u0219tii au constatat faptul c\u0103, un b\u0103rbat, de 59 de ani, din localitatea Bragadiru, jude\u021bul Ilfov, \u00een timp ce conducea o autoutilitar\u0103, ar fi intrat \u00een coliziune cu un autoturism, condus de c\u0103tre un b\u0103rbat, de 55 de ani, din municipiul Giurgiu.<\/p>\n<p style=\"text-align: justify;\"><em>\u201eAmbii conduc\u0103tori auto au fost testa\u021bi cu aparatul etilotest, rezultatele fiind 0. \u00cen cauz\u0103, se efectueaz\u0103 cercet\u0103ri sub aspectul s\u0103v\u00e2r\u0219irii infrac\u021biunii de v\u0103t\u0103mare corporal\u0103 din culp\u0103\u201d,<\/em> a precizat, pentru \u201eGiurgiuveanul\u201d, <strong>agent de poli\u0163ie Corina Cioplea<\/strong>, purt\u0103tor de cuv\u00e2nt al IPJ Giurgiu.<\/p>\n","protected":false},"excerpt":{"rendered":"<p>Ast\u0103zi, 4 octombrie a.c., la ora 6.10, pe bulevardul 1907, din municipiul Giurgiu<\/p>\n","protected":false},"author":1,"featured_media":0,"comment_status":"open","ping_status":"open","sticky":false,"template":"","format":"standard","meta":{"footnotes":""},"categories":[6],"tags":[],"class_list":["post-100482","post","type-post","status-publish","format-standard","hentry","category-breaking-news"],"_links":{"self":[{"href":"https:\/\/www.giurgiuveanul.ro\/stiri\/wp-json\/wp\/v2\/posts\/100482","targetHints":{"allow":["GET"]}}],"collection":[{"href":"https:\/\/www.giurgiuveanul.ro\/stiri\/wp-json\/wp\/v2\/posts"}],"about":[{"href":"https:\/\/www.giurgiuveanul.ro\/stiri\/wp-json\/wp\/v2\/types\/post"}],"author":[{"embeddable":true,"href":"https:\/\/www.giurgiuveanul.ro\/stiri\/wp-json\/wp\/v2\/users\/1"}],"replies":[{"embeddable":true,"href":"https:\/\/www.giurgiuveanul.ro\/stiri\/wp-json\/wp\/v2\/comments?post=100482"}],"version-history":[{"count":0,"href":"https:\/\/www.giurgiuveanul.ro\/stiri\/wp-json\/wp\/v2\/posts\/100482\/revisions"}],"wp:attachment":[{"href":"https:\/\/www.giurgiuveanul.ro\/stiri\/wp-json\/wp\/v2\/media?parent=100482"}],"wp:term":[{"taxonomy":"category","embeddable":true,"href":"https:\/\/www.giurgiuveanul.ro\/stiri\/wp-json\/wp\/v2\/categories?post=100482"},{"taxonomy":"post_tag","embeddable":true,"href":"https:\/\/www.giurgiuveanul.ro\/stiri\/wp-json\/wp\/v2\/tags?post=100482"}],"curies":[{"name":"wp","href":"https:\/\/api.w.org\/{rel}","templated":true}]}}