{"id":100513,"date":"2023-10-05T17:15:45","date_gmt":"2023-10-05T14:15:45","guid":{"rendered":"https:\/\/www.giurgiuveanul.ro\/stiri\/?p=100513"},"modified":"2023-10-05T17:18:15","modified_gmt":"2023-10-05T14:18:15","slug":"ziua-internationala-a-educatiei-sarbatorita-de-elevi-si-cadre-didactice-de-la-colegiul-national-ion-maiorescu-printr-o-serie-de-activitati-deosebite","status":"publish","type":"post","link":"https:\/\/www.giurgiuveanul.ro\/stiri\/ziua-internationala-a-educatiei-sarbatorita-de-elevi-si-cadre-didactice-de-la-colegiul-national-ion-maiorescu-printr-o-serie-de-activitati-deosebite\/","title":{"rendered":"Ziua Interna\u021bional\u0103 a Educa\u021biei, s\u0103rb\u0103torit\u0103 de elevi \u0219i cadre didactice de la Colegiul Na\u021bional \u201eIon Maiorescu\u201d printr-o serie de activit\u0103\u021bi deosebite"},"content":{"rendered":"<p style=\"text-align: justify;\"><strong><a href=\"https:\/\/www.giurgiuveanul.ro\/stiri\/wp-content\/uploads\/2023\/10\/1.jpeg\"><img loading=\"lazy\" decoding=\"async\" class=\"aligncenter wp-image-100514\" src=\"https:\/\/www.giurgiuveanul.ro\/stiri\/wp-content\/uploads\/2023\/10\/1-560x349.jpeg\" alt=\"\" width=\"571\" height=\"356\" srcset=\"https:\/\/www.giurgiuveanul.ro\/stiri\/wp-content\/uploads\/2023\/10\/1-560x349.jpeg 560w, https:\/\/www.giurgiuveanul.ro\/stiri\/wp-content\/uploads\/2023\/10\/1-250x156.jpeg 250w, https:\/\/www.giurgiuveanul.ro\/stiri\/wp-content\/uploads\/2023\/10\/1-768x479.jpeg 768w, https:\/\/www.giurgiuveanul.ro\/stiri\/wp-content\/uploads\/2023\/10\/1-1536x957.jpeg 1536w, https:\/\/www.giurgiuveanul.ro\/stiri\/wp-content\/uploads\/2023\/10\/1-400x249.jpeg 400w, https:\/\/www.giurgiuveanul.ro\/stiri\/wp-content\/uploads\/2023\/10\/1.jpeg 1600w\" sizes=\"auto, (max-width: 571px) 100vw, 571px\" \/><\/a>Ast\u0103zi, 5 octombrie, elevi \u0219i cadre didactice de la Colegiul Na\u021bional \u201eIon Maiorescu\u201d au<!--more--> s\u0103rb\u0103torit\u00a0 Ziua Interna\u021bional\u0103\u00a0 a Educa\u021biei printr-o serie de activit\u0103\u021bi deosebite.<\/strong><\/p>\n<p style=\"text-align: justify;\">Au \u00eenceput cu o vizita la <strong>Catedrala M\u00e2ntuirii\u00a0 Neamului<\/strong>, unde au vizitat <strong>Paraclisul Catedrale<\/strong>i \u0219i s-au \u00eenchinat la racla cu cinstitele moa\u0219te ale Sf\u00e2ntului Ioan Gur\u0103 de Aur, dup\u0103 care au vizitat \u0219i \u0219antierul Catedralei Na\u021bionale.<\/p>\n<p><a href=\"https:\/\/www.giurgiuveanul.ro\/stiri\/wp-content\/uploads\/2023\/10\/2.jpeg\"><img loading=\"lazy\" decoding=\"async\" class=\"aligncenter wp-image-100516\" src=\"https:\/\/www.giurgiuveanul.ro\/stiri\/wp-content\/uploads\/2023\/10\/2-560x405.jpeg\" alt=\"\" width=\"571\" height=\"413\" srcset=\"https:\/\/www.giurgiuveanul.ro\/stiri\/wp-content\/uploads\/2023\/10\/2-560x405.jpeg 560w, https:\/\/www.giurgiuveanul.ro\/stiri\/wp-content\/uploads\/2023\/10\/2-250x181.jpeg 250w, https:\/\/www.giurgiuveanul.ro\/stiri\/wp-content\/uploads\/2023\/10\/2-768x555.jpeg 768w, https:\/\/www.giurgiuveanul.ro\/stiri\/wp-content\/uploads\/2023\/10\/2-1536x1111.jpeg 1536w, https:\/\/www.giurgiuveanul.ro\/stiri\/wp-content\/uploads\/2023\/10\/2-400x289.jpeg 400w, https:\/\/www.giurgiuveanul.ro\/stiri\/wp-content\/uploads\/2023\/10\/2.jpeg 1600w\" sizes=\"auto, (max-width: 571px) 100vw, 571px\" \/><\/a> <a href=\"https:\/\/www.giurgiuveanul.ro\/stiri\/wp-content\/uploads\/2023\/10\/3-1.jpg\"><img loading=\"lazy\" decoding=\"async\" class=\"aligncenter wp-image-100517\" src=\"https:\/\/www.giurgiuveanul.ro\/stiri\/wp-content\/uploads\/2023\/10\/3-1-560x328.jpg\" alt=\"\" width=\"570\" height=\"334\" srcset=\"https:\/\/www.giurgiuveanul.ro\/stiri\/wp-content\/uploads\/2023\/10\/3-1-560x328.jpg 560w, https:\/\/www.giurgiuveanul.ro\/stiri\/wp-content\/uploads\/2023\/10\/3-1-250x147.jpg 250w, https:\/\/www.giurgiuveanul.ro\/stiri\/wp-content\/uploads\/2023\/10\/3-1-768x450.jpg 768w, https:\/\/www.giurgiuveanul.ro\/stiri\/wp-content\/uploads\/2023\/10\/3-1-1536x901.jpg 1536w, https:\/\/www.giurgiuveanul.ro\/stiri\/wp-content\/uploads\/2023\/10\/3-1-400x235.jpg 400w, https:\/\/www.giurgiuveanul.ro\/stiri\/wp-content\/uploads\/2023\/10\/3-1.jpg 2000w\" sizes=\"auto, (max-width: 570px) 100vw, 570px\" \/><\/a><\/p>\n<p style=\"text-align: justify;\">Apoi, elevii au participat la o lec\u021bie de democra\u021bie, la <strong>Palatul Parlamentului,<\/strong> unde au fost \u00eent\u00e2mpina\u021bi\u00a0 de parlamentari din jude\u021bul Giurgiu.<\/p>\n<p><a href=\"https:\/\/www.giurgiuveanul.ro\/stiri\/wp-content\/uploads\/2023\/10\/4.jpeg\"><img loading=\"lazy\" decoding=\"async\" class=\"aligncenter wp-image-100518\" src=\"https:\/\/www.giurgiuveanul.ro\/stiri\/wp-content\/uploads\/2023\/10\/4-364x450.jpeg\" alt=\"\" width=\"565\" height=\"698\" srcset=\"https:\/\/www.giurgiuveanul.ro\/stiri\/wp-content\/uploads\/2023\/10\/4-364x450.jpeg 364w, https:\/\/www.giurgiuveanul.ro\/stiri\/wp-content\/uploads\/2023\/10\/4-243x300.jpeg 243w, https:\/\/www.giurgiuveanul.ro\/stiri\/wp-content\/uploads\/2023\/10\/4-768x950.jpeg 768w, https:\/\/www.giurgiuveanul.ro\/stiri\/wp-content\/uploads\/2023\/10\/4-1242x1536.jpeg 1242w, https:\/\/www.giurgiuveanul.ro\/stiri\/wp-content\/uploads\/2023\/10\/4-400x495.jpeg 400w, https:\/\/www.giurgiuveanul.ro\/stiri\/wp-content\/uploads\/2023\/10\/4.jpeg 1536w\" sizes=\"auto, (max-width: 565px) 100vw, 565px\" \/><\/a><\/p>\n<p style=\"text-align: justify;\">Ace\u0219tia le-au vorbit elevilor despre modul de func\u021bionare a celor doua camere ale Parlamentului \u0219i au r\u0103spuns \u00eentreb\u0103rilor acestora.<\/p>\n<p><a href=\"https:\/\/www.giurgiuveanul.ro\/stiri\/wp-content\/uploads\/2023\/10\/5.jpeg\"><img loading=\"lazy\" decoding=\"async\" class=\"aligncenter wp-image-100520\" src=\"https:\/\/www.giurgiuveanul.ro\/stiri\/wp-content\/uploads\/2023\/10\/5-560x420.jpeg\" alt=\"\" width=\"565\" height=\"424\" srcset=\"https:\/\/www.giurgiuveanul.ro\/stiri\/wp-content\/uploads\/2023\/10\/5-560x420.jpeg 560w, https:\/\/www.giurgiuveanul.ro\/stiri\/wp-content\/uploads\/2023\/10\/5-250x188.jpeg 250w, https:\/\/www.giurgiuveanul.ro\/stiri\/wp-content\/uploads\/2023\/10\/5-768x576.jpeg 768w, https:\/\/www.giurgiuveanul.ro\/stiri\/wp-content\/uploads\/2023\/10\/5-1536x1152.jpeg 1536w, https:\/\/www.giurgiuveanul.ro\/stiri\/wp-content\/uploads\/2023\/10\/5-400x300.jpeg 400w, https:\/\/www.giurgiuveanul.ro\/stiri\/wp-content\/uploads\/2023\/10\/5.jpeg 1600w\" sizes=\"auto, (max-width: 565px) 100vw, 565px\" \/><\/a> <a href=\"https:\/\/www.giurgiuveanul.ro\/stiri\/wp-content\/uploads\/2023\/10\/6.jpeg\"><img loading=\"lazy\" decoding=\"async\" class=\"aligncenter wp-image-100521\" src=\"https:\/\/www.giurgiuveanul.ro\/stiri\/wp-content\/uploads\/2023\/10\/6-560x420.jpeg\" alt=\"\" width=\"564\" height=\"423\" srcset=\"https:\/\/www.giurgiuveanul.ro\/stiri\/wp-content\/uploads\/2023\/10\/6-560x420.jpeg 560w, https:\/\/www.giurgiuveanul.ro\/stiri\/wp-content\/uploads\/2023\/10\/6-250x188.jpeg 250w, https:\/\/www.giurgiuveanul.ro\/stiri\/wp-content\/uploads\/2023\/10\/6-768x576.jpeg 768w, https:\/\/www.giurgiuveanul.ro\/stiri\/wp-content\/uploads\/2023\/10\/6-1536x1152.jpeg 1536w, https:\/\/www.giurgiuveanul.ro\/stiri\/wp-content\/uploads\/2023\/10\/6-400x300.jpeg 400w, https:\/\/www.giurgiuveanul.ro\/stiri\/wp-content\/uploads\/2023\/10\/6.jpeg 1600w\" sizes=\"auto, (max-width: 564px) 100vw, 564px\" \/><\/a><\/p>\n<p style=\"text-align: justify;\">Urm\u0103toarea oprire a fost la <strong>Muzeul de art\u0103 imersiv\u0103 MINA<\/strong> unde tinerii au descoperit o lume virtuala a picturii moderne reprezentat\u0103 de Gustav Klint.<\/p>\n<p style=\"text-align: justify;\">Activit\u0103\u021bile educative \u0219i relaxante le-au f\u0103cut ziua frumoasa elevilor Colegiului.<\/p>\n","protected":false},"excerpt":{"rendered":"<p>Ast\u0103zi, 5 octombrie, elevi \u0219i cadre didactice de la Colegiul Na\u021bional \u201eIon Maiorescu\u201d au<\/p>\n","protected":false},"author":1,"featured_media":0,"comment_status":"open","ping_status":"open","sticky":false,"template":"","format":"standard","meta":{"footnotes":""},"categories":[6],"tags":[],"class_list":["post-100513","post","type-post","status-publish","format-standard","hentry","category-breaking-news"],"_links":{"self":[{"href":"https:\/\/www.giurgiuveanul.ro\/stiri\/wp-json\/wp\/v2\/posts\/100513","targetHints":{"allow":["GET"]}}],"collection":[{"href":"https:\/\/www.giurgiuveanul.ro\/stiri\/wp-json\/wp\/v2\/posts"}],"about":[{"href":"https:\/\/www.giurgiuveanul.ro\/stiri\/wp-json\/wp\/v2\/types\/post"}],"author":[{"embeddable":true,"href":"https:\/\/www.giurgiuveanul.ro\/stiri\/wp-json\/wp\/v2\/users\/1"}],"replies":[{"embeddable":true,"href":"https:\/\/www.giurgiuveanul.ro\/stiri\/wp-json\/wp\/v2\/comments?post=100513"}],"version-history":[{"count":0,"href":"https:\/\/www.giurgiuveanul.ro\/stiri\/wp-json\/wp\/v2\/posts\/100513\/revisions"}],"wp:attachment":[{"href":"https:\/\/www.giurgiuveanul.ro\/stiri\/wp-json\/wp\/v2\/media?parent=100513"}],"wp:term":[{"taxonomy":"category","embeddable":true,"href":"https:\/\/www.giurgiuveanul.ro\/stiri\/wp-json\/wp\/v2\/categories?post=100513"},{"taxonomy":"post_tag","embeddable":true,"href":"https:\/\/www.giurgiuveanul.ro\/stiri\/wp-json\/wp\/v2\/tags?post=100513"}],"curies":[{"name":"wp","href":"https:\/\/api.w.org\/{rel}","templated":true}]}}