{"id":100524,"date":"2023-10-05T17:51:55","date_gmt":"2023-10-05T14:51:55","guid":{"rendered":"https:\/\/www.giurgiuveanul.ro\/stiri\/?p=100524"},"modified":"2023-10-06T08:43:00","modified_gmt":"2023-10-06T05:43:00","slug":"intru-multi-ani-preasfintite-parinte-23-de-ani-de-la-alegerea-ca-episcop-a-preasfintitului-parinte-dr-ambrozie","status":"publish","type":"post","link":"https:\/\/www.giurgiuveanul.ro\/stiri\/intru-multi-ani-preasfintite-parinte-23-de-ani-de-la-alegerea-ca-episcop-a-preasfintitului-parinte-dr-ambrozie\/","title":{"rendered":"\u00centru Multi Ani, Preasfin\u021bite P\u0103rinte! 23 de ani de la alegerea ca Episcop a Preasfin\u021bitului P\u0103rinte Dr. Ambrozie"},"content":{"rendered":"<p style=\"text-align: justify;\"><strong><em><a href=\"https:\/\/www.giurgiuveanul.ro\/stiri\/wp-content\/uploads\/2023\/10\/PS-AMBROZIE.jpg\"><img loading=\"lazy\" decoding=\"async\" class=\"aligncenter wp-image-100525\" src=\"https:\/\/www.giurgiuveanul.ro\/stiri\/wp-content\/uploads\/2023\/10\/PS-AMBROZIE-560x405.jpg\" alt=\"\" width=\"575\" height=\"416\" srcset=\"https:\/\/www.giurgiuveanul.ro\/stiri\/wp-content\/uploads\/2023\/10\/PS-AMBROZIE-560x405.jpg 560w, https:\/\/www.giurgiuveanul.ro\/stiri\/wp-content\/uploads\/2023\/10\/PS-AMBROZIE-250x181.jpg 250w, https:\/\/www.giurgiuveanul.ro\/stiri\/wp-content\/uploads\/2023\/10\/PS-AMBROZIE-768x556.jpg 768w, https:\/\/www.giurgiuveanul.ro\/stiri\/wp-content\/uploads\/2023\/10\/PS-AMBROZIE-1536x1111.jpg 1536w, https:\/\/www.giurgiuveanul.ro\/stiri\/wp-content\/uploads\/2023\/10\/PS-AMBROZIE-400x289.jpg 400w, https:\/\/www.giurgiuveanul.ro\/stiri\/wp-content\/uploads\/2023\/10\/PS-AMBROZIE.jpg 1642w\" sizes=\"auto, (max-width: 575px) 100vw, 575px\" \/><\/a>\u201cFr\u0103\u0163ia ta preg\u0103te\u015fte-te \u00een a\u015fa fel ca Dumnezeu s\u0103 poat\u0103<!--more--> lucra cu fr\u0103\u0163ia ta acolo unde vrea El \u015fi unde \u015ftie El c\u0103 trebuie s\u0103 fii de folos.\u201d Pr. Teofil P\u0103r\u0103ian din volumul \u201cVeni\u021bi de lua\u021bi bucurie\u201d.<\/em><\/strong><\/p>\n<p style=\"text-align: justify;\">S-au \u00eemplinit 23 de ani de c\u00e2nd, la propunerea vrednicului de pomenire Patriarh Teoctist \u0219i cu alegerea Sf\u00e2ntului Sinod al Bisericii Ortodoxe Rom\u00e2ne, Preasfin\u021bitul P\u0103rinte Ambrozie a fost ales Episcop Vicar Patriarhal cu titulatura \u201cSinaitul\u201d.<\/p>\n<p style=\"text-align: justify;\">Sunt 23 de ani de slujire neobosit\u0103 a Arhiereului Ve\u0219nic Hristos \u0219i a Bisericii pe care El a \u00eentemeiat-o ca loc m\u00e2ntuire a sufletelor ce t\u00e2njesc dup\u0103 apa cea vie.<\/p>\n<p style=\"text-align: justify;\">Dumnezeu ni l-a h\u0103r\u0103zit nou\u0103 ca P\u0103stor \u0219i P\u0103rinte \u0219i cu adev\u0103rat iubirea lui Hristos se vede \u00een lucrarea \u0219i h\u0103rnicia cu care a \u00eentemeiat \u0219i sporit material \u0219i spiritual o Eparhie aflat\u0103 \u00eentr-o margine de \u021bar\u0103, cu oameni care aveau nevoie de \u00eendrumare \u0219i m\u00e2ng\u00e2iere duhovniceasc\u0103.<\/p>\n<p style=\"text-align: justify;\">M\u00e2n\u0103stirile nou \u00eenfiin\u021bate sau recl\u0103dite, bisericile de enorie, a\u0219ez\u0103mintele sociale, centrele culturale \u0219i pastorale, cabinetele de asisten\u021b\u0103 medical\u0103 dar \u0219i numeroasele activit\u0103\u021bi desf\u0103\u0219urate \u00een tot acest r\u0103stimp sunt ctitorii ce vor d\u0103inui \u0219i vor m\u0103rturisii tuturor genera\u021biilor ce vor urma despre vrednicia Ierarhului nostru.<\/p>\n<p style=\"text-align: justify;\">Cei care i-au stat al\u0103turi \u0219tiu c\u0103 nu a fost \u0219i nu este un drum u\u0219or ba dimpotriv\u0103, c\u0103 tot ceea ce s-a cl\u0103dit a necesitat efort, implicare \u0219i d\u0103ruire dincolo de timp \u0219i dincolo de confortul pe care oamenii obi\u0219nui\u021bi \u0219i-l doresc sau la care aspir\u0103. Bucuriile \u00eens\u0103 au fost pe m\u0103sura jertfei. Nimic din toate acestea \u00eens\u0103, n-ar fi fost posibile f\u0103r\u0103 binecuv\u00e2ntarea lui Dumnezeu, f\u0103r\u0103 rug\u0103ciunile ne\u00eencetate ale clericilor dar mai ales f\u0103r\u0103 sprijinul, ajutorul \u0219i continua sus\u021binere a credincio\u0219ilor care au format \u00een jurul Preasfin\u021biei Sale o mare familie. Da, azi, dup\u0103 at\u00e2ta vreme Eparhia Giurgiului este casa noastr\u0103, cas\u0103 ce spore\u0219te spre slava lui Dumnezeu \u0219i cinstea Bisericii Sale cu flori duhovnice\u0219ti menite s\u0103 aline \u0219i s\u0103 adape pe to\u021bi cei ce caut\u0103 \u201dAdev\u0103rul\u201d.<\/p>\n<p style=\"text-align: justify;\">Cea mai recent\u0103 ctitorie este M\u00e2n\u0103stirea nou \u00eenfiin\u021bat\u0103 \u00een localitatea Bolintin Vale ce poart\u0103 hramul \u201dAcoper\u0103m\u00e2ntul Maicii Domnului\u201d care prin dania f\u0103cut\u0103 de ctitorii Ion si Mariana Ro\u0219u este incep\u00e2nd cu 1 Octombrie 2023 cel mai nou loc de \u00eenchinare al Episcopiei noastre.<\/p>\n<p style=\"text-align: justify;\">La acest ceas aniversar ur\u0103m Preasfin\u021biei Sale ani lungi de p\u0103storire binecuv\u00e2ntat\u0103, s\u0103n\u0103tate, putere \u0219i cuv\u00e2nt cu putere mult\u0103 spre m\u00e2ntuirea noastr\u0103 a celor a\u0219eza\u021bi sub omoforul s\u0103u.<\/p>\n<p style=\"text-align: justify;\"><em>\u00centru multi ani, Preasfin\u021bite P\u0103rinte!<\/em><\/p>\n","protected":false},"excerpt":{"rendered":"<p>\u201cFr\u0103\u0163ia ta preg\u0103te\u015fte-te \u00een a\u015fa fel ca Dumnezeu s\u0103 poat\u0103<\/p>\n","protected":false},"author":1,"featured_media":0,"comment_status":"open","ping_status":"open","sticky":false,"template":"","format":"standard","meta":{"footnotes":""},"categories":[6],"tags":[],"class_list":["post-100524","post","type-post","status-publish","format-standard","hentry","category-breaking-news"],"_links":{"self":[{"href":"https:\/\/www.giurgiuveanul.ro\/stiri\/wp-json\/wp\/v2\/posts\/100524","targetHints":{"allow":["GET"]}}],"collection":[{"href":"https:\/\/www.giurgiuveanul.ro\/stiri\/wp-json\/wp\/v2\/posts"}],"about":[{"href":"https:\/\/www.giurgiuveanul.ro\/stiri\/wp-json\/wp\/v2\/types\/post"}],"author":[{"embeddable":true,"href":"https:\/\/www.giurgiuveanul.ro\/stiri\/wp-json\/wp\/v2\/users\/1"}],"replies":[{"embeddable":true,"href":"https:\/\/www.giurgiuveanul.ro\/stiri\/wp-json\/wp\/v2\/comments?post=100524"}],"version-history":[{"count":0,"href":"https:\/\/www.giurgiuveanul.ro\/stiri\/wp-json\/wp\/v2\/posts\/100524\/revisions"}],"wp:attachment":[{"href":"https:\/\/www.giurgiuveanul.ro\/stiri\/wp-json\/wp\/v2\/media?parent=100524"}],"wp:term":[{"taxonomy":"category","embeddable":true,"href":"https:\/\/www.giurgiuveanul.ro\/stiri\/wp-json\/wp\/v2\/categories?post=100524"},{"taxonomy":"post_tag","embeddable":true,"href":"https:\/\/www.giurgiuveanul.ro\/stiri\/wp-json\/wp\/v2\/tags?post=100524"}],"curies":[{"name":"wp","href":"https:\/\/api.w.org\/{rel}","templated":true}]}}