{"id":100528,"date":"2023-10-05T18:12:09","date_gmt":"2023-10-05T15:12:09","guid":{"rendered":"https:\/\/www.giurgiuveanul.ro\/stiri\/?p=100528"},"modified":"2023-10-05T18:12:40","modified_gmt":"2023-10-05T15:12:40","slug":"eveniment-rutier-pe-bulevardul-bucuresti-in-aceasta-dupa-amiaza","status":"publish","type":"post","link":"https:\/\/www.giurgiuveanul.ro\/stiri\/eveniment-rutier-pe-bulevardul-bucuresti-in-aceasta-dupa-amiaza\/","title":{"rendered":"EVENIMENT RUTIER pe bulevardul Bucure\u015fti, \u00een aceast\u0103 dup\u0103-amiaz\u0103"},"content":{"rendered":"<p style=\"text-align: justify;\"><a href=\"https:\/\/www.giurgiuveanul.ro\/stiri\/wp-content\/uploads\/2023\/10\/000-accident.jpg\"><img loading=\"lazy\" decoding=\"async\" class=\"aligncenter wp-image-100529\" src=\"https:\/\/www.giurgiuveanul.ro\/stiri\/wp-content\/uploads\/2023\/10\/000-accident-560x381.jpg\" alt=\"\" width=\"570\" height=\"388\" srcset=\"https:\/\/www.giurgiuveanul.ro\/stiri\/wp-content\/uploads\/2023\/10\/000-accident-560x381.jpg 560w, https:\/\/www.giurgiuveanul.ro\/stiri\/wp-content\/uploads\/2023\/10\/000-accident-250x170.jpg 250w, https:\/\/www.giurgiuveanul.ro\/stiri\/wp-content\/uploads\/2023\/10\/000-accident-768x522.jpg 768w, https:\/\/www.giurgiuveanul.ro\/stiri\/wp-content\/uploads\/2023\/10\/000-accident-1536x1044.jpg 1536w, https:\/\/www.giurgiuveanul.ro\/stiri\/wp-content\/uploads\/2023\/10\/000-accident-400x272.jpg 400w, https:\/\/www.giurgiuveanul.ro\/stiri\/wp-content\/uploads\/2023\/10\/000-accident.jpg 2000w\" sizes=\"auto, (max-width: 570px) 100vw, 570px\" \/><\/a>La data de 5 octombrie a.c., ora<!--more--> 15.45, poli\u021bi\u0219tii giurgiuveni au fost sesiza\u021bi, cu privire la faptul c\u0103, pe bulevardul Bucure\u0219ti, din municipiul Giurgiu a avut loc un eveniment rutier, potrivit IPJ Giurgiu<\/p>\n<p style=\"text-align: justify;\">Din primele verific\u0103ri efectuate, poli\u021bi\u0219tii au constatat faptul c\u0103, un b\u0103rbat, de 33 ani, din localitatea St\u0103ne\u0219ti, jude\u021bul Giurgiu, \u00een timp ce conducea un motociclu, ar fi pierdut controlul asupra direc\u021biei de deplasare, p\u0103r\u0103sind partea carosabil\u0103.<\/p>\n<p style=\"text-align: justify;\"><em>\u201e\u00cen urma evenimentului rutier, a rezultat r\u0103nirea b\u0103rbatului, fiind transportat la spital pentru acordarea de \u00eengrijiri medicale. \u00cen cauz\u0103, se efectueaz\u0103 cercet\u0103ri sub aspectul s\u0103v\u00e2r\u0219irii infrac\u021biunii de v\u0103t\u0103mare corporal\u0103 din culp\u0103\u201d<\/em>, a declarat <strong>agent principal de poli\u0163ie Corina Cioplea<\/strong>, purt\u0103tor de cuv\u00e2nt al IPJ Giurgiu.<\/p>\n","protected":false},"excerpt":{"rendered":"<p>La data de 5 octombrie a.c., ora<\/p>\n","protected":false},"author":1,"featured_media":0,"comment_status":"open","ping_status":"open","sticky":false,"template":"","format":"standard","meta":{"footnotes":""},"categories":[6],"tags":[],"class_list":["post-100528","post","type-post","status-publish","format-standard","hentry","category-breaking-news"],"_links":{"self":[{"href":"https:\/\/www.giurgiuveanul.ro\/stiri\/wp-json\/wp\/v2\/posts\/100528","targetHints":{"allow":["GET"]}}],"collection":[{"href":"https:\/\/www.giurgiuveanul.ro\/stiri\/wp-json\/wp\/v2\/posts"}],"about":[{"href":"https:\/\/www.giurgiuveanul.ro\/stiri\/wp-json\/wp\/v2\/types\/post"}],"author":[{"embeddable":true,"href":"https:\/\/www.giurgiuveanul.ro\/stiri\/wp-json\/wp\/v2\/users\/1"}],"replies":[{"embeddable":true,"href":"https:\/\/www.giurgiuveanul.ro\/stiri\/wp-json\/wp\/v2\/comments?post=100528"}],"version-history":[{"count":0,"href":"https:\/\/www.giurgiuveanul.ro\/stiri\/wp-json\/wp\/v2\/posts\/100528\/revisions"}],"wp:attachment":[{"href":"https:\/\/www.giurgiuveanul.ro\/stiri\/wp-json\/wp\/v2\/media?parent=100528"}],"wp:term":[{"taxonomy":"category","embeddable":true,"href":"https:\/\/www.giurgiuveanul.ro\/stiri\/wp-json\/wp\/v2\/categories?post=100528"},{"taxonomy":"post_tag","embeddable":true,"href":"https:\/\/www.giurgiuveanul.ro\/stiri\/wp-json\/wp\/v2\/tags?post=100528"}],"curies":[{"name":"wp","href":"https:\/\/api.w.org\/{rel}","templated":true}]}}