{"id":100543,"date":"2023-10-08T11:36:41","date_gmt":"2023-10-08T08:36:41","guid":{"rendered":"https:\/\/www.giurgiuveanul.ro\/stiri\/?p=100543"},"modified":"2023-10-08T11:36:57","modified_gmt":"2023-10-08T08:36:57","slug":"pana-la-ora-2300-judetul-giurgiu-atentionare-meteorologica-tip-cod-galben-de-intensificari-ale-vantului","status":"publish","type":"post","link":"https:\/\/www.giurgiuveanul.ro\/stiri\/pana-la-ora-2300-judetul-giurgiu-atentionare-meteorologica-tip-cod-galben-de-intensificari-ale-vantului\/","title":{"rendered":"P\u00e2n\u0103 la ora 23:00, jude\u021bul Giurgiu, aten\u021bionare meteorologic\u0103 tip Cod Galben de intensific\u0103ri ale v\u00e2ntului"},"content":{"rendered":"<p style=\"text-align: justify;\"><strong><a href=\"https:\/\/www.giurgiuveanul.ro\/stiri\/wp-content\/uploads\/2023\/10\/000-cod-galben.jpg\"><img loading=\"lazy\" decoding=\"async\" class=\"aligncenter wp-image-100544\" src=\"https:\/\/www.giurgiuveanul.ro\/stiri\/wp-content\/uploads\/2023\/10\/000-cod-galben-537x450.jpg\" alt=\"\" width=\"575\" height=\"482\" srcset=\"https:\/\/www.giurgiuveanul.ro\/stiri\/wp-content\/uploads\/2023\/10\/000-cod-galben-537x450.jpg 537w, https:\/\/www.giurgiuveanul.ro\/stiri\/wp-content\/uploads\/2023\/10\/000-cod-galben-250x210.jpg 250w, https:\/\/www.giurgiuveanul.ro\/stiri\/wp-content\/uploads\/2023\/10\/000-cod-galben-768x644.jpg 768w, https:\/\/www.giurgiuveanul.ro\/stiri\/wp-content\/uploads\/2023\/10\/000-cod-galben-400x335.jpg 400w, https:\/\/www.giurgiuveanul.ro\/stiri\/wp-content\/uploads\/2023\/10\/000-cod-galben.jpg 940w\" sizes=\"auto, (max-width: 575px) 100vw, 575px\" \/><\/a>P\u00e2n\u0103 la ora 23:00, jude\u021bul Giurgiu<!--more--> se va afla sub o aten\u021bionare meteorologic\u0103 tip Cod Galben de intensific\u0103ri ale v\u00e2ntului, cu viteze de 55-65 km\/h, \u0219i local peste 70-80 km\/h, potrivit ISU Giurgiu.<\/strong><\/p>\n<p style=\"text-align: justify;\">Pentru a preveni situa\u021biile de urgen\u021b\u0103, recomand\u0103m cet\u0103\u021benilor respectarea urm\u0103toarelor m\u0103suri:<\/p>\n<p style=\"text-align: justify;\">\u2714\ufe0f fi\u021bi pruden\u021bi atunci c\u00e2nd v\u0103 afla\u021bi pe strad\u0103 \u0219i evita\u021bi deplasarea \u00een zone cu panouri publicitare, copaci sau st\u00e2lpi de electricitate care ar putea fi dobor\u00e2\u021bi;<\/p>\n<p style=\"text-align: justify;\">\u2714\ufe0f nu trece\u021bi prin dreptul cl\u0103dirilor aflate \u00een construc\u021bie sau care prezint\u0103 elemente arhitectonice ce pot fi smulse de v\u00e2nt \u0219i nu v\u0103 ad\u0103posti\u021bi aproape de construc\u021bii improvizate;<\/p>\n<p style=\"text-align: justify;\">\u2714\ufe0f parca\u021bi autoturismele la distan\u021b\u0103 sigur\u0103 fa\u021b\u0103 de copaci sau st\u00e2lpi de electricitate;<\/p>\n<p style=\"text-align: justify;\">\u2714\ufe0f \u00eendep\u0103rta\u021bi copacii sau ramurile uscate care, pe timpul unei furtuni, ar putea c\u0103dea \u015fi provoca victime sau pagube materiale;<\/p>\n<p style=\"text-align: justify;\">\u2714\ufe0f nu atinge\u021bi firele c\u0103zute la p\u0103m\u00e2nt.<\/p>\n<p style=\"text-align: justify;\">Reamintim faptul c\u0103, \u00een condi\u021bii de v\u00e2nt puternic, folosirea focului deschis \u00een gospod\u0103rii este foarte periculoas\u0103, fiind interzis\u0103. V\u00e2ntul poate propaga focul, \u00eentr-un timp foarte scurt, la locuin\u021be, anexe gospod\u0103re\u0219ti, p\u0103duri, re\u021bele de electricitate etc.<\/p>\n","protected":false},"excerpt":{"rendered":"<p>P\u00e2n\u0103 la ora 23:00, jude\u021bul Giurgiu<\/p>\n","protected":false},"author":1,"featured_media":0,"comment_status":"open","ping_status":"open","sticky":false,"template":"","format":"standard","meta":{"footnotes":""},"categories":[6],"tags":[],"class_list":["post-100543","post","type-post","status-publish","format-standard","hentry","category-breaking-news"],"_links":{"self":[{"href":"https:\/\/www.giurgiuveanul.ro\/stiri\/wp-json\/wp\/v2\/posts\/100543","targetHints":{"allow":["GET"]}}],"collection":[{"href":"https:\/\/www.giurgiuveanul.ro\/stiri\/wp-json\/wp\/v2\/posts"}],"about":[{"href":"https:\/\/www.giurgiuveanul.ro\/stiri\/wp-json\/wp\/v2\/types\/post"}],"author":[{"embeddable":true,"href":"https:\/\/www.giurgiuveanul.ro\/stiri\/wp-json\/wp\/v2\/users\/1"}],"replies":[{"embeddable":true,"href":"https:\/\/www.giurgiuveanul.ro\/stiri\/wp-json\/wp\/v2\/comments?post=100543"}],"version-history":[{"count":0,"href":"https:\/\/www.giurgiuveanul.ro\/stiri\/wp-json\/wp\/v2\/posts\/100543\/revisions"}],"wp:attachment":[{"href":"https:\/\/www.giurgiuveanul.ro\/stiri\/wp-json\/wp\/v2\/media?parent=100543"}],"wp:term":[{"taxonomy":"category","embeddable":true,"href":"https:\/\/www.giurgiuveanul.ro\/stiri\/wp-json\/wp\/v2\/categories?post=100543"},{"taxonomy":"post_tag","embeddable":true,"href":"https:\/\/www.giurgiuveanul.ro\/stiri\/wp-json\/wp\/v2\/tags?post=100543"}],"curies":[{"name":"wp","href":"https:\/\/api.w.org\/{rel}","templated":true}]}}