{"id":100554,"date":"2023-10-09T11:37:29","date_gmt":"2023-10-09T08:37:29","guid":{"rendered":"https:\/\/www.giurgiuveanul.ro\/stiri\/?p=100554"},"modified":"2023-10-09T11:44:36","modified_gmt":"2023-10-09T08:44:36","slug":"aproape-60-dintre-giurgiuveni-sunt-restantieri-la-plata-impozitului-pe-cladiri","status":"publish","type":"post","link":"https:\/\/www.giurgiuveanul.ro\/stiri\/aproape-60-dintre-giurgiuveni-sunt-restantieri-la-plata-impozitului-pe-cladiri\/","title":{"rendered":"Aproape 60% dintre giurgiuveni sunt restan\u021bieri la plata impozitului pe cl\u0103diri"},"content":{"rendered":"<p style=\"text-align: justify;\"><strong><a href=\"https:\/\/www.giurgiuveanul.ro\/stiri\/wp-content\/uploads\/2023\/10\/Tintea-2.jpg\"><img loading=\"lazy\" decoding=\"async\" class=\"aligncenter wp-image-100557\" src=\"https:\/\/www.giurgiuveanul.ro\/stiri\/wp-content\/uploads\/2023\/10\/Tintea-2-500x450.jpg\" alt=\"\" width=\"563\" height=\"507\" srcset=\"https:\/\/www.giurgiuveanul.ro\/stiri\/wp-content\/uploads\/2023\/10\/Tintea-2-500x450.jpg 500w, https:\/\/www.giurgiuveanul.ro\/stiri\/wp-content\/uploads\/2023\/10\/Tintea-2-250x225.jpg 250w, https:\/\/www.giurgiuveanul.ro\/stiri\/wp-content\/uploads\/2023\/10\/Tintea-2-768x691.jpg 768w, https:\/\/www.giurgiuveanul.ro\/stiri\/wp-content\/uploads\/2023\/10\/Tintea-2-400x360.jpg 400w, https:\/\/www.giurgiuveanul.ro\/stiri\/wp-content\/uploads\/2023\/10\/Tintea-2.jpg 800w\" sizes=\"auto, (max-width: 563px) 100vw, 563px\" \/><\/a>30 septembrie<!--more--> a fost ultimul termen pentru plata impozitelor \u0219i taxelor locale pentru cei care au optat s\u0103 pl\u0103teasc\u0103 aceste d\u0103ri \u00een dou\u0103 tran\u0219e egale; Dup\u0103 aceast\u0103 dat\u0103, cei care nu pl\u0103tesc sunt considera\u021bi restan\u021bieri, iar fiscul este obligat \u2013 conform legii &#8211; s\u0103 procedeze la executarea lor silit\u0103.<\/strong><\/p>\n<p style=\"text-align: justify;\">La Giurgiu, dac\u0103 firmele au g\u0103sit modalit\u0103\u021bi de conformare \u2013 circa 86% dintre acestea \u0219i-au achitat integral obliga\u021biile c\u0103tre bugetul local, o situa\u021bie mai trist\u0103 o reprezint\u0103 persoanele fizice care au propriet\u0103\u021bi imobiliare \u00een Municipiul Giurgiu; Doar 39% din dintre giurgiuveni \u0219i-au achitat integral impozitul pe cl\u0103diri \u00een primele 9 luni ale anului.<\/p>\n<p style=\"text-align: justify;\"><em>\u201dDe la persoanele fizice am \u00eencasat p\u00e2n\u0103 acum circa 4 milioane de lei, dar mai avem de recuperat circa 6,3 milioane lei restan\u021be, at\u00e2t de anul acesta c\u00e2t \u0219i de anul trecut; Mai exact p\u00e2n\u0103 la aceast\u0103 or\u0103 au pl\u0103tit fix 20.008 giurgiuveni, iar pentru un num\u0103r de 26.239 am \u00eenceput sau vom demara formele de executare silit\u0103 \u2013 popriri sau valorific\u0103 de bunuri imobile.\u201d<\/em> a precizat directorul DITL Giurgiu, <strong>Lauren\u021biu \u021aintea<\/strong>.<\/p>\n<p style=\"text-align: justify;\">O surpriz\u0103 pl\u0103cut\u0103 vine din zona mediului de afaceri care a virat deja la bugetul local numai pu\u021bin de 7,8 milioane lei, restan\u021bele fiind mult mai mici, doar \u00een jurul a 1,3 milioane lei.<\/p>\n<p style=\"text-align: justify;\"><em>\u201d\u00cen afar\u0103 de aceast\u0103 campanie de somare \u0219i\/sau executare silit\u0103 a restan\u021bierilor, am demarat deja o verificare a declara\u021biilor privind Taxa de Habitat, mai exact a num\u0103rului celor care locuiesc \u00een imobilele din Municipiului Giurgiu! Ne-a atras aten\u021bia num\u0103rul foarte mare de imobile declarate nelocuite de circa 3.737 imobile, practic cea mai mare valoare de c\u00e2nd gestion\u0103m \u00eencasarea Taxei de Habitat. E drept c\u0103 sunt multe imobile nelocuite \u00een Municipiul Giurgiu, dar \u00een urma verific\u0103rilor am descoperit declara\u021bii neconforme cu realitatea \u2013 de\u0219i le-au declarat imobile nelocuite am descoperit c\u0103 \u00een acestea \u00ee\u0219i aveau domiciliu un num\u0103r mare de persoane 6, 7 sau chiar 9 persoane \u00eentr-un singur imobil! \u0218i \u00een acest caz legea ne oblig\u0103 s\u0103 actualiz\u0103m informa\u021biile cu num\u0103rul exact \u0219i cu data de la care figureaz\u0103 cu domiciliul acolo!\u201d<\/em>\u00a0 &#8211; a mai men\u021bionat directorul DITL Giurgiu.<\/p>\n<p style=\"text-align: justify;\">Reamintim tuturor c\u0103 potrivit Codului de Procedur\u0103 Fiscal\u0103 contribuabilii au obliga\u021bia de a informa organul fiscal cu privire la orice modificare survenit\u0103 asupra datelor personale sau asupra patrimoniului lor \u00een maxim 30 zile!<\/p>\n","protected":false},"excerpt":{"rendered":"<p>30 septembrie<\/p>\n","protected":false},"author":1,"featured_media":0,"comment_status":"open","ping_status":"open","sticky":false,"template":"","format":"standard","meta":{"footnotes":""},"categories":[6],"tags":[],"class_list":["post-100554","post","type-post","status-publish","format-standard","hentry","category-breaking-news"],"_links":{"self":[{"href":"https:\/\/www.giurgiuveanul.ro\/stiri\/wp-json\/wp\/v2\/posts\/100554","targetHints":{"allow":["GET"]}}],"collection":[{"href":"https:\/\/www.giurgiuveanul.ro\/stiri\/wp-json\/wp\/v2\/posts"}],"about":[{"href":"https:\/\/www.giurgiuveanul.ro\/stiri\/wp-json\/wp\/v2\/types\/post"}],"author":[{"embeddable":true,"href":"https:\/\/www.giurgiuveanul.ro\/stiri\/wp-json\/wp\/v2\/users\/1"}],"replies":[{"embeddable":true,"href":"https:\/\/www.giurgiuveanul.ro\/stiri\/wp-json\/wp\/v2\/comments?post=100554"}],"version-history":[{"count":0,"href":"https:\/\/www.giurgiuveanul.ro\/stiri\/wp-json\/wp\/v2\/posts\/100554\/revisions"}],"wp:attachment":[{"href":"https:\/\/www.giurgiuveanul.ro\/stiri\/wp-json\/wp\/v2\/media?parent=100554"}],"wp:term":[{"taxonomy":"category","embeddable":true,"href":"https:\/\/www.giurgiuveanul.ro\/stiri\/wp-json\/wp\/v2\/categories?post=100554"},{"taxonomy":"post_tag","embeddable":true,"href":"https:\/\/www.giurgiuveanul.ro\/stiri\/wp-json\/wp\/v2\/tags?post=100554"}],"curies":[{"name":"wp","href":"https:\/\/api.w.org\/{rel}","templated":true}]}}