{"id":100561,"date":"2023-10-09T16:17:05","date_gmt":"2023-10-09T13:17:05","guid":{"rendered":"https:\/\/www.giurgiuveanul.ro\/stiri\/?p=100561"},"modified":"2023-10-09T16:20:15","modified_gmt":"2023-10-09T13:20:15","slug":"expozitia-mostenirea-culturala-a-epocii-brancovenesti-marturii-si-creatii-la-muzeul-judetean-teohari-antonescu-giurgiu","status":"publish","type":"post","link":"https:\/\/www.giurgiuveanul.ro\/stiri\/expozitia-mostenirea-culturala-a-epocii-brancovenesti-marturii-si-creatii-la-muzeul-judetean-teohari-antonescu-giurgiu\/","title":{"rendered":"Expozi\u021bia \u201eMo\u0219tenirea Cultural\u0103 a Epocii Br\u00e2ncovene\u0219ti \u2013 m\u0103rturii \u0219i crea\u021bii\u201d&#8230;  la Muzeul Jude\u0163ean \u201eTeohari Antonescu\u201d Giurgiu"},"content":{"rendered":"<p style=\"text-align: justify;\"><a href=\"https:\/\/www.giurgiuveanul.ro\/stiri\/wp-content\/uploads\/2023\/10\/thumbnail-9.jpeg\"><img loading=\"lazy\" decoding=\"async\" class=\"aligncenter wp-image-100562\" src=\"https:\/\/www.giurgiuveanul.ro\/stiri\/wp-content\/uploads\/2023\/10\/thumbnail-9-319x450.jpeg\" alt=\"\" width=\"554\" height=\"782\" srcset=\"https:\/\/www.giurgiuveanul.ro\/stiri\/wp-content\/uploads\/2023\/10\/thumbnail-9-319x450.jpeg 319w, https:\/\/www.giurgiuveanul.ro\/stiri\/wp-content\/uploads\/2023\/10\/thumbnail-9-212x300.jpeg 212w, https:\/\/www.giurgiuveanul.ro\/stiri\/wp-content\/uploads\/2023\/10\/thumbnail-9-768x1084.jpeg 768w, https:\/\/www.giurgiuveanul.ro\/stiri\/wp-content\/uploads\/2023\/10\/thumbnail-9-400x565.jpeg 400w, https:\/\/www.giurgiuveanul.ro\/stiri\/wp-content\/uploads\/2023\/10\/thumbnail-9.jpeg 1080w\" sizes=\"auto, (max-width: 554px) 100vw, 554px\" \/><\/a>Giurgiuvenii sunt invita\u0163i la<!--more--> <strong>vernisajul expozi\u021biei<\/strong> <strong>\u201eMo\u0219tenirea Cultural\u0103 a Epocii Br\u00e2ncovene\u0219ti \u2013 m\u0103rturii \u0219i crea\u021bii\u201d<\/strong>, care va avea loc la sediul <strong>Muzeului Jude\u0163ean \u201eTeohari Antonescu\u201d, str. C.D.Gherea, nr, 3, \u00een data de 10 octombrie 2023, \u00eencep\u00e2nd cu ora 11,00.<\/strong><\/p>\n<p style=\"text-align: justify;\">Expozi\u021bia se \u00eenscrie \u00een <strong>colaborarea muzeului cu Asocia\u021bia DAR Development din Bucure\u0219ti<\/strong> \u0219i este realizat\u0103 \u00een cadrul unui <strong>proiect co-finan\u021bat de Administra\u021bia Fondului Cultural Na\u021bional la aria patrimoniu cultural material<\/strong>.<\/p>\n<p style=\"text-align: justify;\">Prin acest proiect cultural asocia\u021bia \u00ee\u0219i propune s\u0103 marcheze un reper cronologic semnificativ, cei 325 ani de la urcarea pe tron a lui Domnitorului Constantin Br\u00e2ncoveanu, printr-o expozi\u021bie \u00een care aduce \u00een prim plan ornamenta\u021bia documentelor realizate \u00een cancelaria domneasc\u0103 devenite surs\u0103 de inspira\u021bie pentru crea\u021bii contemporane.<\/p>\n<p style=\"text-align: justify;\">Principalul partener al proiectului \u00a0&#8211; Arhivele Na\u021bionale ale Rom\u00e2niei.<\/p>\n<p style=\"text-align: justify;\">Curatoarea expozi\u021biei, <strong>Alexandra Brutaru<\/strong>, a apelat la arti\u0219ti interesa\u021bi s\u0103 se lase inspira\u021bi de me\u0219te\u0219ugul slujba\u0219ilor cancelariei br\u00e2ncovene\u0219ti \u0219i s\u0103 transpun\u0103 crea\u021biile lor ornamentele din documente.<\/p>\n<p style=\"text-align: justify;\">Pe l\u00e2ng\u0103 reproduceri de documente de arhiv\u0103 expozi\u021bia reune\u0219te bijuterii contemporane realizate de t\u00e2n\u0103ra creatoare <strong>Corina Florina Cubici<\/strong>, lucr\u0103ri realizate \u00een tehnica picturii pe sticl\u0103 de c\u0103tre <strong>dr. Simona-Teodora Rosca \u2013 Neac\u0219u<\/strong> \u0219i alte crea\u021bii realizate \u00een tehnici din artelor decorative.<\/p>\n<p style=\"text-align: justify;\">C\u00e2teva reproduceri dup\u0103 lucr\u0103ri ale pictorului <strong>Mihail Gavril<\/strong> vor aminti, de asemenea, de arhitectonica monumentelor br\u00e2ncovene\u0219ti.<\/p>\n","protected":false},"excerpt":{"rendered":"<p>Giurgiuvenii sunt invita\u0163i la<\/p>\n","protected":false},"author":1,"featured_media":0,"comment_status":"open","ping_status":"open","sticky":false,"template":"","format":"standard","meta":{"footnotes":""},"categories":[6],"tags":[],"class_list":["post-100561","post","type-post","status-publish","format-standard","hentry","category-breaking-news"],"_links":{"self":[{"href":"https:\/\/www.giurgiuveanul.ro\/stiri\/wp-json\/wp\/v2\/posts\/100561","targetHints":{"allow":["GET"]}}],"collection":[{"href":"https:\/\/www.giurgiuveanul.ro\/stiri\/wp-json\/wp\/v2\/posts"}],"about":[{"href":"https:\/\/www.giurgiuveanul.ro\/stiri\/wp-json\/wp\/v2\/types\/post"}],"author":[{"embeddable":true,"href":"https:\/\/www.giurgiuveanul.ro\/stiri\/wp-json\/wp\/v2\/users\/1"}],"replies":[{"embeddable":true,"href":"https:\/\/www.giurgiuveanul.ro\/stiri\/wp-json\/wp\/v2\/comments?post=100561"}],"version-history":[{"count":0,"href":"https:\/\/www.giurgiuveanul.ro\/stiri\/wp-json\/wp\/v2\/posts\/100561\/revisions"}],"wp:attachment":[{"href":"https:\/\/www.giurgiuveanul.ro\/stiri\/wp-json\/wp\/v2\/media?parent=100561"}],"wp:term":[{"taxonomy":"category","embeddable":true,"href":"https:\/\/www.giurgiuveanul.ro\/stiri\/wp-json\/wp\/v2\/categories?post=100561"},{"taxonomy":"post_tag","embeddable":true,"href":"https:\/\/www.giurgiuveanul.ro\/stiri\/wp-json\/wp\/v2\/tags?post=100561"}],"curies":[{"name":"wp","href":"https:\/\/api.w.org\/{rel}","templated":true}]}}