{"id":100578,"date":"2023-10-09T18:25:25","date_gmt":"2023-10-09T15:25:25","guid":{"rendered":"https:\/\/www.giurgiuveanul.ro\/stiri\/?p=100578"},"modified":"2023-10-09T18:25:25","modified_gmt":"2023-10-09T15:25:25","slug":"in-aceasta-dupa-amiaza-incendiu-violent-intr-o-gospodarie-din-fratesti","status":"publish","type":"post","link":"https:\/\/www.giurgiuveanul.ro\/stiri\/in-aceasta-dupa-amiaza-incendiu-violent-intr-o-gospodarie-din-fratesti\/","title":{"rendered":"\u00cen aceast\u0103 dup\u0103-amiaz\u0103, incendiu violent \u00eentr-o gospod\u0103rie din Fr\u0103te\u015fti"},"content":{"rendered":"<p style=\"text-align: justify;\"><strong><a href=\"https:\/\/www.giurgiuveanul.ro\/stiri\/wp-content\/uploads\/2023\/10\/incendiu.jpeg\"><img loading=\"lazy\" decoding=\"async\" class=\"aligncenter  wp-image-100579\" src=\"https:\/\/www.giurgiuveanul.ro\/stiri\/wp-content\/uploads\/2023\/10\/incendiu-560x420.jpeg\" alt=\"\" width=\"576\" height=\"432\" srcset=\"https:\/\/www.giurgiuveanul.ro\/stiri\/wp-content\/uploads\/2023\/10\/incendiu-560x420.jpeg 560w, https:\/\/www.giurgiuveanul.ro\/stiri\/wp-content\/uploads\/2023\/10\/incendiu-250x188.jpeg 250w, https:\/\/www.giurgiuveanul.ro\/stiri\/wp-content\/uploads\/2023\/10\/incendiu-768x576.jpeg 768w, https:\/\/www.giurgiuveanul.ro\/stiri\/wp-content\/uploads\/2023\/10\/incendiu-1536x1152.jpeg 1536w, https:\/\/www.giurgiuveanul.ro\/stiri\/wp-content\/uploads\/2023\/10\/incendiu-400x300.jpeg 400w, https:\/\/www.giurgiuveanul.ro\/stiri\/wp-content\/uploads\/2023\/10\/incendiu.jpeg 1600w\" sizes=\"auto, (max-width: 576px) 100vw, 576px\" \/><\/a>Un incendiu violent a izbucnit, \u00een aceast\u0103 dup\u0103-amiaz\u0103,<!--more--> \u00eentr-o gospod\u0103rie din localitatea Fr\u0103testi, informeaz\u0103 ISU Giurgiu<\/strong><\/p>\n<p style=\"text-align: justify;\">\n<p style=\"text-align: justify;\">La caz s-au deplasat pompierii din cadrul Deta\u0219amentului Giurgiu, cu dou\u0103 autospeciale de stingere \u0219i o ambulan\u021b\u0103 SAJ.<\/p>\n<p style=\"text-align: justify;\">\n<p style=\"text-align: justify;\">C\u00e2nd au ajuns pompierii, casa ardea generalizat \u0219i exista pericolul ca fl\u0103c\u0103rile s\u0103 se extind\u0103 \u0219i la vecini. Din fericire, nu au fost persoane surprinse \u00een interior.<\/p>\n<p style=\"text-align: justify;\">\n<p style=\"text-align: justify;\">Un b\u0103rbat, \u00een v\u00e2rst\u0103 de 74 de ani, cu probleme de s\u0103n\u0103tate deja existente a fost preluat de un echipaj de ambulan\u021b\u0103 \u0219i transportat la spital.<\/p>\n<p style=\"text-align: justify;\">\n<p style=\"text-align: justify;\">Pompierii au scos dintr-o camer\u0103 o butelie care luase foc, evit\u00e2nd astfel producerea unei explozii.<\/p>\n<p style=\"text-align: justify;\">\n<p style=\"text-align: justify;\">Locuin\u021ba a ars \u00een totalitate, suprafa\u021ba afectat\u0103 fiind de aproximativ 60 mp.<\/p>\n<p style=\"text-align: justify;\">\n<p style=\"text-align: justify;\">Cel mai probabil incendiul a fost provocat de fumatul \u00een locuri nepermise sau neprotejate corespunz\u0103tor.<\/p>\n<p style=\"text-align: justify;\">\n<p style=\"text-align: justify;\">Respectarea unor reguli simple poate preveni producerea unui incendiu cauzat de fumat, iar pentru \u00eenl\u0103turarea acestui risc v\u0103 recomand\u0103m:<\/p>\n<p style=\"text-align: justify;\">\n<p style=\"text-align: justify;\">&#8211; nu arunca\u021bi mucurile de \u021bigar\u0103 pe jos, \u00een special \u00een apropierea locuin\u021bei, a magaziilor de lemne, a depozitelor de furaje sau a ad\u0103posturilor de animale;<\/p>\n<p style=\"text-align: justify;\">\n<p style=\"text-align: justify;\">&#8211; dac\u0103 fuma\u021bi \u00eentr-o \u00eenc\u0103pere, folosi\u021bi o scrumier\u0103 potrivit\u0103, grea, care s\u0103 nu se r\u0103stoarne u\u015for \u0219i s\u0103 fie confec\u0163ionat\u0103 dintr-un material ce nu ia foc. Pute\u021bi pune \u00een scrumier\u0103 pu\u0163in\u0103 ap\u0103, care va favoriza stingerea rapid\u0103 a resturilor de \u0163ig\u0103ri;<\/p>\n<p style=\"text-align: justify;\">\n<p style=\"text-align: justify;\">&#8211; dac\u0103 v\u0103 \u00eentinde\u021bi \u00een pat sau \u00een fotoliu pentru a v\u0103 odihni, nu aprinde\u0163i \u0163igara. Este foarte probabil s\u0103 a\u0163ipi\u0163i \u015fi s\u0103 da\u0163i foc la pat sau la fotoliu. Mucurile de \u0163igar\u0103 incandescente pot c\u0103dea pe covor sau pe orice alt material combustibil \u015fi astfel poate lua foc \u00eentreaga locuin\u0163\u0103;<\/p>\n<p style=\"text-align: justify;\">\n<p style=\"text-align: justify;\">&#8211; stinge\u021bi \u021bigara \u00een scrumier\u0103, niciodat\u0103 \u00een co\u015ful de gunoi \u015fi nu l\u0103sa\u0163i scrumul sau \u0163igara s\u0103 ard\u0103 \u00een scrumier\u0103.<\/p>\n","protected":false},"excerpt":{"rendered":"<p>Un incendiu violent a izbucnit, \u00een aceast\u0103 dup\u0103-amiaz\u0103,<\/p>\n","protected":false},"author":1,"featured_media":0,"comment_status":"open","ping_status":"open","sticky":false,"template":"","format":"standard","meta":{"footnotes":""},"categories":[1],"tags":[],"class_list":["post-100578","post","type-post","status-publish","format-standard","hentry","category-actualitate"],"_links":{"self":[{"href":"https:\/\/www.giurgiuveanul.ro\/stiri\/wp-json\/wp\/v2\/posts\/100578","targetHints":{"allow":["GET"]}}],"collection":[{"href":"https:\/\/www.giurgiuveanul.ro\/stiri\/wp-json\/wp\/v2\/posts"}],"about":[{"href":"https:\/\/www.giurgiuveanul.ro\/stiri\/wp-json\/wp\/v2\/types\/post"}],"author":[{"embeddable":true,"href":"https:\/\/www.giurgiuveanul.ro\/stiri\/wp-json\/wp\/v2\/users\/1"}],"replies":[{"embeddable":true,"href":"https:\/\/www.giurgiuveanul.ro\/stiri\/wp-json\/wp\/v2\/comments?post=100578"}],"version-history":[{"count":0,"href":"https:\/\/www.giurgiuveanul.ro\/stiri\/wp-json\/wp\/v2\/posts\/100578\/revisions"}],"wp:attachment":[{"href":"https:\/\/www.giurgiuveanul.ro\/stiri\/wp-json\/wp\/v2\/media?parent=100578"}],"wp:term":[{"taxonomy":"category","embeddable":true,"href":"https:\/\/www.giurgiuveanul.ro\/stiri\/wp-json\/wp\/v2\/categories?post=100578"},{"taxonomy":"post_tag","embeddable":true,"href":"https:\/\/www.giurgiuveanul.ro\/stiri\/wp-json\/wp\/v2\/tags?post=100578"}],"curies":[{"name":"wp","href":"https:\/\/api.w.org\/{rel}","templated":true}]}}