{"id":100581,"date":"2023-10-10T09:13:49","date_gmt":"2023-10-10T06:13:49","guid":{"rendered":"https:\/\/www.giurgiuveanul.ro\/stiri\/?p=100581"},"modified":"2023-10-10T09:13:49","modified_gmt":"2023-10-10T06:13:49","slug":"incendiu-in-aceasta-dimineata-nu-folositi-lichide-inflamabile-pentru-a-aprinde-focul-in-soba","status":"publish","type":"post","link":"https:\/\/www.giurgiuveanul.ro\/stiri\/incendiu-in-aceasta-dimineata-nu-folositi-lichide-inflamabile-pentru-a-aprinde-focul-in-soba\/","title":{"rendered":"Incendiu, \u00een aceast\u0103 diminea\u0163\u0103: Nu folosi\u021bi lichide inflamabile pentru a aprinde focul \u00een sob\u0103!"},"content":{"rendered":"<p style=\"text-align: justify;\"><a href=\"https:\/\/www.giurgiuveanul.ro\/stiri\/wp-content\/uploads\/2023\/10\/000-thumbnail-10.jpeg\"><img loading=\"lazy\" decoding=\"async\" class=\"aligncenter  wp-image-100582\" src=\"https:\/\/www.giurgiuveanul.ro\/stiri\/wp-content\/uploads\/2023\/10\/000-thumbnail-10-560x398.jpeg\" alt=\"\" width=\"570\" height=\"405\" srcset=\"https:\/\/www.giurgiuveanul.ro\/stiri\/wp-content\/uploads\/2023\/10\/000-thumbnail-10-560x398.jpeg 560w, https:\/\/www.giurgiuveanul.ro\/stiri\/wp-content\/uploads\/2023\/10\/000-thumbnail-10-250x178.jpeg 250w, https:\/\/www.giurgiuveanul.ro\/stiri\/wp-content\/uploads\/2023\/10\/000-thumbnail-10-768x546.jpeg 768w, https:\/\/www.giurgiuveanul.ro\/stiri\/wp-content\/uploads\/2023\/10\/000-thumbnail-10-400x284.jpeg 400w, https:\/\/www.giurgiuveanul.ro\/stiri\/wp-content\/uploads\/2023\/10\/000-thumbnail-10.jpeg 1263w\" sizes=\"auto, (max-width: 570px) 100vw, 570px\" \/><\/a>Un incendiu violent a izbucnit, \u00een aceast\u0103 diminea\u021b\u0103, \u00eentr-o gospod\u0103rie din<!--more--> localitatea Budeni. Fl\u0103c\u0103rile s-au extins rapid \u0219i la doi dintre vecini. Un b\u0103rbat, \u00een v\u00e2rst\u0103 de 73 de ani, cu arsuri la nivelul fe\u021bei \u0219i al scalpului \u0219i o femeie de 74 de ani, cu atac de panic\u0103 au primit \u00eengrijiri medicale la fa\u021ba locului. Ulterior, ace\u0219tia au refuzat transportul la spital, potrivit ISU Giurgiu.<\/p>\n<p style=\"text-align: justify;\">Pompierii au constatat faptul c\u0103 incendiul se manifesta \u00eentr-o buc\u0103t\u0103rie \u0219i \u00een mai multe anexe, dar \u0219i la acoperi\u0219ul a dou\u0103 case \u0219i au ac\u021bionat astfel \u00eenc\u00e2t pagubele s\u0103 fie c\u00e2t mai mici.<\/p>\n<p style=\"text-align: justify;\">La primul proprietar, au ars buc\u0103t\u0103ria \u0219i mobilierul din interior, o sob\u0103 cu plit\u0103, electrocasnice, trei anexe \u00een care se aflau aproximativ 10 tone de lemne \u0219i produse agricole, dar \u0219i acoperi\u0219ul casei pe o suprafa\u021b\u0103 de aproximativ 70 mp.<\/p>\n<p style=\"text-align: justify;\">La cel de-al doilea proprietar a ars structura din lemn de la dou\u0103 anexe, iar la cel de-al treilea au ars grinzile de la acoperi\u0219, pe o suprafa\u021b\u0103 de circa 10 mp \u0219i o anex\u0103.<\/p>\n<p style=\"text-align: justify;\">Cel mai probabil incendiul a izbucnit dup\u0103 ce proprietarul primei locuin\u021be a aprins focul \u00een plit\u0103 folosind lichide inflamabile.<\/p>\n<p style=\"text-align: justify;\">La caz s-au deplasat pompierii din cadrul Sta\u021biei Coliba\u0219i, Deta\u0219amentului Giurgiu \u0219i Punctului de Lucru C\u0103lug\u0103reni, cu trei autospeciale de stingere, o ambulan\u021b\u0103 SMURD, o autospecial\u0103 de prim\u0103 interven\u021bie \u0219i comand\u0103, precum \u0219i Serviciul Voluntar pentru Situa\u021bii de Urgen\u021b\u0103 Comana, cu dou\u0103 cisterne care au alimentat autospecialele de pompieri.<\/p>\n<p style=\"text-align: justify;\">Reamintim faptul c\u0103 benzina, gazul sau alte lichide inflamabile nu trebuie folosite niciodat\u0103 pentru aprinderea focului \u00een sobe sau plite deoarece acestea sunt foarte periculoase \u0219i pot produce incendii violente.<\/p>\n<p style=\"text-align: justify;\">Informa\u021bii despre modul de comportare \u00een cazul producerii unor situa\u021bii de urgen\u021b\u0103 pot fi ob\u021binute prin accesarea platformei na\u021bionale de preg\u0103tire \u00een situa\u021bii de urgen\u021b\u0103 https:\/\/fiipregatit.ro.<\/p>\n<p style=\"text-align: justify;\">\n<p style=\"text-align: center;\"><em><strong>Compartimentul Informare \u0219i Rela\u021bii Publice<\/strong><\/em><\/p>\n","protected":false},"excerpt":{"rendered":"<p>Un incendiu violent a izbucnit, \u00een aceast\u0103 diminea\u021b\u0103, \u00eentr-o gospod\u0103rie din<\/p>\n","protected":false},"author":1,"featured_media":0,"comment_status":"open","ping_status":"open","sticky":false,"template":"","format":"standard","meta":{"footnotes":""},"categories":[6],"tags":[],"class_list":["post-100581","post","type-post","status-publish","format-standard","hentry","category-breaking-news"],"_links":{"self":[{"href":"https:\/\/www.giurgiuveanul.ro\/stiri\/wp-json\/wp\/v2\/posts\/100581","targetHints":{"allow":["GET"]}}],"collection":[{"href":"https:\/\/www.giurgiuveanul.ro\/stiri\/wp-json\/wp\/v2\/posts"}],"about":[{"href":"https:\/\/www.giurgiuveanul.ro\/stiri\/wp-json\/wp\/v2\/types\/post"}],"author":[{"embeddable":true,"href":"https:\/\/www.giurgiuveanul.ro\/stiri\/wp-json\/wp\/v2\/users\/1"}],"replies":[{"embeddable":true,"href":"https:\/\/www.giurgiuveanul.ro\/stiri\/wp-json\/wp\/v2\/comments?post=100581"}],"version-history":[{"count":0,"href":"https:\/\/www.giurgiuveanul.ro\/stiri\/wp-json\/wp\/v2\/posts\/100581\/revisions"}],"wp:attachment":[{"href":"https:\/\/www.giurgiuveanul.ro\/stiri\/wp-json\/wp\/v2\/media?parent=100581"}],"wp:term":[{"taxonomy":"category","embeddable":true,"href":"https:\/\/www.giurgiuveanul.ro\/stiri\/wp-json\/wp\/v2\/categories?post=100581"},{"taxonomy":"post_tag","embeddable":true,"href":"https:\/\/www.giurgiuveanul.ro\/stiri\/wp-json\/wp\/v2\/tags?post=100581"}],"curies":[{"name":"wp","href":"https:\/\/api.w.org\/{rel}","templated":true}]}}