{"id":100587,"date":"2023-10-10T11:49:09","date_gmt":"2023-10-10T08:49:09","guid":{"rendered":"https:\/\/www.giurgiuveanul.ro\/stiri\/?p=100587"},"modified":"2023-10-10T12:06:49","modified_gmt":"2023-10-10T09:06:49","slug":"acum-accident-rutier-pe-dn-5-foto-3","status":"publish","type":"post","link":"https:\/\/www.giurgiuveanul.ro\/stiri\/acum-accident-rutier-pe-dn-5-foto-3\/","title":{"rendered":"ACUM. ACCIDENT RUTIER pe DN 5 (FOTO)"},"content":{"rendered":"<p style=\"text-align: justify;\"><a href=\"https:\/\/www.giurgiuveanul.ro\/stiri\/wp-content\/uploads\/2023\/10\/380187266_1518129069006417_89244670013784532_n.jpg\"><img loading=\"lazy\" decoding=\"async\" class=\"aligncenter wp-image-100588\" src=\"https:\/\/www.giurgiuveanul.ro\/stiri\/wp-content\/uploads\/2023\/10\/380187266_1518129069006417_89244670013784532_n-560x397.jpg\" alt=\"\" width=\"573\" height=\"406\" srcset=\"https:\/\/www.giurgiuveanul.ro\/stiri\/wp-content\/uploads\/2023\/10\/380187266_1518129069006417_89244670013784532_n-560x397.jpg 560w, https:\/\/www.giurgiuveanul.ro\/stiri\/wp-content\/uploads\/2023\/10\/380187266_1518129069006417_89244670013784532_n-250x177.jpg 250w, https:\/\/www.giurgiuveanul.ro\/stiri\/wp-content\/uploads\/2023\/10\/380187266_1518129069006417_89244670013784532_n-768x544.jpg 768w, https:\/\/www.giurgiuveanul.ro\/stiri\/wp-content\/uploads\/2023\/10\/380187266_1518129069006417_89244670013784532_n-1536x1088.jpg 1536w, https:\/\/www.giurgiuveanul.ro\/stiri\/wp-content\/uploads\/2023\/10\/380187266_1518129069006417_89244670013784532_n-400x283.jpg 400w, https:\/\/www.giurgiuveanul.ro\/stiri\/wp-content\/uploads\/2023\/10\/380187266_1518129069006417_89244670013784532_n.jpg 2000w\" sizes=\"auto, (max-width: 573px) 100vw, 573px\" \/><\/a>\u00cen urm\u0103 cu pu\u0163in timp<!--more--> s-a produs un ACCIDENT RUTIER pe DN 5, Giurgiu-Bucure\u015fti, \u00eenainte de intrarea \u00een localitatea Uzunu, \u00een care, potrivit martorilor, au fost implicate trei autoturisme.<\/p>\n<p style=\"text-align: justify;\">La fa\u0163a locului intervin autospeciale de la Serviciul Jude\u0163ean de Ambulan\u0163\u0103 Giurgiu, fiind vorba de patru victime.<\/p>\n<p style=\"text-align: justify;\"><strong>Vom reveni cu am\u0103nunte.<\/strong><\/p>\n","protected":false},"excerpt":{"rendered":"<p>\u00cen urm\u0103 cu pu\u0163in timp<\/p>\n","protected":false},"author":1,"featured_media":0,"comment_status":"open","ping_status":"open","sticky":false,"template":"","format":"standard","meta":{"footnotes":""},"categories":[6],"tags":[],"class_list":["post-100587","post","type-post","status-publish","format-standard","hentry","category-breaking-news"],"_links":{"self":[{"href":"https:\/\/www.giurgiuveanul.ro\/stiri\/wp-json\/wp\/v2\/posts\/100587","targetHints":{"allow":["GET"]}}],"collection":[{"href":"https:\/\/www.giurgiuveanul.ro\/stiri\/wp-json\/wp\/v2\/posts"}],"about":[{"href":"https:\/\/www.giurgiuveanul.ro\/stiri\/wp-json\/wp\/v2\/types\/post"}],"author":[{"embeddable":true,"href":"https:\/\/www.giurgiuveanul.ro\/stiri\/wp-json\/wp\/v2\/users\/1"}],"replies":[{"embeddable":true,"href":"https:\/\/www.giurgiuveanul.ro\/stiri\/wp-json\/wp\/v2\/comments?post=100587"}],"version-history":[{"count":0,"href":"https:\/\/www.giurgiuveanul.ro\/stiri\/wp-json\/wp\/v2\/posts\/100587\/revisions"}],"wp:attachment":[{"href":"https:\/\/www.giurgiuveanul.ro\/stiri\/wp-json\/wp\/v2\/media?parent=100587"}],"wp:term":[{"taxonomy":"category","embeddable":true,"href":"https:\/\/www.giurgiuveanul.ro\/stiri\/wp-json\/wp\/v2\/categories?post=100587"},{"taxonomy":"post_tag","embeddable":true,"href":"https:\/\/www.giurgiuveanul.ro\/stiri\/wp-json\/wp\/v2\/tags?post=100587"}],"curies":[{"name":"wp","href":"https:\/\/api.w.org\/{rel}","templated":true}]}}